{"id":8195,"date":"2025-11-10T15:03:06","date_gmt":"2025-11-10T18:03:06","guid":{"rendered":"https:\/\/aguaslindasnoticias.com.br\/?p=8195"},"modified":"2025-11-13T15:06:19","modified_gmt":"2025-11-13T18:06:19","slug":"primeiro-dia-de-provas-do-enem-teve-27-de-abstencao","status":"publish","type":"post","link":"https:\/\/aguaslindasnoticias.com.br\/index.php\/2025\/11\/10\/primeiro-dia-de-provas-do-enem-teve-27-de-abstencao\/","title":{"rendered":"Primeiro dia de provas do Enem teve 27% de absten\u00e7\u00e3o"},"content":{"rendered":"\n<p>Gabarito ser\u00e1 divulgado na quinta-feira, dia 13.<\/p>\n\n\n\n<p><a href=\"https:\/\/audios.ebc.com.br\/dc\/dc15a212ddf0246d518265b22eec561f.mp3?download&amp;filename=10-11-25_-_renato_ribeiro_-_balanco_enem_ra_ms.mp3\"><\/a><a href=\"https:\/\/api.whatsapp.com\/send?text=Primeiro+dia+de+provas+do+Enem+teve+27%25+de+absten%C3%A7%C3%A3o+%7C+Radioag%C3%AAncia+%7C+Radioag%C3%AAncia+%7C+https%3A%2F%2Fagenciabrasil.ebc.com.br%2Fradioagencia-nacional%2Feducacao%2Faudio%2F2025-11%2Fprimeiro-dia-de-provas-do-enem-teve-27-de-abstencao\" target=\"_blank\" rel=\"noreferrer noopener\"><\/a><a href=\"https:\/\/facebook.com\/sharer.php?u=https%3A%2F%2Fagenciabrasil.ebc.com.br%2Fradioagencia-nacional%2Feducacao%2Faudio%2F2025-11%2Fprimeiro-dia-de-provas-do-enem-teve-27-de-abstencao&amp;t=Primeiro+dia+de+provas+do+Enem+teve+27%25+de+absten%C3%A7%C3%A3o+%7C+Radioag%C3%AAncia\" target=\"_blank\" rel=\"noreferrer noopener\"><\/a><a href=\"https:\/\/twitter.com\/intent\/tweet?url=https%3A%2F%2Fagenciabrasil.ebc.com.br%2Fradioagencia-nacional%2Feducacao%2Faudio%2F2025-11%2Fprimeiro-dia-de-provas-do-enem-teve-27-de-abstencao&amp;text=Primeiro+dia+de+provas+do+Enem+teve+27%25+de+absten%C3%A7%C3%A3o+%7C+Radioag%C3%AAncia\" target=\"_blank\" rel=\"noreferrer noopener\"><\/a><a href=\"https:\/\/www.linkedin.com\/shareArticle?url=https%3A%2F%2Fagenciabrasil.ebc.com.br%2Fradioagencia-nacional%2Feducacao%2Faudio%2F2025-11%2Fprimeiro-dia-de-provas-do-enem-teve-27-de-abstencao&amp;summary=Primeiro+dia+de+provas+do+Enem+teve+27%25+de+absten%C3%A7%C3%A3o+%7C+Radioag%C3%AAncia\" target=\"_blank\" rel=\"noreferrer noopener\"><\/a><\/p>\n\n\n\n<figure class=\"wp-block-image\"><img decoding=\"async\" src=\"https:\/\/imagens.ebc.com.br\/Mu3NLvM8KM4oQIjvX3r5Gf1BXSc=\/1170x700\/smart\/https:\/\/agenciabrasil.ebc.com.br\/sites\/default\/files\/thumbnails\/image\/2025\/11\/09\/1000371792.jpg?itok=wXyjIQ43\" alt=\"Rio de Janeiro (RJ), 09\/11\/2025 \u2013 Candidatos chegam para o primeiro dia de provas do Exame Nacional do Ensino M\u00e9dio (Enem), na Universidade Santa \u00darsula, em Botafogo. Foto: Fernando Fraz\u00e3o\/Ag\u00eancia Brasil\" title=\"Fernando Fraz\u00e3o\/Ag\u00eancia Brasil\"\/><figcaption class=\"wp-element-caption\">\u00a9 Fernando Fraz\u00e3o\/Ag\u00eancia Brasil<\/figcaption><\/figure>\n\n\n\n<p>Cerca de 3,5 milh\u00f5es&nbsp;de candidatos fizeram o primeiro dia de prova do Enem 2025 nesse domingo (9). O n\u00famero representa 73% dos inscritos. Ap\u00f3s a prova, o Ministro da Educa\u00e7\u00e3o, Camilo Santana, divulgou um balan\u00e7o preliminar e destacou a absten\u00e7\u00e3o, que chegou a 27%.<img decoding=\"async\" src=\"https:\/\/agenciabrasil.ebc.com.br\/ebc.png?id=1666867&amp;o=node\"><img decoding=\"async\" src=\"https:\/\/agenciabrasil.ebc.com.br\/ebc.gif?id=1666867&amp;o=node\"><\/p>\n\n\n\n<p><em>&#8220;A absten\u00e7\u00e3o foi est\u00e1vel, foi praticamente o mesmo do ano passado, claro que s\u00e3o dados preliminares ainda. E&nbsp;tem sido um percentual praticamente hist\u00f3rico&nbsp;na aplica\u00e7\u00e3o do Enem. Ent\u00e3o, apenas caiu do 23 para 24, caiu 1%, e praticamente permaneceu 27% esse ano. Isso na s\u00e9rie hist\u00f3rica, mas \u00e9 mais ou menos esse percentual um pouco, que varia entre 27 a 30% o percentual de absten\u00e7\u00e3o&#8221;.<\/em><\/p>\n\n\n\n<p>Os participantes resolveram quest\u00f5es de Linguagens e Ci\u00eancias Humanas, al\u00e9m da Reda\u00e7\u00e3o, com o tema: &#8220;Perspectivas acerca do envelhecimento na sociedade brasileira&#8221;.<\/p>\n\n\n\n<p>Para a professora de reda\u00e7\u00e3o, B\u00e1rbara Soares, o tema n\u00e3o foi uma surpresa.<\/p>\n\n\n\n<p><em>&#8220;De novo, o Enem traz um tema que \u00e9 bastante relevante, desde 2023, \u00e9, a gente tem visto&nbsp;uma preocupa\u00e7\u00e3o muito grande em rela\u00e7\u00e3o ao envelhecimento da popula\u00e7\u00e3o.&nbsp;Hoje em dia, n\u00f3s temos o Brasil de mais idosos&nbsp;do que jovens&#8221;.<\/em><\/p>\n\n\n\n<p>O gabarito ser\u00e1 divulgado na quinta-feira, dia 13.<\/p>\n\n\n\n<p>O segundo dia do Enem&nbsp;acontece no pr\u00f3ximo domingo, com as provas de Ci\u00eancias da Natureza e Matem\u00e1tica.<\/p>\n\n\n\n<p>Para os estudantes de cidades afetadas por desastres naturais, como Rio Bonito do Igua\u00e7u, no Paran\u00e1, que foi atingida por um tornado, a reaplica\u00e7\u00e3o acontece em 16 e 17 de dezembro.<\/p>\n\n\n\n<p>Em Bel\u00e9m, Ananindeua e Marituba, no Par\u00e1, o Enem&nbsp;ser\u00e1 aplicado nos dias 30 de novembro e 7 de dezembro, por causa da realiza\u00e7\u00e3o da COP30, a Confer\u00eancia das Na\u00e7\u00f5es Unidas sobre Mudan\u00e7as Clim\u00e1ticas.<\/p>\n","protected":false},"excerpt":{"rendered":"<p>Gabarito ser\u00e1 divulgado na quinta-feira, dia 13. Cerca de 3,5 milh\u00f5es&nbsp;de candidatos fizeram o primeiro dia de prova do Enem 2025 nesse domingo (9). O n\u00famero representa 73% dos inscritos. Ap\u00f3s a prova, o Ministro da Educa\u00e7\u00e3o, Camilo Santana, divulgou um balan\u00e7o preliminar e destacou a absten\u00e7\u00e3o, que chegou a 27%. &#8220;A absten\u00e7\u00e3o foi est\u00e1vel, [&hellip;]<\/p>\n","protected":false},"author":1,"featured_media":8193,"comment_status":"open","ping_status":"open","sticky":false,"template":"","format":"standard","meta":{"footnotes":""},"categories":[50],"tags":[],"class_list":["post-8195","post","type-post","status-publish","format-standard","has-post-thumbnail","hentry","category-educacao"],"_links":{"self":[{"href":"https:\/\/aguaslindasnoticias.com.br\/index.php\/wp-json\/wp\/v2\/posts\/8195","targetHints":{"allow":["GET"]}}],"collection":[{"href":"https:\/\/aguaslindasnoticias.com.br\/index.php\/wp-json\/wp\/v2\/posts"}],"about":[{"href":"https:\/\/aguaslindasnoticias.com.br\/index.php\/wp-json\/wp\/v2\/types\/post"}],"author":[{"embeddable":true,"href":"https:\/\/aguaslindasnoticias.com.br\/index.php\/wp-json\/wp\/v2\/users\/1"}],"replies":[{"embeddable":true,"href":"https:\/\/aguaslindasnoticias.com.br\/index.php\/wp-json\/wp\/v2\/comments?post=8195"}],"version-history":[{"count":1,"href":"https:\/\/aguaslindasnoticias.com.br\/index.php\/wp-json\/wp\/v2\/posts\/8195\/revisions"}],"predecessor-version":[{"id":8196,"href":"https:\/\/aguaslindasnoticias.com.br\/index.php\/wp-json\/wp\/v2\/posts\/8195\/revisions\/8196"}],"wp:featuredmedia":[{"embeddable":true,"href":"https:\/\/aguaslindasnoticias.com.br\/index.php\/wp-json\/wp\/v2\/media\/8193"}],"wp:attachment":[{"href":"https:\/\/aguaslindasnoticias.com.br\/index.php\/wp-json\/wp\/v2\/media?parent=8195"}],"wp:term":[{"taxonomy":"category","embeddable":true,"href":"https:\/\/aguaslindasnoticias.com.br\/index.php\/wp-json\/wp\/v2\/categories?post=8195"},{"taxonomy":"post_tag","embeddable":true,"href":"https:\/\/aguaslindasnoticias.com.br\/index.php\/wp-json\/wp\/v2\/tags?post=8195"}],"curies":[{"name":"wp","href":"https:\/\/api.w.org\/{rel}","templated":true}]}}