{"id":8188,"date":"2025-11-09T14:55:33","date_gmt":"2025-11-09T17:55:33","guid":{"rendered":"https:\/\/aguaslindasnoticias.com.br\/?p=8188"},"modified":"2025-11-13T14:57:02","modified_gmt":"2025-11-13T17:57:02","slug":"novembro-roxo-reforca-cuidados-e-prevencao-a-prematuridade-em-goias","status":"publish","type":"post","link":"https:\/\/aguaslindasnoticias.com.br\/index.php\/2025\/11\/09\/novembro-roxo-reforca-cuidados-e-prevencao-a-prematuridade-em-goias\/","title":{"rendered":"Novembro Roxo refor\u00e7a cuidados e preven\u00e7\u00e3o \u00e0 prematuridade em Goi\u00e1s"},"content":{"rendered":"\n<p>Campanha destaca import\u00e2ncia do pr\u00e9-natal<a href=\"https:\/\/www.aredacao.com.br\/noticias\/243594\/novembro-roxo-reforca-cuidados-e-prevencao-a-prematuridade-em-goias#\"><\/a>\u00a0<\/p>\n\n\n\n<figure class=\"wp-block-image\"><img decoding=\"async\" src=\"https:\/\/files.aredacao.com.br\/upload\/content\/novembro-roxo-reforca-cuidados-e-prevencao-a-prematuridade-em-goias.jpg\" alt=\"Novembro Roxo refor\u00e7a cuidados e preven\u00e7\u00e3o \u00e0 prematuridade em Goi\u00e1s\" title=\"Novembro Roxo refor\u00e7a cuidados e preven\u00e7\u00e3o \u00e0 prematuridade em Goi\u00e1s\"\/><\/figure>\n\n\n\n<p>Dia D da mobiliza\u00e7\u00e3o ser\u00e1 em 17 de novembro (Foto: SES)<\/p>\n\n\n\n<p><\/p>\n\n\n\n<p>A\u00a0Secretaria de Estado da Sa\u00fade de Goi\u00e1s (SES), realiza durante todo o m\u00eas a campanha Novembro Roxo, com refor\u00e7o das a\u00e7\u00f5es de preven\u00e7\u00e3o e cuidado aos beb\u00eas prematuros. O Dia D da mobiliza\u00e7\u00e3o ser\u00e1 em 17 de novembro, quando \u00e9 celebrado o Dia Mundial da Prematuridade, marco internacional de conscientiza\u00e7\u00e3o sobre o tema.<\/p>\n\n\n\n<p>No Brasil, aproximadamente 11% dos beb\u00eas nascem prematuros, e Goi\u00e1s que registra uma m\u00e9dia de 92 nascimentos por ano, acompanha essa mesma propor\u00e7\u00e3o. O nascimento antes das 37 semanas de gesta\u00e7\u00e3o pode trazer riscos importantes \u00e0 sa\u00fade do rec\u00e9m-nascido, que ainda est\u00e1 em pleno desenvolvimento. \u201cCada dia que conseguimos manter o beb\u00ea no \u00fatero conta para seu futuro. Prevenir a prematuridade \u00e9 garantir a chance de um come\u00e7o mais seguro e saud\u00e1vel \u00e0 vida\u201d, destaca a coordenadora de Leitos Materno Infantil da SES, Anna Cec\u00edlia Rodrigues.<\/p>\n\n\n\n<p>Goi\u00e1s possui unidades preparadas para oferecer assist\u00eancia especializada aos rec\u00e9m-nascidos prematuros: o Hospital Estadual da Mulher (Hemu), o Hospital Estadual do Centro-Norte (HCN) e o Hospital Estadual de Luzi\u00e2nia (Heal) contam com Unidades de Terapia Intensiva Neonatal (Utin), estrutura essencial para o cuidado de beb\u00eas que necessitam de suporte avan\u00e7ado \u00e0 vida. J\u00e1 o Hospital Estadual e Maternidade Nossa Senhora de Lourdes (Hemnsl) disp\u00f5e de Unidades de Cuidados Intermedi\u00e1rios Neonatais (Ucin), destinadas ao acompanhamento e estabiliza\u00e7\u00e3o de prematuros que ainda demandam aten\u00e7\u00e3o cont\u00ednua, por\u00e9m com menor complexidade.&nbsp;<\/p>\n\n\n\n<p>Para ampliar o servi\u00e7o de cuidado com esses pacientes, algumas unidades aproveitam a campanha para refor\u00e7ar as orienta\u00e7\u00f5es \u00e0s fam\u00edlias \u2013 tanto com os pais que j\u00e1 receberam alta quanto para aqueles que est\u00e3o com beb\u00eas internados. O Hemu programou uma roda de conversa no dia no dia 17 de novembro, com orienta\u00e7\u00f5es sobre cuidados com o beb\u00ea prematuro. J\u00e1 na regi\u00e3o do Entorno de Bras\u00edlia, o Heal vai realizar nos dias 11 e 12 de novembro, um curso de sensibiliza\u00e7\u00e3o do m\u00e9todo canguru com os colaboradores da unidade.&nbsp;<\/p>\n\n\n\n<p><strong>Riscos da prematuridade<\/strong><\/p>\n\n\n\n<p>A prematuridade pode resultar em dificuldades respirat\u00f3rias, maior vulnerabilidade a infec\u00e7\u00f5es e poss\u00edveis complica\u00e7\u00f5es neurol\u00f3gicas, exigindo com frequ\u00eancia interna\u00e7\u00e3o em UTIs neonatais. Al\u00e9m da estabiliza\u00e7\u00e3o cl\u00ednica, o cuidado ap\u00f3s a alta hospitalar tamb\u00e9m \u00e9 fundamental, por meio do acompanhamento multiprofissional, para assegurar o desenvolvimento pleno de cada crian\u00e7a.<\/p>\n\n\n\n<p>Entre os fatores de risco associados ao parto prematuro est\u00e3o infec\u00e7\u00f5es maternas, hipertens\u00e3o, diabetes, gesta\u00e7\u00e3o m\u00faltipla, intervalo curto entre gesta\u00e7\u00f5es, malforma\u00e7\u00f5es fetais, al\u00e9m de tabagismo, \u00e1lcool, uso de drogas e estresse. Mesmo que nem todos os casos possam ser evitados, muitas situa\u00e7\u00f5es podem ser prevenidas com pr\u00e9-natal regular, monitoramento de doen\u00e7as e cuidado integral com a sa\u00fade f\u00edsica e emocional da gestante.&nbsp;<\/p>\n","protected":false},"excerpt":{"rendered":"<p>Campanha destaca import\u00e2ncia do pr\u00e9-natal\u00a0 Dia D da mobiliza\u00e7\u00e3o ser\u00e1 em 17 de novembro (Foto: SES) A\u00a0Secretaria de Estado da Sa\u00fade de Goi\u00e1s (SES), realiza durante todo o m\u00eas a campanha Novembro Roxo, com refor\u00e7o das a\u00e7\u00f5es de preven\u00e7\u00e3o e cuidado aos beb\u00eas prematuros. O Dia D da mobiliza\u00e7\u00e3o ser\u00e1 em 17 de novembro, quando [&hellip;]<\/p>\n","protected":false},"author":1,"featured_media":8189,"comment_status":"open","ping_status":"open","sticky":false,"template":"","format":"standard","meta":{"footnotes":""},"categories":[43],"tags":[],"class_list":["post-8188","post","type-post","status-publish","format-standard","has-post-thumbnail","hentry","category-saude"],"_links":{"self":[{"href":"https:\/\/aguaslindasnoticias.com.br\/index.php\/wp-json\/wp\/v2\/posts\/8188","targetHints":{"allow":["GET"]}}],"collection":[{"href":"https:\/\/aguaslindasnoticias.com.br\/index.php\/wp-json\/wp\/v2\/posts"}],"about":[{"href":"https:\/\/aguaslindasnoticias.com.br\/index.php\/wp-json\/wp\/v2\/types\/post"}],"author":[{"embeddable":true,"href":"https:\/\/aguaslindasnoticias.com.br\/index.php\/wp-json\/wp\/v2\/users\/1"}],"replies":[{"embeddable":true,"href":"https:\/\/aguaslindasnoticias.com.br\/index.php\/wp-json\/wp\/v2\/comments?post=8188"}],"version-history":[{"count":1,"href":"https:\/\/aguaslindasnoticias.com.br\/index.php\/wp-json\/wp\/v2\/posts\/8188\/revisions"}],"predecessor-version":[{"id":8190,"href":"https:\/\/aguaslindasnoticias.com.br\/index.php\/wp-json\/wp\/v2\/posts\/8188\/revisions\/8190"}],"wp:featuredmedia":[{"embeddable":true,"href":"https:\/\/aguaslindasnoticias.com.br\/index.php\/wp-json\/wp\/v2\/media\/8189"}],"wp:attachment":[{"href":"https:\/\/aguaslindasnoticias.com.br\/index.php\/wp-json\/wp\/v2\/media?parent=8188"}],"wp:term":[{"taxonomy":"category","embeddable":true,"href":"https:\/\/aguaslindasnoticias.com.br\/index.php\/wp-json\/wp\/v2\/categories?post=8188"},{"taxonomy":"post_tag","embeddable":true,"href":"https:\/\/aguaslindasnoticias.com.br\/index.php\/wp-json\/wp\/v2\/tags?post=8188"}],"curies":[{"name":"wp","href":"https:\/\/api.w.org\/{rel}","templated":true}]}}