{"id":8183,"date":"2025-10-09T10:59:00","date_gmt":"2025-10-09T13:59:00","guid":{"rendered":"https:\/\/aguaslindasnoticias.com.br\/?p=8183"},"modified":"2025-10-23T15:00:14","modified_gmt":"2025-10-23T18:00:14","slug":"mec-abre-consulta-publica-sobre-uso-de-ia-na-educacao","status":"publish","type":"post","link":"https:\/\/aguaslindasnoticias.com.br\/index.php\/2025\/10\/09\/mec-abre-consulta-publica-sobre-uso-de-ia-na-educacao\/","title":{"rendered":"MEC abre consulta p\u00fablica sobre uso de IA na educa\u00e7\u00e3o"},"content":{"rendered":"\n<p>Propostas v\u00e3o guiar cria\u00e7\u00e3o de regras para uso da tecnologia<\/p>\n\n\n\n<p><a href=\"https:\/\/api.whatsapp.com\/send?text=MEC+abre+consulta+p%C3%BAblica+sobre+uso+de+IA+na+educa%C3%A7%C3%A3o+%7C+Radioag%C3%AAncia+%7C+Radioag%C3%AAncia+%7C+https%3A%2F%2Fagenciabrasil.ebc.com.br%2Fradioagencia-nacional%2Feducacao%2Faudio%2F2025-10%2Fmec-abre-consulta-publica-sobre-uso-de-ia-na-educacao\" target=\"_blank\" rel=\"noreferrer noopener\"><\/a><a href=\"https:\/\/facebook.com\/sharer.php?u=https%3A%2F%2Fagenciabrasil.ebc.com.br%2Fradioagencia-nacional%2Feducacao%2Faudio%2F2025-10%2Fmec-abre-consulta-publica-sobre-uso-de-ia-na-educacao&amp;t=MEC+abre+consulta+p%C3%BAblica+sobre+uso+de+IA+na+educa%C3%A7%C3%A3o+%7C+Radioag%C3%AAncia\" target=\"_blank\" rel=\"noreferrer noopener\"><\/a><a href=\"https:\/\/twitter.com\/intent\/tweet?url=https%3A%2F%2Fagenciabrasil.ebc.com.br%2Fradioagencia-nacional%2Feducacao%2Faudio%2F2025-10%2Fmec-abre-consulta-publica-sobre-uso-de-ia-na-educacao&amp;text=MEC+abre+consulta+p%C3%BAblica+sobre+uso+de+IA+na+educa%C3%A7%C3%A3o+%7C+Radioag%C3%AAncia\" target=\"_blank\" rel=\"noreferrer noopener\"><\/a><a href=\"https:\/\/www.linkedin.com\/shareArticle?url=https%3A%2F%2Fagenciabrasil.ebc.com.br%2Fradioagencia-nacional%2Feducacao%2Faudio%2F2025-10%2Fmec-abre-consulta-publica-sobre-uso-de-ia-na-educacao&amp;summary=MEC+abre+consulta+p%C3%BAblica+sobre+uso+de+IA+na+educa%C3%A7%C3%A3o+%7C+Radioag%C3%AAncia\" target=\"_blank\" rel=\"noreferrer noopener\"><\/a><\/p>\n\n\n\n<figure class=\"wp-block-image\"><img decoding=\"async\" src=\"https:\/\/imagens.ebc.com.br\/4R26QyxCMQp2mlnZWQqTqHrBQ_k=\/1170x700\/smart\/https:\/\/agenciabrasil.ebc.com.br\/sites\/default\/files\/thumbnails\/image\/tmazs_251119_mg_86203502.jpg?itok=EdSlqE9Z\" alt=\" O supercomputador Santos Dumont, no Laborat\u00f3rio Nacional de Computa\u00e7\u00e3o Cient\u00edfica (LNCC), em Petr\u00f3polis\" title=\"Tomaz Silva\/Ag\u00eancia Brasil\"\/><figcaption class=\"wp-element-caption\">\u00a9 Tomaz Silva\/Ag\u00eancia Brasil<\/figcaption><\/figure>\n\n\n\n<p>Voc\u00ea tem alguma ideia para ajudar a construir um modelo para o desenvolvimento e uso respons\u00e1vel da intelig\u00eancia artificial na educa\u00e7\u00e3o? Ent\u00e3o,&nbsp;\u00e9 a hora de aproveitar e dar a sua sugest\u00e3o ao Minist\u00e9rio da Educa\u00e7\u00e3o que abre, nesta sexta-feira, 10, consulta p\u00fablica para coleta de contribui\u00e7\u00f5es da sociedade civil de como essa ferramenta tecnol\u00f3gica poderia ser usada pela comunidade escolar.<img decoding=\"async\" src=\"https:\/\/agenciabrasil.ebc.com.br\/ebc.png?id=1662003&amp;o=node\"><img decoding=\"async\" src=\"https:\/\/agenciabrasil.ebc.com.br\/ebc.gif?id=1662003&amp;o=node\"><\/p>\n\n\n\n<p>Podem participar educadores, estudantes, fam\u00edlias, gestores, pesquisadores.&nbsp;Enfim, qualquer pessoa interessada no tema.&nbsp;<strong>Professores t\u00eam usado a Intelig\u00eancia Artificial (IA) para planejamento de aulas e para personalizar trajet\u00f3rias de aprendizagem.<\/strong>&nbsp;Especialmente para estudantes com diferentes necessidades. Ent\u00e3o, o objetivo da consulta p\u00fablica \u00e9 aprimorar o uso dessa tecnologia.<\/p>\n\n\n\n<p>Cada contribui\u00e7\u00e3o da sociedade civil vai ser agrupada em temas, como: direitos autorais; transpar\u00eancia; uso por faixa et\u00e1ria; acessibilidade; prote\u00e7\u00e3o de dados e o combate a vieses algor\u00edtmicos &#8211; que \u00e9 quando um algoritmo de aprendizado de m\u00e1quina produz resultados injustos ou discriminat\u00f3rios e refor\u00e7a preconceitos j\u00e1 existentes.<\/p>\n\n\n\n<p>As sugest\u00f5es v\u00e3o ajudar a criar um referencial para a ado\u00e7\u00e3o de medidas e supervis\u00e3o humana em todas as etapas, desde o alinhamento da IA \u00e0s finalidades pedag\u00f3gicas e seguran\u00e7a de dados, at\u00e9 as compras p\u00fablicas e forma\u00e7\u00e3o continuada dos profissionais da educa\u00e7\u00e3o. A consulta do Minist\u00e9rio da Educa\u00e7\u00e3o (MEC) fica aberta a partir desta sexta-feira (10) e vai at\u00e9 o dia 29 de outubro, na plataforma&nbsp;<a href=\"http:\/\/brasilparticipativo.presidencia.gov.br.\/\" target=\"_blank\" rel=\"noreferrer noopener\">brasilparticipativo.presidencia.gov.br.<\/a><\/p>\n","protected":false},"excerpt":{"rendered":"<p>Propostas v\u00e3o guiar cria\u00e7\u00e3o de regras para uso da tecnologia Voc\u00ea tem alguma ideia para ajudar a construir um modelo para o desenvolvimento e uso respons\u00e1vel da intelig\u00eancia artificial na educa\u00e7\u00e3o? Ent\u00e3o,&nbsp;\u00e9 a hora de aproveitar e dar a sua sugest\u00e3o ao Minist\u00e9rio da Educa\u00e7\u00e3o que abre, nesta sexta-feira, 10, consulta p\u00fablica para coleta de [&hellip;]<\/p>\n","protected":false},"author":1,"featured_media":8181,"comment_status":"open","ping_status":"open","sticky":false,"template":"","format":"standard","meta":{"footnotes":""},"categories":[50],"tags":[],"class_list":["post-8183","post","type-post","status-publish","format-standard","has-post-thumbnail","hentry","category-educacao"],"_links":{"self":[{"href":"https:\/\/aguaslindasnoticias.com.br\/index.php\/wp-json\/wp\/v2\/posts\/8183","targetHints":{"allow":["GET"]}}],"collection":[{"href":"https:\/\/aguaslindasnoticias.com.br\/index.php\/wp-json\/wp\/v2\/posts"}],"about":[{"href":"https:\/\/aguaslindasnoticias.com.br\/index.php\/wp-json\/wp\/v2\/types\/post"}],"author":[{"embeddable":true,"href":"https:\/\/aguaslindasnoticias.com.br\/index.php\/wp-json\/wp\/v2\/users\/1"}],"replies":[{"embeddable":true,"href":"https:\/\/aguaslindasnoticias.com.br\/index.php\/wp-json\/wp\/v2\/comments?post=8183"}],"version-history":[{"count":1,"href":"https:\/\/aguaslindasnoticias.com.br\/index.php\/wp-json\/wp\/v2\/posts\/8183\/revisions"}],"predecessor-version":[{"id":8184,"href":"https:\/\/aguaslindasnoticias.com.br\/index.php\/wp-json\/wp\/v2\/posts\/8183\/revisions\/8184"}],"wp:featuredmedia":[{"embeddable":true,"href":"https:\/\/aguaslindasnoticias.com.br\/index.php\/wp-json\/wp\/v2\/media\/8181"}],"wp:attachment":[{"href":"https:\/\/aguaslindasnoticias.com.br\/index.php\/wp-json\/wp\/v2\/media?parent=8183"}],"wp:term":[{"taxonomy":"category","embeddable":true,"href":"https:\/\/aguaslindasnoticias.com.br\/index.php\/wp-json\/wp\/v2\/categories?post=8183"},{"taxonomy":"post_tag","embeddable":true,"href":"https:\/\/aguaslindasnoticias.com.br\/index.php\/wp-json\/wp\/v2\/tags?post=8183"}],"curies":[{"name":"wp","href":"https:\/\/api.w.org\/{rel}","templated":true}]}}