{"id":8169,"date":"2025-10-08T23:48:44","date_gmt":"2025-10-09T02:48:44","guid":{"rendered":"https:\/\/aguaslindasnoticias.com.br\/?p=8169"},"modified":"2025-10-08T23:48:45","modified_gmt":"2025-10-09T02:48:45","slug":"justica-italiana-rejeita-recurso-e-mantem-presa-a-deputada-federal-brasileira-carla-zambelli","status":"publish","type":"post","link":"https:\/\/aguaslindasnoticias.com.br\/index.php\/2025\/10\/08\/justica-italiana-rejeita-recurso-e-mantem-presa-a-deputada-federal-brasileira-carla-zambelli\/","title":{"rendered":"Justi\u00e7a italiana rejeita recurso e mant\u00e9m presa a deputada federal brasileira Carla Zambelli"},"content":{"rendered":"\n<p><\/p>\n\n\n\n<p><a href=\"mailto:?subject=Justi%C3%A7a%20italiana%20rejeita%20recurso%20e%20mant%C3%A9m%20presa%20a%20deputada%20federal%20brasileira%20Carla%20Zambelli&amp;body=Veja%20essa%20noticia%20no%20Jornal%20O%20Sul%20https:\/\/www.osul.com.br\/justica-italiana-rejeita-recurso-e-mantem-presa-a-deputada-federal-brasileira-carla-zambelli\/\" target=\"_blank\" rel=\"noreferrer noopener\"><\/a><\/p>\n\n\n\n<p><img decoding=\"async\" width=\"1752\" height=\"1080\" src=\"https:\/\/www.osul.com.br\/wp-content\/uploads\/2025\/09\/carla-zambelli.jpg\" alt=\"\" srcset=\"https:\/\/www.osul.com.br\/wp-content\/uploads\/2025\/09\/carla-zambelli.jpg 1752w, https:\/\/www.osul.com.br\/wp-content\/uploads\/2025\/09\/carla-zambelli-698x430.jpg 698w, https:\/\/www.osul.com.br\/wp-content\/uploads\/2025\/09\/carla-zambelli-1000x616.jpg 1000w, https:\/\/www.osul.com.br\/wp-content\/uploads\/2025\/09\/carla-zambelli-768x473.jpg 768w, https:\/\/www.osul.com.br\/wp-content\/uploads\/2025\/09\/carla-zambelli-1536x947.jpg 1536w, https:\/\/www.osul.com.br\/wp-content\/uploads\/2025\/09\/carla-zambelli-691x426.jpg 691w, https:\/\/www.osul.com.br\/wp-content\/uploads\/2025\/09\/carla-zambelli-120x74.jpg 120w\"><\/p>\n\n\n\n<p>Congressista fugiu para a It\u00e1lia para escapar da condena\u00e7\u00e3o por invas\u00e3o ao sistema do CNJ. (Foto: Renato Ara\u00fajo\/C\u00e2mara dos Deputados)<\/p>\n\n\n\n<p><\/p>\n\n\n\n<p>A Corte de Cassa\u00e7\u00e3o, \u00faltima inst\u00e2ncia da Justi\u00e7a italiana, rejeitou nessa quarta-feira (8) recurso apresentado pela defesa da deputada Carla Zambelli (PL-SP) contra sua pris\u00e3o em regime fechado. Com a decis\u00e3o, ela continuar\u00e1 na cadeia durante a tramita\u00e7\u00e3o do processo de extradi\u00e7\u00e3o na It\u00e1lia.<\/p>\n\n\n\n<p>A audi\u00eancia havia ocorrido pela manh\u00e3, em Roma. Nela, os advogados de Zambelli tentavam reverter a decis\u00e3o da Corte de Apela\u00e7\u00e3o que havia determinado, no fim de agosto, o regime fechado. O tribunal havia rejeitado pedido de pris\u00e3o domiciliar por entender que havia alto risco de fuga e que seu estado de sa\u00fade era compat\u00edvel com o c\u00e1rcere.<\/p>\n\n\n\n<p>Zambelli n\u00e3o esteve presente na audi\u00eancia dessa quarta. Ela est\u00e1 detida desde o fim de julho no complexo penitenci\u00e1rio de Rebibbia, na capital italiana, depois de ter sido encontrada pela pol\u00edcia em um apartamento na periferia da cidade, ap\u00f3s quase dois meses como foragida da Justi\u00e7a brasileira.<\/p>\n\n\n\n<p>Seu processo de extradi\u00e7\u00e3o, pedida \u00e0 It\u00e1lia pelo governo brasileiro, est\u00e1 em tramita\u00e7\u00e3o na Corte de Apela\u00e7\u00e3o \u2013 o tema n\u00e3o foi discutido na audi\u00eancia desta quarta. O tribunal aguarda o parecer da Procuradoria-Geral italiana sobre o caso para marcar nova audi\u00eancia, em que ser\u00e1 avaliada a exist\u00eancia ou n\u00e3o de requisitos para que Zambelli seja enviada ao Brasil.<\/p>\n\n\n\n<p>Eventuais recursos ser\u00e3o analisados em seguida pela Corte de Cassa\u00e7\u00e3o, mas a palavra final caber\u00e1 ao governo italiano, por meio do Minist\u00e9rio da Justi\u00e7a. A dura\u00e7\u00e3o de todo o processo \u00e9 estimada entre um e dois anos por especialistas, mas a tramita\u00e7\u00e3o pode ser mais c\u00e9lere com Zambelli na pris\u00e3o.<\/p>\n\n\n\n<p>A congressista fugiu para a It\u00e1lia no in\u00edcio de junho para escapar da condena\u00e7\u00e3o de dez anos de pris\u00e3o determinada pelo STF (Supremo Tribunal Federal). Ela foi acusada de participar da invas\u00e3o do sistema do CNJ (Conselho Nacional de Justi\u00e7a) para emitir um mandado falso de pris\u00e3o contra o ministro Alexandre de Moraes, do STF.<\/p>\n\n\n\n<p>Para evitar sua extradi\u00e7\u00e3o, o advogado Pieremilio Sammarco afirmou que pretende demonstrar que o processo de Zambelli no Brasil tem anomalias, como o fato de \u201ca v\u00edtima do suposto crime ser a mesma pessoa que fez a senten\u00e7a, que decidiu pela execu\u00e7\u00e3o da senten\u00e7a e que decidiu a apela\u00e7\u00e3o\u201d, afirmou o advogado. Zambelli se diz v\u00edtima de persegui\u00e7\u00e3o pol\u00edtica no Brasil.&nbsp;<\/p>\n","protected":false},"excerpt":{"rendered":"<p>Congressista fugiu para a It\u00e1lia para escapar da condena\u00e7\u00e3o por invas\u00e3o ao sistema do CNJ. (Foto: Renato Ara\u00fajo\/C\u00e2mara dos Deputados) A Corte de Cassa\u00e7\u00e3o, \u00faltima inst\u00e2ncia da Justi\u00e7a italiana, rejeitou nessa quarta-feira (8) recurso apresentado pela defesa da deputada Carla Zambelli (PL-SP) contra sua pris\u00e3o em regime fechado. Com a decis\u00e3o, ela continuar\u00e1 na cadeia [&hellip;]<\/p>\n","protected":false},"author":1,"featured_media":8170,"comment_status":"open","ping_status":"open","sticky":false,"template":"","format":"standard","meta":{"footnotes":""},"categories":[10],"tags":[],"class_list":["post-8169","post","type-post","status-publish","format-standard","has-post-thumbnail","hentry","category-politica"],"_links":{"self":[{"href":"https:\/\/aguaslindasnoticias.com.br\/index.php\/wp-json\/wp\/v2\/posts\/8169","targetHints":{"allow":["GET"]}}],"collection":[{"href":"https:\/\/aguaslindasnoticias.com.br\/index.php\/wp-json\/wp\/v2\/posts"}],"about":[{"href":"https:\/\/aguaslindasnoticias.com.br\/index.php\/wp-json\/wp\/v2\/types\/post"}],"author":[{"embeddable":true,"href":"https:\/\/aguaslindasnoticias.com.br\/index.php\/wp-json\/wp\/v2\/users\/1"}],"replies":[{"embeddable":true,"href":"https:\/\/aguaslindasnoticias.com.br\/index.php\/wp-json\/wp\/v2\/comments?post=8169"}],"version-history":[{"count":1,"href":"https:\/\/aguaslindasnoticias.com.br\/index.php\/wp-json\/wp\/v2\/posts\/8169\/revisions"}],"predecessor-version":[{"id":8171,"href":"https:\/\/aguaslindasnoticias.com.br\/index.php\/wp-json\/wp\/v2\/posts\/8169\/revisions\/8171"}],"wp:featuredmedia":[{"embeddable":true,"href":"https:\/\/aguaslindasnoticias.com.br\/index.php\/wp-json\/wp\/v2\/media\/8170"}],"wp:attachment":[{"href":"https:\/\/aguaslindasnoticias.com.br\/index.php\/wp-json\/wp\/v2\/media?parent=8169"}],"wp:term":[{"taxonomy":"category","embeddable":true,"href":"https:\/\/aguaslindasnoticias.com.br\/index.php\/wp-json\/wp\/v2\/categories?post=8169"},{"taxonomy":"post_tag","embeddable":true,"href":"https:\/\/aguaslindasnoticias.com.br\/index.php\/wp-json\/wp\/v2\/tags?post=8169"}],"curies":[{"name":"wp","href":"https:\/\/api.w.org\/{rel}","templated":true}]}}