{"id":8163,"date":"2025-09-03T17:50:00","date_gmt":"2025-09-03T20:50:00","guid":{"rendered":"https:\/\/aguaslindasnoticias.com.br\/?p=8163"},"modified":"2025-09-04T15:55:38","modified_gmt":"2025-09-04T18:55:38","slug":"prouni-prazo-para-comprovar-informacoes-vai-ate-sexta-feira","status":"publish","type":"post","link":"https:\/\/aguaslindasnoticias.com.br\/index.php\/2025\/09\/03\/prouni-prazo-para-comprovar-informacoes-vai-ate-sexta-feira\/","title":{"rendered":"Prouni: prazo para comprovar informa\u00e7\u00f5es vai at\u00e9 sexta-feira"},"content":{"rendered":"\n<p><\/p>\n\n\n\n<p>Nesta edi\u00e7\u00e3o, programa oferece mais de 211 mil bolsas<a href=\"https:\/\/audios.ebc.com.br\/38\/3863d731b670b465ce1c1cd945104197.mp3?download&amp;filename=03-09-25_-_renato_ribeiro_-_prouni_ra_ms.mp3\"><\/a><a href=\"https:\/\/api.whatsapp.com\/send?text=Prouni%3A+prazo+para+comprovar+informa%C3%A7%C3%B5es+vai+at%C3%A9+sexta-feira+%7C+Radioag%C3%AAncia+%7C+Radioag%C3%AAncia+%7C+https%3A%2F%2Fagenciabrasil.ebc.com.br%2Fradioagencia-nacional%2Feducacao%2Faudio%2F2025-09%2Fprouni-prazo-para-comprovar-informacoes-vai-ate-sexta-feira\" target=\"_blank\" rel=\"noreferrer noopener\"><\/a><a href=\"https:\/\/facebook.com\/sharer.php?u=https%3A%2F%2Fagenciabrasil.ebc.com.br%2Fradioagencia-nacional%2Feducacao%2Faudio%2F2025-09%2Fprouni-prazo-para-comprovar-informacoes-vai-ate-sexta-feira&amp;t=Prouni%3A+prazo+para+comprovar+informa%C3%A7%C3%B5es+vai+at%C3%A9+sexta-feira+%7C+Radioag%C3%AAncia\" target=\"_blank\" rel=\"noreferrer noopener\"><\/a><a href=\"https:\/\/twitter.com\/intent\/tweet?url=https%3A%2F%2Fagenciabrasil.ebc.com.br%2Fradioagencia-nacional%2Feducacao%2Faudio%2F2025-09%2Fprouni-prazo-para-comprovar-informacoes-vai-ate-sexta-feira&amp;text=Prouni%3A+prazo+para+comprovar+informa%C3%A7%C3%B5es+vai+at%C3%A9+sexta-feira+%7C+Radioag%C3%AAncia\" target=\"_blank\" rel=\"noreferrer noopener\"><\/a><a href=\"https:\/\/www.linkedin.com\/shareArticle?url=https%3A%2F%2Fagenciabrasil.ebc.com.br%2Fradioagencia-nacional%2Feducacao%2Faudio%2F2025-09%2Fprouni-prazo-para-comprovar-informacoes-vai-ate-sexta-feira&amp;summary=Prouni%3A+prazo+para+comprovar+informa%C3%A7%C3%B5es+vai+at%C3%A9+sexta-feira+%7C+Radioag%C3%AAncia\" target=\"_blank\" rel=\"noreferrer noopener\"><\/a><\/p>\n\n\n\n<figure class=\"wp-block-image\"><img decoding=\"async\" src=\"https:\/\/imagens.ebc.com.br\/mke_g8WH4Wsz_wQWYC-VaA32PU4=\/1170x700\/smart\/https:\/\/agenciabrasil.ebc.com.br\/sites\/default\/files\/thumbnails\/image\/20230627_123934_0.jpg?itok=Jui1G-56\" alt=\"Bras\u00edlia - 27\/06\/2023 - O Programa Universidade Para Todos (Prouni) oferta bolsas de estudo, integrais e parciais (50% do valor da mensalidade do curso), em cursos de gradua\u00e7\u00e3o e sequenciais de forma\u00e7\u00e3o espec\u00edfica, em institui\u00e7\u00f5es de educa\u00e7\u00e3o superior privadas. As inscri\u00e7\u00f5es podem ser feitas pelo celular ou pelo computador. Foto: Rafa Neddermeyer\/Ag\u00eancia Brasil\" title=\"Rafa Neddermeyer\/Ag\u00eancia Brasil\"\/><figcaption class=\"wp-element-caption\">\u00a9 Rafa Neddermeyer\/Ag\u00eancia Brasil<\/figcaption><\/figure>\n\n\n\n<p>Os estudantes pr\u00e9-selecionados na lista de espera do&nbsp;Prouni, o Programa Universidade para Todos, t\u00eam at\u00e9 sexta-feira (5) para comprovar os dados informados na inscri\u00e7\u00e3o&nbsp;nas institui\u00e7\u00f5es de ensino particulares.&nbsp;<img decoding=\"async\" src=\"https:\/\/agenciabrasil.ebc.com.br\/ebc.png?id=1656960&amp;o=node\"><img decoding=\"async\" src=\"https:\/\/agenciabrasil.ebc.com.br\/ebc.gif?id=1656960&amp;o=node\"><\/p>\n\n\n\n<p>O resultado pode ser conferido no Portal \u00danico de Acesso ao Ensino Superior.<\/p>\n\n\n\n<p>O prazo \u00e9 v\u00e1lido para aqueles que n\u00e3o foram pr\u00e9-selecionados nas chamadas regulares ou que foram reprovados por n\u00e3o forma\u00e7\u00e3o de turma.<\/p>\n\n\n\n<p>A entrega dos documentos pode ser feita pela internet ou presencialmente.&nbsp;<\/p>\n\n\n\n<p>As institui\u00e7\u00f5es de ensino particulares t\u00eam at\u00e9 12 de setembro&nbsp;para registrar a aprova\u00e7\u00e3o ou reprova\u00e7\u00e3o do candidato e emitir o termo de concess\u00e3o da bolsa.<\/p>\n\n\n\n<p>Nesta edi\u00e7\u00e3o do segundo semestre, o Minist\u00e9rio da Educa\u00e7\u00e3o ofereceu mais de 211 mil bolsas de estudo&nbsp;em 370 cursos&nbsp;de quase 900 institui\u00e7\u00f5es particulares.&nbsp;<\/p>\n\n\n\n<p>Desse total, s\u00e3o quase 120 mil bolsas integrais&nbsp;e mais de 90 mil parciais &#8211; de&nbsp;50% do valor da mensalidade.<\/p>\n\n\n\n<p>Para mais informa\u00e7\u00f5es, acesse o portal&nbsp;<a href=\"http:\/\/acessounico.mec.gov.br\/\">acessounico.mec.gov.br<\/a>.<\/p>\n","protected":false},"excerpt":{"rendered":"<p>Nesta edi\u00e7\u00e3o, programa oferece mais de 211 mil bolsas Os estudantes pr\u00e9-selecionados na lista de espera do&nbsp;Prouni, o Programa Universidade para Todos, t\u00eam at\u00e9 sexta-feira (5) para comprovar os dados informados na inscri\u00e7\u00e3o&nbsp;nas institui\u00e7\u00f5es de ensino particulares.&nbsp; O resultado pode ser conferido no Portal \u00danico de Acesso ao Ensino Superior. O prazo \u00e9 v\u00e1lido para [&hellip;]<\/p>\n","protected":false},"author":1,"featured_media":8164,"comment_status":"open","ping_status":"open","sticky":false,"template":"","format":"standard","meta":{"footnotes":""},"categories":[50],"tags":[],"class_list":["post-8163","post","type-post","status-publish","format-standard","has-post-thumbnail","hentry","category-educacao"],"_links":{"self":[{"href":"https:\/\/aguaslindasnoticias.com.br\/index.php\/wp-json\/wp\/v2\/posts\/8163","targetHints":{"allow":["GET"]}}],"collection":[{"href":"https:\/\/aguaslindasnoticias.com.br\/index.php\/wp-json\/wp\/v2\/posts"}],"about":[{"href":"https:\/\/aguaslindasnoticias.com.br\/index.php\/wp-json\/wp\/v2\/types\/post"}],"author":[{"embeddable":true,"href":"https:\/\/aguaslindasnoticias.com.br\/index.php\/wp-json\/wp\/v2\/users\/1"}],"replies":[{"embeddable":true,"href":"https:\/\/aguaslindasnoticias.com.br\/index.php\/wp-json\/wp\/v2\/comments?post=8163"}],"version-history":[{"count":1,"href":"https:\/\/aguaslindasnoticias.com.br\/index.php\/wp-json\/wp\/v2\/posts\/8163\/revisions"}],"predecessor-version":[{"id":8165,"href":"https:\/\/aguaslindasnoticias.com.br\/index.php\/wp-json\/wp\/v2\/posts\/8163\/revisions\/8165"}],"wp:featuredmedia":[{"embeddable":true,"href":"https:\/\/aguaslindasnoticias.com.br\/index.php\/wp-json\/wp\/v2\/media\/8164"}],"wp:attachment":[{"href":"https:\/\/aguaslindasnoticias.com.br\/index.php\/wp-json\/wp\/v2\/media?parent=8163"}],"wp:term":[{"taxonomy":"category","embeddable":true,"href":"https:\/\/aguaslindasnoticias.com.br\/index.php\/wp-json\/wp\/v2\/categories?post=8163"},{"taxonomy":"post_tag","embeddable":true,"href":"https:\/\/aguaslindasnoticias.com.br\/index.php\/wp-json\/wp\/v2\/tags?post=8163"}],"curies":[{"name":"wp","href":"https:\/\/api.w.org\/{rel}","templated":true}]}}