{"id":8160,"date":"2025-09-02T23:23:59","date_gmt":"2025-09-03T02:23:59","guid":{"rendered":"https:\/\/aguaslindasnoticias.com.br\/?p=8160"},"modified":"2025-09-02T23:23:59","modified_gmt":"2025-09-03T02:23:59","slug":"combate-ao-racismo-digital-saiba-como-ajudar-a-enfrentar-esse-crime","status":"publish","type":"post","link":"https:\/\/aguaslindasnoticias.com.br\/index.php\/2025\/09\/02\/combate-ao-racismo-digital-saiba-como-ajudar-a-enfrentar-esse-crime\/","title":{"rendered":"Combate ao racismo digital: saiba como ajudar a enfrentar esse crime"},"content":{"rendered":"\n<p><\/p>\n\n\n\n<figure class=\"wp-block-image\"><img decoding=\"async\" src=\"https:\/\/imagens.ebc.com.br\/8mO3fKCuUBr_zss6jgxkLk3Mrtc=\/1170x700\/smart\/https:\/\/agenciabrasil.ebc.com.br\/sites\/default\/files\/thumbnails\/image\/levantou-a-mao-para-dissuadir-com-espaco-de-copia_0.jpg?itok=T9rpcZzs\" alt=\"Viol\u00eancia contra a mulher, crian\u00e7a e adolescente. Viol\u00eancia dom\u00e9stica. Foto: Freepick\" title=\"Freepick\"\/><figcaption class=\"wp-element-caption\">\u00a9 Freepick<\/figcaption><\/figure>\n\n\n\n<p><strong>A sociedade civil pode contribuir com propostas para ajudar o governo federal a enfrentar o&nbsp;racismo&nbsp;digital<\/strong>. O processo de escuta tem o objetivo de reunir dados, estudos de casos, evid\u00eancias, diagn\u00f3sticos e sugest\u00f5es para combater a pr\u00e1tica nas redes sociais, aplicativos de mensagens e de relacionamento, buscadores e outras ferramentas digitais.<img decoding=\"async\" src=\"https:\/\/agenciabrasil.ebc.com.br\/ebc.png?id=1656744&amp;o=node\"><img decoding=\"async\" src=\"https:\/\/agenciabrasil.ebc.com.br\/ebc.gif?id=1656744&amp;o=node\"><\/p>\n\n\n\n<p>A iniciativa \u00e9 conduzida pela Secretaria de Pol\u00edticas Digitais, vinculada \u00e0 Secretaria de Comunica\u00e7\u00e3o Social da Presid\u00eancia da Rep\u00fablica. E, a ideia \u00e9 que o material reunido seja usado para a produ\u00e7\u00e3o de um documento com linguagem acess\u00edvel e identidade visual atrativa a ser divulgado em eventos p\u00fablicos e reuni\u00f5es t\u00e9cnicas, como o Sistema de Justi\u00e7a e as pr\u00f3prias plataformas digitais.<\/p>\n\n\n\n<h3 class=\"wp-block-heading\"><strong>Como participar<\/strong><\/h3>\n\n\n\n<p>Lan\u00e7ada nesta segunda-feira (1\u00ba), a Consulta P\u00fablica sobre o Combate ao&nbsp;Racismo&nbsp;nas Plataformas Digitais vai at\u00e9 15 de outubro, no endere\u00e7o&nbsp;<a href=\"http:\/\/gov.br\/racismodigital\" target=\"_blank\" rel=\"noreferrer noopener\">gov.br\/racismodigital<\/a>.<\/p>\n\n\n\n<p><strong>Qualquer pessoa que tenha conta gov.br&nbsp;pode participar,<\/strong>&nbsp;basta entrar com a senha de usu\u00e1rio. Ser\u00e3o aceitas sugest\u00f5es sobre temas como formas de viol\u00eancia racial online, impactos da intelig\u00eancia artificial, mecanismos de den\u00fancia, protocolos de resposta das plataformas, responsabiliza\u00e7\u00e3o e sugest\u00f5es de pol\u00edticas p\u00fablicas.<\/p>\n","protected":false},"excerpt":{"rendered":"<p>A sociedade civil pode contribuir com propostas para ajudar o governo federal a enfrentar o&nbsp;racismo&nbsp;digital. O processo de escuta tem o objetivo de reunir dados, estudos de casos, evid\u00eancias, diagn\u00f3sticos e sugest\u00f5es para combater a pr\u00e1tica nas redes sociais, aplicativos de mensagens e de relacionamento, buscadores e outras ferramentas digitais. A iniciativa \u00e9 conduzida pela [&hellip;]<\/p>\n","protected":false},"author":1,"featured_media":8161,"comment_status":"open","ping_status":"open","sticky":false,"template":"","format":"standard","meta":{"footnotes":""},"categories":[1],"tags":[],"class_list":["post-8160","post","type-post","status-publish","format-standard","has-post-thumbnail","hentry","category-sem-categoria"],"_links":{"self":[{"href":"https:\/\/aguaslindasnoticias.com.br\/index.php\/wp-json\/wp\/v2\/posts\/8160","targetHints":{"allow":["GET"]}}],"collection":[{"href":"https:\/\/aguaslindasnoticias.com.br\/index.php\/wp-json\/wp\/v2\/posts"}],"about":[{"href":"https:\/\/aguaslindasnoticias.com.br\/index.php\/wp-json\/wp\/v2\/types\/post"}],"author":[{"embeddable":true,"href":"https:\/\/aguaslindasnoticias.com.br\/index.php\/wp-json\/wp\/v2\/users\/1"}],"replies":[{"embeddable":true,"href":"https:\/\/aguaslindasnoticias.com.br\/index.php\/wp-json\/wp\/v2\/comments?post=8160"}],"version-history":[{"count":1,"href":"https:\/\/aguaslindasnoticias.com.br\/index.php\/wp-json\/wp\/v2\/posts\/8160\/revisions"}],"predecessor-version":[{"id":8162,"href":"https:\/\/aguaslindasnoticias.com.br\/index.php\/wp-json\/wp\/v2\/posts\/8160\/revisions\/8162"}],"wp:featuredmedia":[{"embeddable":true,"href":"https:\/\/aguaslindasnoticias.com.br\/index.php\/wp-json\/wp\/v2\/media\/8161"}],"wp:attachment":[{"href":"https:\/\/aguaslindasnoticias.com.br\/index.php\/wp-json\/wp\/v2\/media?parent=8160"}],"wp:term":[{"taxonomy":"category","embeddable":true,"href":"https:\/\/aguaslindasnoticias.com.br\/index.php\/wp-json\/wp\/v2\/categories?post=8160"},{"taxonomy":"post_tag","embeddable":true,"href":"https:\/\/aguaslindasnoticias.com.br\/index.php\/wp-json\/wp\/v2\/tags?post=8160"}],"curies":[{"name":"wp","href":"https:\/\/api.w.org\/{rel}","templated":true}]}}