{"id":8151,"date":"2025-08-11T16:38:00","date_gmt":"2025-08-11T19:38:00","guid":{"rendered":"https:\/\/aguaslindasnoticias.com.br\/?p=8151"},"modified":"2025-08-20T14:38:49","modified_gmt":"2025-08-20T17:38:49","slug":"advogados-de-bolsonaro-tem-ate-quarta-para-entregar-defesa-ao-stf","status":"publish","type":"post","link":"https:\/\/aguaslindasnoticias.com.br\/index.php\/2025\/08\/11\/advogados-de-bolsonaro-tem-ate-quarta-para-entregar-defesa-ao-stf\/","title":{"rendered":"Advogados de Bolsonaro t\u00eam at\u00e9 quarta para entregar defesa ao STF"},"content":{"rendered":"\n<p>Ap\u00f3s entrega, Moraes dever\u00e1 liberar julgamento<a href=\"https:\/\/www.aredacao.com.br\/noticias\/237910\/advogados-de-bolsonaro-tem-ate-quarta-para-entregar-defesa-ao-stf#\"><\/a>\u00a0<\/p>\n\n\n\n<p><\/p>\n\n\n\n<p><\/p>\n\n\n\n<figure class=\"wp-block-image\"><img decoding=\"async\" src=\"https:\/\/files.aredacao.com.br\/upload\/content\/advogados-de-bolsonaro-tem-ate-quarta-para-entregar-defesa-ao-stf.jpg\" alt=\"Advogados de Bolsonaro t\u00eam at\u00e9 quarta para entregar defesa ao STF\" title=\"Advogados de Bolsonaro t\u00eam at\u00e9 quarta para entregar defesa ao STF\"\/><\/figure>\n\n\n\n<p>Advogados de Bolsonaro t\u00eam at\u00e9 quarta para entregar defesa ao STF (foto: STF)<\/p>\n\n\n\n<p><\/p>\n\n\n\n<p>As defesas do ex-presidente Jair Bolsonaro e mais seis aliados t\u00eam at\u00e9 a pr\u00f3xima quarta-feira (13) para entregar ao Supremo Tribunal Federal (STF) as alega\u00e7\u00f5es finais no processo da trama golpista. A data marca o prazo final de 15 dias para os advogados protocolarem suas manifesta\u00e7\u00f5es.<\/p>\n\n\n\n<p>As alega\u00e7\u00f5es representam a \u00faltima manifesta\u00e7\u00e3o dos r\u00e9us antes do julgamento que pode condenar ou absolver os acusados.<\/p>\n\n\n\n<p>Ap\u00f3s a entrega das alega\u00e7\u00f5es, o ministro Alexandre de Moraes dever\u00e1 liberar para o julgamento da a\u00e7\u00e3o penal referente ao n\u00facleo 1 da den\u00fancia apresentada contra Bolsonaro e seus aliados.<\/p>\n\n\n\n<p>Caber\u00e1 ao presidente da Primeira Turma da Corte, ministro Cristiano Zanin marcar data do julgamento.<\/p>\n\n\n\n<p>A expectativa \u00e9 que o julgamento que vai decidir pela condena\u00e7\u00e3o ou absolvi\u00e7\u00e3o dos acusados ocorra em setembro.<\/p>\n\n\n\n<p>Al\u00e9m de Alexandre de Moraes, o colegiado \u00e9 formado pelos ministros Fl\u00e1vio Dino, Cristiano Zanin, C\u00e1rmen L\u00facia e Luiz Fux.<\/p>\n\n\n\n<p>Os r\u00e9us respondem pelos crimes de organiza\u00e7\u00e3o criminosa armada, tentativa de aboli\u00e7\u00e3o violenta do Estado Democr\u00e1tico de Direito, golpe de Estado, dano qualificado pela viol\u00eancia e grave amea\u00e7a e deteriora\u00e7\u00e3o de patrim\u00f4nio tombado.<\/p>\n\n\n\n<p>Em caso de condena\u00e7\u00e3o, as penas podem passar de 30 anos de pris\u00e3o.&nbsp;<\/p>\n\n\n\n<p><strong>Pris\u00e3o&nbsp;<\/strong><\/p>\n\n\n\n<p>A eventual pris\u00e3o dos r\u00e9us que forem condenados n\u00e3o vai ocorrer de forma autom\u00e1tica e s\u00f3 poder\u00e1 ser efetivada o ap\u00f3s julgamento dos recursos dos acusados contra a eventual condena\u00e7\u00e3o.<\/p>\n\n\n\n<p>Em caso de condena\u00e7\u00e3o, os r\u00e9us n\u00e3o devem ficar em pres\u00eddios comuns. Oficiais do Ex\u00e9rcito t\u00eam direito \u00e0 pris\u00e3o especial, de acordo com o C\u00f3digo de Processo Penal (CPP). O n\u00facleo 1 tem cinco militares do Ex\u00e9rcito, um da Marinha e dois delegados da Pol\u00edcia Federal, que tamb\u00e9m podem ser beneficiados pela restri\u00e7\u00e3o.<\/p>\n\n\n\n<p><strong>S\u00e3o eles:&nbsp;<\/strong><\/p>\n\n\n\n<ul class=\"wp-block-list\">\n<li>Alexandre Ramagem (delegado da PF e deputado federal), ex-diretor da Ag\u00eancia Brasileira de Intelig\u00eancia (Abin);<\/li>\n\n\n\n<li>Almir Garnier (almirante), ex-comandante da Marinha;<\/li>\n\n\n\n<li>Anderson Torres (delegado da PF), ex-ministro da Justi\u00e7a e ex-secret\u00e1rio de seguran\u00e7a do Distrito Federal;<\/li>\n\n\n\n<li>Augusto Heleno (general), \u00a0ex-ministro do Gabinete de Seguran\u00e7a Institucional;<\/li>\n\n\n\n<li>Jair Bolsonaro (capit\u00e3o);<\/li>\n\n\n\n<li>Paulo S\u00e9rgio Nogueira (general), ex-ministro da Defesa;<\/li>\n\n\n\n<li>Walter Braga Netto (general), ex-ministro de Bolsonaro e candidato \u00e0 vice na chapa de 2022.<\/li>\n\n\n\n<li>Mauro Cid (tenente-coronel), ex-ajudante de ordens de Jair Bolsonaro. \u00a0&#8211; fez dela\u00e7\u00e3o e n\u00e3o ficar\u00e1 preso.<\/li>\n<\/ul>\n","protected":false},"excerpt":{"rendered":"<p>Ap\u00f3s entrega, Moraes dever\u00e1 liberar julgamento\u00a0 Advogados de Bolsonaro t\u00eam at\u00e9 quarta para entregar defesa ao STF (foto: STF) As defesas do ex-presidente Jair Bolsonaro e mais seis aliados t\u00eam at\u00e9 a pr\u00f3xima quarta-feira (13) para entregar ao Supremo Tribunal Federal (STF) as alega\u00e7\u00f5es finais no processo da trama golpista. A data marca o prazo [&hellip;]<\/p>\n","protected":false},"author":1,"featured_media":8149,"comment_status":"open","ping_status":"open","sticky":false,"template":"","format":"standard","meta":{"footnotes":""},"categories":[1],"tags":[],"class_list":["post-8151","post","type-post","status-publish","format-standard","has-post-thumbnail","hentry","category-sem-categoria"],"_links":{"self":[{"href":"https:\/\/aguaslindasnoticias.com.br\/index.php\/wp-json\/wp\/v2\/posts\/8151","targetHints":{"allow":["GET"]}}],"collection":[{"href":"https:\/\/aguaslindasnoticias.com.br\/index.php\/wp-json\/wp\/v2\/posts"}],"about":[{"href":"https:\/\/aguaslindasnoticias.com.br\/index.php\/wp-json\/wp\/v2\/types\/post"}],"author":[{"embeddable":true,"href":"https:\/\/aguaslindasnoticias.com.br\/index.php\/wp-json\/wp\/v2\/users\/1"}],"replies":[{"embeddable":true,"href":"https:\/\/aguaslindasnoticias.com.br\/index.php\/wp-json\/wp\/v2\/comments?post=8151"}],"version-history":[{"count":1,"href":"https:\/\/aguaslindasnoticias.com.br\/index.php\/wp-json\/wp\/v2\/posts\/8151\/revisions"}],"predecessor-version":[{"id":8152,"href":"https:\/\/aguaslindasnoticias.com.br\/index.php\/wp-json\/wp\/v2\/posts\/8151\/revisions\/8152"}],"wp:featuredmedia":[{"embeddable":true,"href":"https:\/\/aguaslindasnoticias.com.br\/index.php\/wp-json\/wp\/v2\/media\/8149"}],"wp:attachment":[{"href":"https:\/\/aguaslindasnoticias.com.br\/index.php\/wp-json\/wp\/v2\/media?parent=8151"}],"wp:term":[{"taxonomy":"category","embeddable":true,"href":"https:\/\/aguaslindasnoticias.com.br\/index.php\/wp-json\/wp\/v2\/categories?post=8151"},{"taxonomy":"post_tag","embeddable":true,"href":"https:\/\/aguaslindasnoticias.com.br\/index.php\/wp-json\/wp\/v2\/tags?post=8151"}],"curies":[{"name":"wp","href":"https:\/\/api.w.org\/{rel}","templated":true}]}}