{"id":8145,"date":"2025-08-09T10:33:00","date_gmt":"2025-08-09T13:33:00","guid":{"rendered":"https:\/\/aguaslindasnoticias.com.br\/?p=8145"},"modified":"2025-08-20T14:35:43","modified_gmt":"2025-08-20T17:35:43","slug":"associados-protestam-por-assembleia-geral-no-clube-social-feminino","status":"publish","type":"post","link":"https:\/\/aguaslindasnoticias.com.br\/index.php\/2025\/08\/09\/associados-protestam-por-assembleia-geral-no-clube-social-feminino\/","title":{"rendered":"Associados protestam por assembleia geral no Clube Social Feminino"},"content":{"rendered":"\n<p>Frequentadores cobram transpar\u00eancia da gest\u00e3o<a href=\"https:\/\/www.aredacao.com.br\/noticias\/237795\/associados-protestam-por-assembleia-geral-no-clube-social-feminino#\"><\/a>\u00a0<\/p>\n\n\n\n<p><a href=\"https:\/\/files.aredacao.com.br\/files\/images\/237795\/gWo0ptT0ZoWt50jW7PMyn_51XVGb0I7PuDLovOTG.jpg\"><\/a><\/p>\n\n\n\n<figure class=\"wp-block-image\"><img decoding=\"async\" src=\"https:\/\/files.aredacao.com.br\/files\/images\/237795\/gwdruEfpsiYGDHI54iwAt1LUvpIf1rR0IpB0C9Y2.jpg\" alt=\"\"\/><\/figure>\n\n\n\n<p>Associados protestam por assembleia geral no Clube Social Feminino (foto: S\u00e9rgio Paiva\/A Reda\u00e7\u00e3o)<\/p>\n\n\n\n<p><\/p>\n\n\n\n<p> A manh\u00e3 deste s\u00e1bado (9\/8) em Goi\u00e2nia \u00e9 marcada pela mobiliza\u00e7\u00e3o de dezenas de associados do Clube Social Feminino (CSF), que protestam na sede da institui\u00e7\u00e3o, no Setor Sul, em Goi\u00e2nia. A manifesta\u00e7\u00e3o cobra a convoca\u00e7\u00e3o imediata de uma Assembleia Geral Extraordin\u00e1ria diante de den\u00fancias envolvendo grave crise de transpar\u00eancia e governan\u00e7a enfrentada pelo clube na atual gest\u00e3o.<\/p>\n\n\n\n<p>Fundado em 1948 por mulheres pioneiras como Almerinda Arantes e C\u00e9lia Coutinho Seixo de Brito, o CSF \u00e9 um espa\u00e7o tradicional de lazer e cultura da capital. No entanto, nos \u00faltimos anos, segundo s\u00f3cios ouvidos pela reportagem, a entidade tem sido palco de conflitos internos, den\u00fancias e crescente insatisfa\u00e7\u00e3o por parte de frequentadores.&nbsp;\u201cN\u00e3o estamos aqui por disputa pol\u00edtica, mas para proteger o clube de um colapso semelhante ao que aconteceu com outras entidades tradicionais da cidade. Queremos legalidade, transpar\u00eancia e respeito aos s\u00f3cios\u201d, afirmam os manifestantes.<\/p>\n\n\n\n<figure class=\"wp-block-image\"><img decoding=\"async\" src=\"https:\/\/files.aredacao.com.br\/files\/images\/237795\/hzesYiuL_oTNIeonpueozemAhU5FFP2vKqHDbZPG.jpg\" alt=\"\"\/><\/figure>\n\n\n\n<p><strong>Crise institucional<\/strong><\/p>\n\n\n\n<p>Desde a nulidade judicial do Estatuto aprovado em 2023, que tentava alterar cl\u00e1usulas importantes de reelei\u00e7\u00e3o, a presidente Jane Moghames permanece no cargo, sem respaldo legal claro, conforme pontuam os manifestantes. A situa\u00e7\u00e3o teria se agravado com a descoberta de um novo estatuto averbado de forma sigilosa, sem conhecimento da maioria dos associados e com altera\u00e7\u00f5es consideradas por alguns s\u00f3cios como &#8220;pol\u00eamicas&#8221; e que &#8220;fragilizam a democracia interna do clube&#8221;.<\/p>\n\n\n\n<p><strong>Dentre as principais mudan\u00e7as destacadas pelos associados est\u00e3o:<\/strong><\/p>\n\n\n\n<p>\u2022 A possibilidade de reelei\u00e7\u00e3o indefinida para a presid\u00eancia;<\/p>\n\n\n\n<p>\u2022 O aumento do n\u00famero de s\u00f3cios patrimoniais, o que pode impactar no valor dos t\u00edtulos;<\/p>\n\n\n\n<p>\u2022 O aumento do qu\u00f3rum para convoca\u00e7\u00e3o de assembleias (de 1\/5 para 2\/3), dificultando a fiscaliza\u00e7\u00e3o;<\/p>\n\n\n\n<p>\u2022 A concentra\u00e7\u00e3o de poderes na figura da presidente, inclusive para contrata\u00e7\u00f5es, cobran\u00e7as e defini\u00e7\u00e3o de taxas, sem a necessidade de aprova\u00e7\u00e3o do Conselho Deliberativo.<\/p>\n\n\n\n<figure class=\"wp-block-image\"><img decoding=\"async\" src=\"https:\/\/files.aredacao.com.br\/files\/images\/237795\/gOO6Thn3rn8ZesuuThp0MeFgtkLymLCyIKXQKzMn.jpg\" alt=\"\"\/><\/figure>\n\n\n\n<p><strong>Situa\u00e7\u00e3o financeira<\/strong><\/p>\n\n\n\n<p><a href=\"http:\/\/files.aredacao.com.br\/upload\/iptu-relac-a-o-de-de-bitos-clube-social-feminino.pdf\" target=\"_blank\" rel=\"noreferrer noopener\">Mesmo diante de declara\u00e7\u00f5es da presidente para alguns frequentadores afirmando que o IPTU est\u00e1 em dia, documentos obtidos por s\u00f3cios revelam execu\u00e7\u00f5es fiscais recentes por inadimpl\u00eancia<\/a>.&nbsp;<a href=\"https:\/\/files.aredacao.com.br\/upload\/dossie-iptu-clube.pdf\">Um dos processos (n\u00ba 5515886.04) foi distribu\u00eddo em 22 de julho de 2025, contradizendo as informa\u00e7\u00f5es veiculadas nas redes sociais do clube.<\/a><\/p>\n\n\n\n<p>Al\u00e9m disso, os associados denunciam a realiza\u00e7\u00e3o de eventos festivos enquanto o clube acumula d\u00edvidas tribut\u00e1rias, a inexist\u00eancia de contrato formal com prestadores de servi\u00e7o (como o bar do clube), e o uso arbitr\u00e1rio dos espa\u00e7os sociais.<\/p>\n\n\n\n<p>S\u00f3cios que tentam obter documentos como o Estatuto e a presta\u00e7\u00e3o de contas relatam sofrer amea\u00e7as, retalia\u00e7\u00f5es e constrangimentos. Em alguns casos, houve exig\u00eancia de requerimentos formais para acessar informa\u00e7\u00f5es que, por lei, conforme pontuam os s\u00f3cios, deveriam ser p\u00fablicas e acess\u00edveis aos membros da entidade.<\/p>\n\n\n\n<p><strong>Tamb\u00e9m h\u00e1 den\u00fancias sobre:<\/strong><\/p>\n\n\n\n<p>\u2022 Cadastramento facial de n\u00e3o-s\u00f3cios;<\/p>\n\n\n\n<p>\u2022 Suposta invas\u00e3o de privacidade com instala\u00e7\u00e3o de c\u00e2meras com \u00e1udio;<\/p>\n\n\n\n<p>\u2022 Suspens\u00f5es arbitr\u00e1rias de s\u00f3cios cr\u00edticos \u00e0 gest\u00e3o;<\/p>\n\n\n\n<p>\u2022 Mudan\u00e7a de hor\u00e1rios de uso da sauna sem consulta aos usu\u00e1rios.&nbsp;<\/p>\n\n\n\n<p>A reportagem entrou em contato com a presidente e solicitou posicionamento da gest\u00e3o, mas n\u00e3o obteve retorno at\u00e9 o momento. O espa\u00e7o segue aberto para manifesta\u00e7\u00e3o.<\/p>\n","protected":false},"excerpt":{"rendered":"<p>Frequentadores cobram transpar\u00eancia da gest\u00e3o\u00a0 Associados protestam por assembleia geral no Clube Social Feminino (foto: S\u00e9rgio Paiva\/A Reda\u00e7\u00e3o) A manh\u00e3 deste s\u00e1bado (9\/8) em Goi\u00e2nia \u00e9 marcada pela mobiliza\u00e7\u00e3o de dezenas de associados do Clube Social Feminino (CSF), que protestam na sede da institui\u00e7\u00e3o, no Setor Sul, em Goi\u00e2nia. A manifesta\u00e7\u00e3o cobra a convoca\u00e7\u00e3o imediata [&hellip;]<\/p>\n","protected":false},"author":1,"featured_media":8146,"comment_status":"open","ping_status":"open","sticky":false,"template":"","format":"standard","meta":{"footnotes":""},"categories":[1],"tags":[],"class_list":["post-8145","post","type-post","status-publish","format-standard","has-post-thumbnail","hentry","category-sem-categoria"],"_links":{"self":[{"href":"https:\/\/aguaslindasnoticias.com.br\/index.php\/wp-json\/wp\/v2\/posts\/8145","targetHints":{"allow":["GET"]}}],"collection":[{"href":"https:\/\/aguaslindasnoticias.com.br\/index.php\/wp-json\/wp\/v2\/posts"}],"about":[{"href":"https:\/\/aguaslindasnoticias.com.br\/index.php\/wp-json\/wp\/v2\/types\/post"}],"author":[{"embeddable":true,"href":"https:\/\/aguaslindasnoticias.com.br\/index.php\/wp-json\/wp\/v2\/users\/1"}],"replies":[{"embeddable":true,"href":"https:\/\/aguaslindasnoticias.com.br\/index.php\/wp-json\/wp\/v2\/comments?post=8145"}],"version-history":[{"count":1,"href":"https:\/\/aguaslindasnoticias.com.br\/index.php\/wp-json\/wp\/v2\/posts\/8145\/revisions"}],"predecessor-version":[{"id":8147,"href":"https:\/\/aguaslindasnoticias.com.br\/index.php\/wp-json\/wp\/v2\/posts\/8145\/revisions\/8147"}],"wp:featuredmedia":[{"embeddable":true,"href":"https:\/\/aguaslindasnoticias.com.br\/index.php\/wp-json\/wp\/v2\/media\/8146"}],"wp:attachment":[{"href":"https:\/\/aguaslindasnoticias.com.br\/index.php\/wp-json\/wp\/v2\/media?parent=8145"}],"wp:term":[{"taxonomy":"category","embeddable":true,"href":"https:\/\/aguaslindasnoticias.com.br\/index.php\/wp-json\/wp\/v2\/categories?post=8145"},{"taxonomy":"post_tag","embeddable":true,"href":"https:\/\/aguaslindasnoticias.com.br\/index.php\/wp-json\/wp\/v2\/tags?post=8145"}],"curies":[{"name":"wp","href":"https:\/\/api.w.org\/{rel}","templated":true}]}}