{"id":8135,"date":"2025-07-17T15:01:00","date_gmt":"2025-07-17T18:01:00","guid":{"rendered":"https:\/\/aguaslindasnoticias.com.br\/?p=8135"},"modified":"2025-07-23T09:04:11","modified_gmt":"2025-07-23T12:04:11","slug":"lula-abre-credito-extraordinario-de-r-33-bilhoes-para-ressarcimento-de-descontos-indevidos-do-inss-pagamentos-comecam-no-dia-24-com-depositos-diarios-para-ate-100-mil-pessoas","status":"publish","type":"post","link":"https:\/\/aguaslindasnoticias.com.br\/index.php\/2025\/07\/17\/lula-abre-credito-extraordinario-de-r-33-bilhoes-para-ressarcimento-de-descontos-indevidos-do-inss-pagamentos-comecam-no-dia-24-com-depositos-diarios-para-ate-100-mil-pessoas\/","title":{"rendered":"Lula abre cr\u00e9dito extraordin\u00e1rio de R$ 3,3 bilh\u00f5es para ressarcimento de descontos indevidos do INSS; pagamentos come\u00e7am no dia 24, com dep\u00f3sitos di\u00e1rios para at\u00e9 100 mil pessoas"},"content":{"rendered":"\n<p><img decoding=\"async\" width=\"719\" height=\"493\" src=\"https:\/\/www.osul.com.br\/wp-content\/uploads\/2025\/07\/jcreditulas.jpg\" alt=\"\" srcset=\"https:\/\/www.osul.com.br\/wp-content\/uploads\/2025\/07\/jcreditulas.jpg 719w, https:\/\/www.osul.com.br\/wp-content\/uploads\/2025\/07\/jcreditulas-627x430.jpg 627w, https:\/\/www.osul.com.br\/wp-content\/uploads\/2025\/07\/jcreditulas-250x170.jpg 250w, https:\/\/www.osul.com.br\/wp-content\/uploads\/2025\/07\/jcreditulas-621x426.jpg 621w, https:\/\/www.osul.com.br\/wp-content\/uploads\/2025\/07\/jcreditulas-132x90.jpg 132w, https:\/\/www.osul.com.br\/wp-content\/uploads\/2025\/07\/jcreditulas-120x82.jpg 120w\"><\/p>\n\n\n\n<p>(Foto: Jos\u00e9 Cruz\/Ag\u00eancia Brasil)<\/p>\n\n\n\n<p>Os pagamentos come\u00e7am em 24 de julho para os benefici\u00e1rios que aderirem ao acordo homologado pelo STF (Supremo Tribunal Federal). <\/p>\n\n\n\n<p><\/p>\n\n\n\n<p>O presidente Luiz In\u00e1cio Lula da Silva (PT) assinou medida provis\u00f3ria que libera cr\u00e9dito extraordin\u00e1rio de R$ 3,312 bilh\u00f5es ao Minist\u00e9rio da Previd\u00eancia Social para viabilizar a devolu\u00e7\u00e3o de descontos indevidos aplicados em benef\u00edcios de aposentados e pensionistas do INSS (Instituto Nacional do Seguro Social).<\/p>\n\n\n\n<p>O texto foi publicado nessa quinta-feira (17) no DOU (Di\u00e1rio Oficial da Uni\u00e3o). O ressarcimento abrange descontos realizados entre mar\u00e7o de 2020 e mar\u00e7o de 2025.<\/p>\n\n\n\n<p>Os pagamentos come\u00e7am em 24 de julho para os benefici\u00e1rios que aderirem ao acordo homologado pelo STF (Supremo Tribunal Federal). A ades\u00e3o \u00e9 gratuita, pode ser feita pelo aplicativo Meu INSS ou em ag\u00eancias dos Correios, e n\u00e3o exige envio de documentos adicionais.<\/p>\n\n\n\n<p>O acordo vale para quem j\u00e1 contestou os descontos e n\u00e3o recebeu resposta das entidades respons\u00e1veis no prazo de 15 dias \u00fateis. Segundo o INSS, at\u00e9 esta ter\u00e7a (15), 339 mil segurados j\u00e1 aceitaram a proposta. O acordo prev\u00ea o pagamento integral dos valores corrigidos pelo IPCA, com limite de at\u00e9 100 mil dep\u00f3sitos por dia.<\/p>\n\n\n\n<p>O crit\u00e9rio de pagamento seguir\u00e1 a ordem de ades\u00e3o, assim, quem aceitar primeiro, recebe antes. A estimativa \u00e9 que os primeiros ressarcimentos, referentes a quem aderiu at\u00e9 esta semana, sejam feitos nos dias 24, 25 e 28 de julho. Ao todo, cerca de 2,5 milh\u00f5es de pessoas podem aderir ao acordo.<\/p>\n\n\n\n<p>A ades\u00e3o ao acordo \u00e9 obrigat\u00f3ria para quem deseja receber os valores de forma administrativa, com dep\u00f3sito direto na conta em que recebe a aposentadoria ou pens\u00e3o, sem necessidade de recorrer \u00e0 Justi\u00e7a.<\/p>\n\n\n\n<p>Ao aderir, o benefici\u00e1rio deve desistir de eventual a\u00e7\u00e3o judicial contra o INSS que tenha pedido de indeniza\u00e7\u00e3o por danos morais ou devolu\u00e7\u00e3o em dobro. A a\u00e7\u00e3o contra a entidade respons\u00e1vel pelo desconto indevido, por\u00e9m, ainda poder\u00e1 ser movida.<\/p>\n\n\n\n<p>De acordo com o INSS, mais de 4,1 milh\u00f5es de benefici\u00e1rios declararam n\u00e3o ter autorizado os descontos em seus benef\u00edcios. Em contraste, apenas 106 mil afirmam ter autorizado os d\u00e9bitos.<\/p>\n\n\n\n<p><strong>Ades\u00e3o<\/strong><\/p>\n\n\n\n<p>Veja abaixo como aderir ao acordo pelo Meu INSS:<\/p>\n\n\n\n<p>\u2013 Acesse o aplicativo Meu INSS com CPF e senha;<\/p>\n\n\n\n<p>\u2013 V\u00e1 at\u00e9 \u201cConsultar Pedidos\u201d e clique em \u201cCumprir Exig\u00eancia\u201d em cada pedido (se houver mais de um);<\/p>\n\n\n\n<p>\u2013 Role a tela at\u00e9 o \u00faltimo coment\u00e1rio, leia com aten\u00e7\u00e3o e, no campo \u201cAceito receber\u201d, selecione \u201cSim\u201d;<\/p>\n\n\n\n<p>\u2013 Clique em \u201cEnviar\u201d. \u00c9 preciso, ent\u00e3o, aguardar o pagamento.<\/p>\n","protected":false},"excerpt":{"rendered":"<p>(Foto: Jos\u00e9 Cruz\/Ag\u00eancia Brasil) Os pagamentos come\u00e7am em 24 de julho para os benefici\u00e1rios que aderirem ao acordo homologado pelo STF (Supremo Tribunal Federal). O presidente Luiz In\u00e1cio Lula da Silva (PT) assinou medida provis\u00f3ria que libera cr\u00e9dito extraordin\u00e1rio de R$ 3,312 bilh\u00f5es ao Minist\u00e9rio da Previd\u00eancia Social para viabilizar a devolu\u00e7\u00e3o de descontos indevidos [&hellip;]<\/p>\n","protected":false},"author":1,"featured_media":8136,"comment_status":"open","ping_status":"open","sticky":false,"template":"","format":"standard","meta":{"footnotes":""},"categories":[1],"tags":[],"class_list":["post-8135","post","type-post","status-publish","format-standard","has-post-thumbnail","hentry","category-sem-categoria"],"_links":{"self":[{"href":"https:\/\/aguaslindasnoticias.com.br\/index.php\/wp-json\/wp\/v2\/posts\/8135","targetHints":{"allow":["GET"]}}],"collection":[{"href":"https:\/\/aguaslindasnoticias.com.br\/index.php\/wp-json\/wp\/v2\/posts"}],"about":[{"href":"https:\/\/aguaslindasnoticias.com.br\/index.php\/wp-json\/wp\/v2\/types\/post"}],"author":[{"embeddable":true,"href":"https:\/\/aguaslindasnoticias.com.br\/index.php\/wp-json\/wp\/v2\/users\/1"}],"replies":[{"embeddable":true,"href":"https:\/\/aguaslindasnoticias.com.br\/index.php\/wp-json\/wp\/v2\/comments?post=8135"}],"version-history":[{"count":1,"href":"https:\/\/aguaslindasnoticias.com.br\/index.php\/wp-json\/wp\/v2\/posts\/8135\/revisions"}],"predecessor-version":[{"id":8137,"href":"https:\/\/aguaslindasnoticias.com.br\/index.php\/wp-json\/wp\/v2\/posts\/8135\/revisions\/8137"}],"wp:featuredmedia":[{"embeddable":true,"href":"https:\/\/aguaslindasnoticias.com.br\/index.php\/wp-json\/wp\/v2\/media\/8136"}],"wp:attachment":[{"href":"https:\/\/aguaslindasnoticias.com.br\/index.php\/wp-json\/wp\/v2\/media?parent=8135"}],"wp:term":[{"taxonomy":"category","embeddable":true,"href":"https:\/\/aguaslindasnoticias.com.br\/index.php\/wp-json\/wp\/v2\/categories?post=8135"},{"taxonomy":"post_tag","embeddable":true,"href":"https:\/\/aguaslindasnoticias.com.br\/index.php\/wp-json\/wp\/v2\/tags?post=8135"}],"curies":[{"name":"wp","href":"https:\/\/api.w.org\/{rel}","templated":true}]}}