{"id":8129,"date":"2025-07-16T15:48:30","date_gmt":"2025-07-16T18:48:30","guid":{"rendered":"https:\/\/aguaslindasnoticias.com.br\/?p=8129"},"modified":"2025-07-23T08:56:48","modified_gmt":"2025-07-23T11:56:48","slug":"brasil-volta-a-lista-dos-paises-com-mais-criancas-sem-vacina","status":"publish","type":"post","link":"https:\/\/aguaslindasnoticias.com.br\/index.php\/2025\/07\/16\/brasil-volta-a-lista-dos-paises-com-mais-criancas-sem-vacina\/","title":{"rendered":"Brasil volta \u00e0 lista dos pa\u00edses com mais crian\u00e7as sem vacina"},"content":{"rendered":"\n<ul class=\"wp-block-list\">\n<li><a href=\"https:\/\/intranet.pampa.com.br\/mediaSocial\/?socialMediaUrl=https%3A%2F%2Fwww.osul.com.br%2Fbrasil-volta-a-lista-dos-paises-com-mais-criancas-sem-vacina%2F&amp;socialMediaTitle=Brasil%20volta%20%C3%A0%20lista%20dos%20pa%C3%ADses%20com%20mais%20crian%C3%A7as%20sem%20vacina&amp;socialMediaThumbnail=https:\/\/www.osul.com.br\/wp-content\/uploads\/2025\/07\/jvacinss.jpg&amp;postId=1973226&amp;data_noticia=2025-07-15&amp;socialMedia=Whatsapp\" target=\"_blank\" rel=\"noreferrer noopener\"><\/a><\/li>\n<\/ul>\n\n\n\n<p><img decoding=\"async\" width=\"800\" height=\"450\" src=\"https:\/\/www.osul.com.br\/wp-content\/uploads\/2025\/07\/jvacinss.jpg\" alt=\"\" srcset=\"https:\/\/www.osul.com.br\/wp-content\/uploads\/2025\/07\/jvacinss.jpg 800w, https:\/\/www.osul.com.br\/wp-content\/uploads\/2025\/07\/jvacinss-764x430.jpg 764w, https:\/\/www.osul.com.br\/wp-content\/uploads\/2025\/07\/jvacinss-768x432.jpg 768w, https:\/\/www.osul.com.br\/wp-content\/uploads\/2025\/07\/jvacinss-757x426.jpg 757w, https:\/\/www.osul.com.br\/wp-content\/uploads\/2025\/07\/jvacinss-120x68.jpg 120w\"><\/p>\n\n\n\n<p>O relat\u00f3rio considera dados de 2024, um ano ap\u00f3s o Brasil ter deixado o ranking com a melhora nos \u00edndices de imuniza\u00e7\u00e3o. (Foto: Reprodu\u00e7\u00e3o)<\/p>\n\n\n\n<p>O Brasil voltou \u00e0 lista dos 20 pa\u00edses com maior n\u00famero de crian\u00e7as n\u00e3o vacinadas no mundo, mostra levantamento divulgado na segunda-feira pelo Fundo das Na\u00e7\u00f5es Unidas para a Inf\u00e2ncia (Unicef) e pela Organiza\u00e7\u00e3o Mundial de Sa\u00fade (OMS).<\/p>\n\n\n\n<p>O relat\u00f3rio considera dados de 2024, um ano ap\u00f3s o Brasil ter deixado o ranking com a melhora nos \u00edndices de imuniza\u00e7\u00e3o. Em 2023, o pa\u00eds tinha 103 mil crian\u00e7as n\u00e3o vacinadas, n\u00famero que saltou para 229 mil no ano passado. O n\u00famero \u00e9 equivalente a 16,8% de toda a popula\u00e7\u00e3o infantil n\u00e3o vacinada na Am\u00e9rica Latina e no Caribe.<\/p>\n\n\n\n<p>Os dados consideram crian\u00e7as que n\u00e3o receberam a primeira dose da vacina tr\u00edplice bacteriana (DTP), que protege contra difteria, t\u00e9tano e coqueluche. O imunizante \u00e9 considerado um indicador de acesso \u00e0 imuniza\u00e7\u00e3o de rotina, permitindo identificar crian\u00e7as que n\u00e3o receberam nenhuma dose de qualquer imunizante.<\/p>\n\n\n\n<p>O Brasil agora ocupa a 17\u00aa posi\u00e7\u00e3o do ranking, atr\u00e1s de pa\u00edses como Mianmar, Costa do Marfim e Camar\u00f5es. Na Am\u00e9rica Latina, apenas o M\u00e9xico apresenta n\u00fameros maiores, com 341 mil crian\u00e7as n\u00e3o vacinadas.<\/p>\n\n\n\n<p>Diretora da Sociedade Brasileira de Imuniza\u00e7\u00f5es (SBIm), a especialista em vacina\u00e7\u00e3o Isabella Ballalai afirma ter sido pega de surpresa com o retorno do Brasil \u00e0 lista. Ela chama aten\u00e7\u00e3o para as dificuldades na obten\u00e7\u00e3o de informa\u00e7\u00f5es atualizadas sobre cobertura vacinal no pa\u00eds.<\/p>\n\n\n\n<p>\u201c\u00c9 importante lembrar que esses resultados s\u00e3o baseados nos dados de 2024. Esse \u00e9 um dos grandes desafios: ter as coberturas reais. N\u00e3o estou dizendo que n\u00e3o temos que nos preocupar com 2024, mas, infelizmente, n\u00e3o temos os dados de hoje. A gente tem um delay de notifica\u00e7\u00e3o, ainda temos muita dificuldade sobre isso\u201d diz.<\/p>\n\n\n\n<p>Ballalai refor\u00e7a que a comunica\u00e7\u00e3o do Minist\u00e9rio da Sa\u00fade precisa ser mais clara e aumentar a frequ\u00eancia de estrat\u00e9gias como a vacina\u00e7\u00e3o escolar.<\/p>\n\n\n\n<p>\u201cTivemos a informa\u00e7\u00e3o do Minist\u00e9rio da Sa\u00fade em fevereiro de que a meta vacinal teria sido alcan\u00e7ada para BCG, tr\u00edplice viral e poliomielite. Ent\u00e3o, fica essa confus\u00e3o para a popula\u00e7\u00e3o entender quando a gente v\u00ea tantos dados diferentes. N\u00e3o estamos num momento de relaxamento\u201d, afirma a especialista.<\/p>\n\n\n\n<p>Entre 2000 e 2012, a cobertura da primeira dose da DTP no Brasil era de cerca de 99%. Ap\u00f3s 2019, caiu para 70%, e com a pandemia da Covid, em 2021, chegou a 68%, mas voltou a subir nos \u00faltimos anos, atingindo 91% em 2024.<\/p>\n\n\n\n<p>Nove pa\u00edses concentram mais da metade das crian\u00e7as n\u00e3o vacinadas a n\u00edvel global: Nig\u00e9ria, \u00cdndia, Sud\u00e3o, Rep\u00fablica Democr\u00e1tica do Congo, Eti\u00f3pia, Indon\u00e9sia, I\u00eamen, Afeganist\u00e3o e Angola.<\/p>\n\n\n\n<p>Segundo as organiza\u00e7\u00f5es, 89% das crian\u00e7as no mundo, cerca de 115 milh\u00f5es, receberam ao menos uma dose da vacina DTP, e 85% (109 milh\u00f5es) completaram as tr\u00eas doses. Apesar disso, cerca de 14,3 milh\u00f5es de crian\u00e7as seguem totalmente sem vacina\u00e7\u00e3o. \u201cEmbora os avan\u00e7os sejam modestos, eles representam um progresso cont\u00ednuo dos pa\u00edses que buscam proteger as crian\u00e7as, mesmo diante de desafios crescentes\u201d, afirmou a OMS. As informa\u00e7\u00f5es s\u00e3o do jornal O Globo.<\/p>\n","protected":false},"excerpt":{"rendered":"<p>O relat\u00f3rio considera dados de 2024, um ano ap\u00f3s o Brasil ter deixado o ranking com a melhora nos \u00edndices de imuniza\u00e7\u00e3o. (Foto: Reprodu\u00e7\u00e3o) O Brasil voltou \u00e0 lista dos 20 pa\u00edses com maior n\u00famero de crian\u00e7as n\u00e3o vacinadas no mundo, mostra levantamento divulgado na segunda-feira pelo Fundo das Na\u00e7\u00f5es Unidas para a Inf\u00e2ncia (Unicef) [&hellip;]<\/p>\n","protected":false},"author":1,"featured_media":8130,"comment_status":"open","ping_status":"open","sticky":false,"template":"","format":"standard","meta":{"footnotes":""},"categories":[5,43],"tags":[],"class_list":["post-8129","post","type-post","status-publish","format-standard","has-post-thumbnail","hentry","category-brasil","category-saude"],"_links":{"self":[{"href":"https:\/\/aguaslindasnoticias.com.br\/index.php\/wp-json\/wp\/v2\/posts\/8129","targetHints":{"allow":["GET"]}}],"collection":[{"href":"https:\/\/aguaslindasnoticias.com.br\/index.php\/wp-json\/wp\/v2\/posts"}],"about":[{"href":"https:\/\/aguaslindasnoticias.com.br\/index.php\/wp-json\/wp\/v2\/types\/post"}],"author":[{"embeddable":true,"href":"https:\/\/aguaslindasnoticias.com.br\/index.php\/wp-json\/wp\/v2\/users\/1"}],"replies":[{"embeddable":true,"href":"https:\/\/aguaslindasnoticias.com.br\/index.php\/wp-json\/wp\/v2\/comments?post=8129"}],"version-history":[{"count":1,"href":"https:\/\/aguaslindasnoticias.com.br\/index.php\/wp-json\/wp\/v2\/posts\/8129\/revisions"}],"predecessor-version":[{"id":8131,"href":"https:\/\/aguaslindasnoticias.com.br\/index.php\/wp-json\/wp\/v2\/posts\/8129\/revisions\/8131"}],"wp:featuredmedia":[{"embeddable":true,"href":"https:\/\/aguaslindasnoticias.com.br\/index.php\/wp-json\/wp\/v2\/media\/8130"}],"wp:attachment":[{"href":"https:\/\/aguaslindasnoticias.com.br\/index.php\/wp-json\/wp\/v2\/media?parent=8129"}],"wp:term":[{"taxonomy":"category","embeddable":true,"href":"https:\/\/aguaslindasnoticias.com.br\/index.php\/wp-json\/wp\/v2\/categories?post=8129"},{"taxonomy":"post_tag","embeddable":true,"href":"https:\/\/aguaslindasnoticias.com.br\/index.php\/wp-json\/wp\/v2\/tags?post=8129"}],"curies":[{"name":"wp","href":"https:\/\/api.w.org\/{rel}","templated":true}]}}