{"id":8120,"date":"2025-05-01T05:57:00","date_gmt":"2025-05-01T08:57:00","guid":{"rendered":"https:\/\/aguaslindasnoticias.com.br\/?p=8120"},"modified":"2025-05-29T01:59:26","modified_gmt":"2025-05-29T04:59:26","slug":"scorsese-vai-lancar-documentario-com-conversas-que-teve-com-papa-francisco","status":"publish","type":"post","link":"https:\/\/aguaslindasnoticias.com.br\/index.php\/2025\/05\/01\/scorsese-vai-lancar-documentario-com-conversas-que-teve-com-papa-francisco\/","title":{"rendered":"Scorsese vai lan\u00e7ar document\u00e1rio com conversas que teve com papa Francisco"},"content":{"rendered":"\n<p>T\u00edtulo ser\u00e1 &#8216;Aldeas &#8211; A New Story&#8217;<a href=\"https:\/\/www.aredacao.com.br\/cultura\/231673\/scorsese-vai-lancar-documentario-com-conversas-que-teve-com-papa-francisco#\"><\/a>\u00a0<\/p>\n\n\n\n<p><\/p>\n\n\n\n<p><\/p>\n\n\n\n<figure class=\"wp-block-image\"><img decoding=\"async\" src=\"https:\/\/files.aredacao.com.br\/upload\/content\/scorsese-vai-lancar-documentario-com-conversas-que-teve-com-papa-francisco.jpg\" alt=\"Scorsese vai lan\u00e7ar document\u00e1rio com conversas que teve com papa Francisco\" title=\"Scorsese vai lan\u00e7ar document\u00e1rio com conversas que teve com papa Francisco\"\/><\/figure>\n\n\n\n<p>Scorsese vai lan\u00e7ar document\u00e1rio com conversas que teve com papa Francisco. (Foto: Reprodu\u00e7\u00e3o)<br><\/p>\n\n\n\n<p>O cineasta Martin Scorsese anunciou nesta quinta-feira (1\u00aa\/5), que j\u00e1 trabalha em um document\u00e1rio que trar\u00e1 conversas que teve com papa Francisco, no que ele chama de &#8220;a \u00faltima entrevista do pont\u00edfice em profundidade para o cinema&#8221;. O document\u00e1rio, chamado\u00a0<em>Aldeas &#8211; A New Story<\/em>, &#8220;est\u00e1 enraizado na cren\u00e7a do papa na natureza sagrada da criatividade&#8221;, nas palavras de seus produtores.<\/p>\n\n\n\n<p>A produ\u00e7\u00e3o vai mostrar o trabalho do Scholas Ocurrentes, um movimento educacional criado pelo papa e pelo projeto Aldeas, que apoia a produ\u00e7\u00e3o de curta-metragens para promover a compreens\u00e3o cultural.<\/p>\n\n\n\n<p>Antes de morrer, Francisco classificou o document\u00e1rio como &#8220;um projeto extremamente po\u00e9tico e muito construtivo porque vai \u00e0s ra\u00edzes do que \u00e9 a vida humana, a sociabilidade humana, os conflitos humanos, a ess\u00eancia da jornada de uma vida&#8221;. O bi\u00f3grafo do papa, Fabio Marchese Ragona, que trabalhou com Francisco na autobiografia&nbsp;<em>Vida: minha hist\u00f3ria atrav\u00e9s da Hist\u00f3ria<\/em>&nbsp;(Ed. Harper Collins), que tamb\u00e9m deve se tornar um filme, afirmou em entrevista ao jornal franc\u00eas&nbsp;<em>Le Monde<\/em>&nbsp;que classificaria o pontificado de Francisco como &#8220;revolucion\u00e1rio&#8221;, centrado &#8220;no que eu chamaria de uma revolu\u00e7\u00e3o de ternura.<\/p>\n\n\n\n<p>A Igreja de Francisco, segundo Ragona, n\u00e3o julga e n\u00e3o olha os fi\u00e9is de cima para baixo. &#8220;Eu tamb\u00e9m destacaria a proximidade de Francisco com o p\u00fablico e sua forma de se comunicar &#8211; franca direta, acess\u00edvel a todos&#8221;, afirmou Ragona. &#8220;Muitos diziam que era apenas marketing, mas quem o conhecia pessoalmente pode testemunhar que ele, de fato, \u00e9 assim. E tudo isso com uma certa ironia: comigo, ele nunca encerrava um encontro ou um telefonema sem uma piada. Toda manh\u00e3 ele rezava para S\u00e3o Thomas More (1478-1535) pelo dom do bom humor.&#8221;<\/p>\n\n\n\n<p>Segundo Ragona, Francisco conseguiu fazer o que a congrega\u00e7\u00e3o havia pedido para o futuro papa antes do conclave de 2013, uma reforma estrutural da c\u00faria romana, uma reorganiza\u00e7\u00e3o dos escrit\u00f3rios, incluindo uma reforma econ\u00f4mica e uma simplifica\u00e7\u00e3o das regras e procedimentos administrativos.<\/p>\n\n\n\n<p>&#8220;Nesses e em outros fronts, como o da luta contra a pedofilia, o caminho est\u00e1 longe do fim&#8221;, disse o bi\u00f3grafo. &#8220;Mas, na minha opini\u00e3o, ele foi um grande papa porque conseguiu mudar as coisas, pelo menos um pouco. Mesmo ciente de que estava fazendo inimigos, ele sempre seguiu em frente.&#8221;<\/p>\n","protected":false},"excerpt":{"rendered":"<p>T\u00edtulo ser\u00e1 &#8216;Aldeas &#8211; A New Story&#8217;\u00a0 Scorsese vai lan\u00e7ar document\u00e1rio com conversas que teve com papa Francisco. (Foto: Reprodu\u00e7\u00e3o) O cineasta Martin Scorsese anunciou nesta quinta-feira (1\u00aa\/5), que j\u00e1 trabalha em um document\u00e1rio que trar\u00e1 conversas que teve com papa Francisco, no que ele chama de &#8220;a \u00faltima entrevista do pont\u00edfice em profundidade para [&hellip;]<\/p>\n","protected":false},"author":1,"featured_media":8121,"comment_status":"open","ping_status":"open","sticky":false,"template":"","format":"standard","meta":{"footnotes":""},"categories":[1],"tags":[],"class_list":["post-8120","post","type-post","status-publish","format-standard","has-post-thumbnail","hentry","category-sem-categoria"],"_links":{"self":[{"href":"https:\/\/aguaslindasnoticias.com.br\/index.php\/wp-json\/wp\/v2\/posts\/8120","targetHints":{"allow":["GET"]}}],"collection":[{"href":"https:\/\/aguaslindasnoticias.com.br\/index.php\/wp-json\/wp\/v2\/posts"}],"about":[{"href":"https:\/\/aguaslindasnoticias.com.br\/index.php\/wp-json\/wp\/v2\/types\/post"}],"author":[{"embeddable":true,"href":"https:\/\/aguaslindasnoticias.com.br\/index.php\/wp-json\/wp\/v2\/users\/1"}],"replies":[{"embeddable":true,"href":"https:\/\/aguaslindasnoticias.com.br\/index.php\/wp-json\/wp\/v2\/comments?post=8120"}],"version-history":[{"count":1,"href":"https:\/\/aguaslindasnoticias.com.br\/index.php\/wp-json\/wp\/v2\/posts\/8120\/revisions"}],"predecessor-version":[{"id":8122,"href":"https:\/\/aguaslindasnoticias.com.br\/index.php\/wp-json\/wp\/v2\/posts\/8120\/revisions\/8122"}],"wp:featuredmedia":[{"embeddable":true,"href":"https:\/\/aguaslindasnoticias.com.br\/index.php\/wp-json\/wp\/v2\/media\/8121"}],"wp:attachment":[{"href":"https:\/\/aguaslindasnoticias.com.br\/index.php\/wp-json\/wp\/v2\/media?parent=8120"}],"wp:term":[{"taxonomy":"category","embeddable":true,"href":"https:\/\/aguaslindasnoticias.com.br\/index.php\/wp-json\/wp\/v2\/categories?post=8120"},{"taxonomy":"post_tag","embeddable":true,"href":"https:\/\/aguaslindasnoticias.com.br\/index.php\/wp-json\/wp\/v2\/tags?post=8120"}],"curies":[{"name":"wp","href":"https:\/\/api.w.org\/{rel}","templated":true}]}}