{"id":8114,"date":"2025-05-03T01:53:49","date_gmt":"2025-05-03T04:53:49","guid":{"rendered":"https:\/\/aguaslindasnoticias.com.br\/?p=8114"},"modified":"2025-05-29T01:56:24","modified_gmt":"2025-05-29T04:56:24","slug":"8114","status":"publish","type":"post","link":"https:\/\/aguaslindasnoticias.com.br\/index.php\/2025\/05\/03\/8114\/","title":{"rendered":""},"content":{"rendered":"\n<p><a>Acidente de tr\u00e2nsito em Mineiros mata uma pessoa e deixa outra ferida<\/a><\/p>\n\n\n\n<p>Jovem que veia a \u00f3bito tinha 18 anos<a href=\"https:\/\/www.aredacao.com.br\/noticias\/231750\/acidente-de-transito-em-mineiros-mata-uma-pessoa-e-deixa-outra-ferida#\"><\/a>\u00a0<\/p>\n\n\n\n<p><\/p>\n\n\n\n<figure class=\"wp-block-image\"><img decoding=\"async\" src=\"https:\/\/files.aredacao.com.br\/upload\/content\/acidente-de-transito-em-mineiros-mata-uma-pessoa-e-deixa-outra-ferida.jpg\" alt=\"Acidente de tr\u00e2nsito em Mineiros mata uma pessoa e deixa outra ferida\" title=\"Acidente de tr\u00e2nsito em Mineiros mata uma pessoa e deixa outra ferida\"\/><\/figure>\n\n\n\n<p>Acidente de tr\u00e2nsito em Mineiros mata uma pessoa e deixa outra ferida. (Foto: Reprodu\u00e7a\u00f5)<\/p>\n\n\n\n<p><\/p>\n\n\n\n<p>\u00a0Um acidente de tr\u00e2nsito registrado nesta sexta-feira (2\/5), em Mineiros, tirou a vida de Miguel Cortizo Martins, de 18 anos, e deixou ferido um colega do jovem. Segundo o Corpo de Bombeiros Militar de Goi\u00e1s (CBMGO), os dois estavam dentro de um carro que trafegava pela Avenida do Cedro, a cerca de 1 km do per\u00edmetro urbano da cidade, quando o ve\u00edculo perdeu o controle em uma curva e saiu da pista. Com os impacto, as v\u00edtimas foram lan\u00e7adas para fora do autom\u00f3vel.\u00a0<\/p>\n\n\n\n<p>O Instituto M\u00e9dico Legal (IML) foi acionado para realizar a per\u00edcia e as causas do acidente j\u00e1 est\u00e3o sendo apuradas. O que se sabe at\u00e9 agora \u00e9 que Miguel apresentava m\u00faltiplas fraturas e j\u00e1 estava sem sinais vitais quando a ajuda chegou. Al\u00e9m dos bombeiros, agentes da Pol\u00edcia Militar de Goi\u00e1s (PMGO) e m\u00e9dicos do Servi\u00e7o de Atendimento M\u00f3vel de Urg\u00eancia (Samu) estiveram no local.<\/p>\n\n\n\n<p>O jovem que ficou ferido, e n\u00e3o teve sua identidade divulgada, foi encaminhado \u00e0 uma unidade de sa\u00fade com fraturas no bra\u00e7o e ferimentos leves.&nbsp;<\/p>\n","protected":false},"excerpt":{"rendered":"<p>Acidente de tr\u00e2nsito em Mineiros mata uma pessoa e deixa outra ferida Jovem que veia a \u00f3bito tinha 18 anos\u00a0 Acidente de tr\u00e2nsito em Mineiros mata uma pessoa e deixa outra ferida. (Foto: Reprodu\u00e7a\u00f5) \u00a0Um acidente de tr\u00e2nsito registrado nesta sexta-feira (2\/5), em Mineiros, tirou a vida de Miguel Cortizo Martins, de 18 anos, e [&hellip;]<\/p>\n","protected":false},"author":1,"featured_media":8115,"comment_status":"open","ping_status":"open","sticky":false,"template":"","format":"standard","meta":{"footnotes":""},"categories":[1],"tags":[],"class_list":["post-8114","post","type-post","status-publish","format-standard","has-post-thumbnail","hentry","category-sem-categoria"],"_links":{"self":[{"href":"https:\/\/aguaslindasnoticias.com.br\/index.php\/wp-json\/wp\/v2\/posts\/8114","targetHints":{"allow":["GET"]}}],"collection":[{"href":"https:\/\/aguaslindasnoticias.com.br\/index.php\/wp-json\/wp\/v2\/posts"}],"about":[{"href":"https:\/\/aguaslindasnoticias.com.br\/index.php\/wp-json\/wp\/v2\/types\/post"}],"author":[{"embeddable":true,"href":"https:\/\/aguaslindasnoticias.com.br\/index.php\/wp-json\/wp\/v2\/users\/1"}],"replies":[{"embeddable":true,"href":"https:\/\/aguaslindasnoticias.com.br\/index.php\/wp-json\/wp\/v2\/comments?post=8114"}],"version-history":[{"count":1,"href":"https:\/\/aguaslindasnoticias.com.br\/index.php\/wp-json\/wp\/v2\/posts\/8114\/revisions"}],"predecessor-version":[{"id":8116,"href":"https:\/\/aguaslindasnoticias.com.br\/index.php\/wp-json\/wp\/v2\/posts\/8114\/revisions\/8116"}],"wp:featuredmedia":[{"embeddable":true,"href":"https:\/\/aguaslindasnoticias.com.br\/index.php\/wp-json\/wp\/v2\/media\/8115"}],"wp:attachment":[{"href":"https:\/\/aguaslindasnoticias.com.br\/index.php\/wp-json\/wp\/v2\/media?parent=8114"}],"wp:term":[{"taxonomy":"category","embeddable":true,"href":"https:\/\/aguaslindasnoticias.com.br\/index.php\/wp-json\/wp\/v2\/categories?post=8114"},{"taxonomy":"post_tag","embeddable":true,"href":"https:\/\/aguaslindasnoticias.com.br\/index.php\/wp-json\/wp\/v2\/tags?post=8114"}],"curies":[{"name":"wp","href":"https:\/\/api.w.org\/{rel}","templated":true}]}}