{"id":8099,"date":"2025-04-06T09:02:00","date_gmt":"2025-04-06T12:02:00","guid":{"rendered":"https:\/\/aguaslindasnoticias.com.br\/?p=8099"},"modified":"2025-04-24T17:06:02","modified_gmt":"2025-04-24T20:06:02","slug":"base-caiadista-pode-ter-multiplas-candidaturas-avulsas-para-o-senado","status":"publish","type":"post","link":"https:\/\/aguaslindasnoticias.com.br\/index.php\/2025\/04\/06\/base-caiadista-pode-ter-multiplas-candidaturas-avulsas-para-o-senado\/","title":{"rendered":"Base caiadista pode ter m\u00faltiplas candidaturas avulsas para o Senado"},"content":{"rendered":"\n<p>Aliados disputam vagas na chapa majorit\u00e1ria<a href=\"https:\/\/www.aredacao.com.br\/noticias\/229699\/base-caiadista-pode-ter-multiplas-candidaturas-avulsas-para-o-senado#\"><\/a>\u00a0<\/p>\n\n\n\n<figure class=\"wp-block-image\"><img decoding=\"async\" src=\"https:\/\/files.aredacao.com.br\/upload\/content\/base-caiadista-pode-ter-multiplas-candidaturas-avulsas-para-o-senado.jpg\" alt=\"Base caiadista pode ter m\u00faltiplas candidaturas avulsas para o Senado\" title=\"Base caiadista pode ter m\u00faltiplas candidaturas avulsas para o Senado\"\/><\/figure>\n\n\n\n<p>Governador Ronaldo Caiado (Foto: Secom)<\/p>\n\n\n\n<p><\/p>\n\n\n\n<p>As articula\u00e7\u00f5es para as elei\u00e7\u00f5es de 2026 na base caiadista seguem intensas, com partidos buscando alternativas para acomodar diferentes for\u00e7as pol\u00edticas. A possibilidade de candidaturas avulsas ao Senado surge como solu\u00e7\u00e3o para contemplar aliados sem comprometer a unidade do grupo.<\/p>\n\n\n\n<p>Com Ronaldo Caiado fora do governo no pr\u00f3ximo ano e focado na disputa presidencial, o vice-governador Daniel Vilela ter\u00e1 o desafio de manter a coes\u00e3o da base. Nos bastidores, h\u00e1 um embate entre lideran\u00e7as que pleiteiam uma das duas vagas ao Senado, incluindo nomes de peso e at\u00e9 surpresas no cen\u00e1rio pol\u00edtico.<\/p>\n\n\n\n<p>O Tribunal Superior Eleitoral (TSE) permite que partidos coligados para o governo lancem candidatos separados ao Senado, o que poderia aumentar significativamente o n\u00famero de postulantes. Atualmente, figuram na lista de poss\u00edveis candidatos nomes como a primeira-dama Gracinha Caiado, o ex-prefeito de Aparecida de Goi\u00e2nia Gustavo Mendanha e o presidente do PP em Goi\u00e1s, Alexandre Baldy. Al\u00e9m disso, o cantor Gusttavo Lima foi mencionado como uma alternativa, o que adicionaria um elemento inusitado \u00e0 disputa. O sertanejo, no entanto, j\u00e1 tirou o time de campo e revelou que n\u00e3o deve disputar qualquer cargo eletivo no pr\u00f3ximo pleito.&nbsp;<\/p>\n\n\n\n<p>O cientista pol\u00edtico Rafael Nogueira avalia que o principal desafio ser\u00e1 manter a base unida diante de tantas pretens\u00f5es pol\u00edticas. &#8220;Com Caiado fora do governo, h\u00e1 um v\u00e1cuo de lideran\u00e7a. Daniel Vilela ter\u00e1 que demonstrar habilidade para acomodar essas for\u00e7as e evitar rupturas que possam fragilizar a coliga\u00e7\u00e3o,&#8221; destaca.<\/p>\n\n\n\n<p>Nogueira avalia que aos poucos a disputa interna j\u00e1 come\u00e7a a se desenhar. A primeira-dama Gracinha Caiado, por exemplo, tem forte presen\u00e7a em programas sociais e base consolidada no interior do estado. Sua eventual candidatura ao Senado poderia contar com o apoio direto do governador.<\/p>\n\n\n\n<p>Por outro lado, Gustavo Mendanha, que j\u00e1 disputou o governo em 2022, busca consolidar sua posi\u00e7\u00e3o dentro do MDB e pode mirar tanto o Senado quanto a vice-governadoria. Outro nome em evid\u00eancia \u00e9 o de Alexandre Baldy, que j\u00e1 se articula para garantir apoio dentro da base e consolidar sua candidatura.<\/p>\n\n\n\n<p><strong>Bastidores da Disputa<\/strong><\/p>\n\n\n\n<p>Al\u00e9m da incerteza sobre os nomes que concorrer\u00e3o ao Senado, h\u00e1 um fator extra que complica o cen\u00e1rio: a influ\u00eancia do governador Ronaldo Caiado mesmo fora do governo. Embora sua prioridade seja a candidatura presidencial, fontes ligadas ao governo indicam que ele pretende ter papel ativo na defini\u00e7\u00e3o dos candidatos da base ao Senado.<\/p>\n\n\n\n<p>Para um articulador pol\u00edtico pr\u00f3ximo ao governo, que preferiu n\u00e3o se identificar, o cen\u00e1rio reflete o peso que Caiado ainda exerce na pol\u00edtica goiana. &#8220;Ele n\u00e3o vai impor nomes, mas a base espera um direcionamento dele. O desafio \u00e9 que h\u00e1 muitos aliados de peso e n\u00e3o h\u00e1 espa\u00e7o para todos na chapa principal&#8221;, explicou.<\/p>\n\n\n\n<p>Nos bastidores, h\u00e1 articula\u00e7\u00f5es para evitar um embate direto entre aliados e garantir que a base mantenha sua for\u00e7a pol\u00edtica sem rachaduras. A avalia\u00e7\u00e3o entre l\u00edderes partid\u00e1rios \u00e9 de que, mesmo com m\u00faltiplas candidaturas ao Senado, o grupo precisa atuar com coordena\u00e7\u00e3o para que os votos n\u00e3o se dispersem e beneficiem a oposi\u00e7\u00e3o.<\/p>\n\n\n\n<p><strong>Rea\u00e7\u00e3o do Meio Pol\u00edtico<\/strong><\/p>\n\n\n\n<p>O fato de a base caiadista cogitar m\u00faltiplas candidaturas ao Senado tem gerado rea\u00e7\u00f5es entre advers\u00e1rios pol\u00edticos. L\u00edderes da oposi\u00e7\u00e3o avaliam que essa movimenta\u00e7\u00e3o pode enfraquecer o grupo governista.<\/p>\n\n\n\n<p>&#8220;Se houver muitos candidatos disputando entre si, a base pode perder for\u00e7a e abrir espa\u00e7o para a oposi\u00e7\u00e3o crescer&#8221;, disse um analista pol\u00edtico ouvido pela reportagem.<\/p>\n\n\n\n<p>Por outro lado, aliados de Caiado minimizam os riscos. &#8220;Essa possibilidade apenas fortalece a base. Com mais nomes disputando, aumentamos nossas chances de garantir que os dois eleitos sejam da alian\u00e7a governista&#8221;, argumenta um l\u00edder pol\u00edtico pr\u00f3ximo ao grupo governista.<\/p>\n\n\n\n<p>H\u00e1 cerca de um ano e meio antes do in\u00edcio oficial das campanhas, o cen\u00e1rio segue indefinido. Os pr\u00f3ximos passos da base caiadista ser\u00e3o cruciais para determinar se a estrat\u00e9gia de m\u00faltiplas candidaturas ao Senado ser\u00e1 um trunfo ou um problema para a alian\u00e7a governista em Goi\u00e1s.<\/p>\n\n\n\n<p><strong>M\u00faltiplas candidaturas<\/strong><\/p>\n\n\n\n<p>O governador Ronaldo Caiado comentou recentemente em entrevista ao Portal Metr\u00f3poles a possibilidade de m\u00faltiplas candidaturas na base e a cada partido, o que pode ampliar significativamente o n\u00famero de candidatos da base governista.<\/p>\n\n\n\n<p>&#8220;Temos oito partidos aliados. Se cada um lan\u00e7ar dois nomes, podemos ter at\u00e9 16 candidatos ao Senado dentro da mesma coliga\u00e7\u00e3o,&#8221; declarou Caiado em entrevista ao portal Metr\u00f3poles.<\/p>\n\n\n\n<p>A experi\u00eancia da elei\u00e7\u00e3o de 2022 refor\u00e7a a complexidade da disputa. Naquele ano, a base de Caiado lan\u00e7ou tr\u00eas candidatos ao Senado, mas nenhum deles foi eleito. O vencedor foi Wilder Morais, do PL. A \u00e9poca, o ent\u00e3o deputado federal Delegado Waldir, hoje presidente do Detran-GO fez consulta ao Tribunal Superior Eleitoral (TSE) sobre as candidaturas isoladas para o Senado.&nbsp;&nbsp;<\/p>\n\n\n\n<p>Aspectos Jur\u00eddicos<\/p>\n\n\n\n<p>A advogada eleitoralista Ana Beatriz Souza esclarece que, no Brasil, candidaturas avulsas &#8211; sem v\u00ednculo partid\u00e1rio &#8211; s\u00e3o proibidas. No entanto, candidaturas isoladas dentro de uma coliga\u00e7\u00e3o s\u00e3o permitidas, desde que respeitem as regras partid\u00e1rias.<\/p>\n\n\n\n<p>&#8220;Se um grupo de partidos se une para lan\u00e7ar um candidato a governador, eles n\u00e3o precisam necessariamente lan\u00e7ar um \u00fanico candidato ao Senado. Cada legenda pode apresentar seu pr\u00f3prio nome para a disputa, desde que respeite os limites do TSE&#8221;, explica.<\/p>\n\n\n\n<p>A movimenta\u00e7\u00e3o pol\u00edtica em Goi\u00e1s nos pr\u00f3ximos meses ser\u00e1 crucial para definir os rumos da base caiadista. Se as candidaturas avulsas forem de fato adotadas, o eleitor poder\u00e1 ter uma grande variedade de op\u00e7\u00f5es dentro do mesmo grupo pol\u00edtico, tornando a disputa pelo Senado ainda mais imprevis\u00edvel.<\/p>\n\n\n\n<p><\/p>\n","protected":false},"excerpt":{"rendered":"<p>Aliados disputam vagas na chapa majorit\u00e1ria\u00a0 Governador Ronaldo Caiado (Foto: Secom) As articula\u00e7\u00f5es para as elei\u00e7\u00f5es de 2026 na base caiadista seguem intensas, com partidos buscando alternativas para acomodar diferentes for\u00e7as pol\u00edticas. A possibilidade de candidaturas avulsas ao Senado surge como solu\u00e7\u00e3o para contemplar aliados sem comprometer a unidade do grupo. Com Ronaldo Caiado fora [&hellip;]<\/p>\n","protected":false},"author":1,"featured_media":8100,"comment_status":"open","ping_status":"open","sticky":false,"template":"","format":"standard","meta":{"footnotes":""},"categories":[1],"tags":[],"class_list":["post-8099","post","type-post","status-publish","format-standard","has-post-thumbnail","hentry","category-sem-categoria"],"_links":{"self":[{"href":"https:\/\/aguaslindasnoticias.com.br\/index.php\/wp-json\/wp\/v2\/posts\/8099","targetHints":{"allow":["GET"]}}],"collection":[{"href":"https:\/\/aguaslindasnoticias.com.br\/index.php\/wp-json\/wp\/v2\/posts"}],"about":[{"href":"https:\/\/aguaslindasnoticias.com.br\/index.php\/wp-json\/wp\/v2\/types\/post"}],"author":[{"embeddable":true,"href":"https:\/\/aguaslindasnoticias.com.br\/index.php\/wp-json\/wp\/v2\/users\/1"}],"replies":[{"embeddable":true,"href":"https:\/\/aguaslindasnoticias.com.br\/index.php\/wp-json\/wp\/v2\/comments?post=8099"}],"version-history":[{"count":1,"href":"https:\/\/aguaslindasnoticias.com.br\/index.php\/wp-json\/wp\/v2\/posts\/8099\/revisions"}],"predecessor-version":[{"id":8101,"href":"https:\/\/aguaslindasnoticias.com.br\/index.php\/wp-json\/wp\/v2\/posts\/8099\/revisions\/8101"}],"wp:featuredmedia":[{"embeddable":true,"href":"https:\/\/aguaslindasnoticias.com.br\/index.php\/wp-json\/wp\/v2\/media\/8100"}],"wp:attachment":[{"href":"https:\/\/aguaslindasnoticias.com.br\/index.php\/wp-json\/wp\/v2\/media?parent=8099"}],"wp:term":[{"taxonomy":"category","embeddable":true,"href":"https:\/\/aguaslindasnoticias.com.br\/index.php\/wp-json\/wp\/v2\/categories?post=8099"},{"taxonomy":"post_tag","embeddable":true,"href":"https:\/\/aguaslindasnoticias.com.br\/index.php\/wp-json\/wp\/v2\/tags?post=8099"}],"curies":[{"name":"wp","href":"https:\/\/api.w.org\/{rel}","templated":true}]}}