{"id":8071,"date":"2024-12-26T09:45:01","date_gmt":"2024-12-26T12:45:01","guid":{"rendered":"https:\/\/aguaslindasnoticias.com.br\/?p=8071"},"modified":"2025-01-16T09:50:16","modified_gmt":"2025-01-16T12:50:16","slug":"hospital-divulga-boletim-com-estado-de-saude-de-preta-gil-estavelhospital-divulga-nota-sobre-estado-da-cantora-preta-gil-passou-por-cirurgia-de-21-horas-na-ultima-quinta-feira-19","status":"publish","type":"post","link":"https:\/\/aguaslindasnoticias.com.br\/index.php\/2024\/12\/26\/hospital-divulga-boletim-com-estado-de-saude-de-preta-gil-estavelhospital-divulga-nota-sobre-estado-da-cantora-preta-gil-passou-por-cirurgia-de-21-horas-na-ultima-quinta-feira-19\/","title":{"rendered":"Hospital divulga boletim com estado de sa\u00fade de Preta Gil: &#8216;Est\u00e1vel&#8217;Hospital divulga nota sobre estado da cantora; Preta Gil passou por cirurgia de 21 horas na \u00faltima quinta-feira (19)"},"content":{"rendered":"\n<h1 class=\"wp-block-heading\">(19)<\/h1>\n\n\n\n<figure class=\"wp-block-image size-full\"><img decoding=\"async\" width=\"774\" height=\"435\" src=\"https:\/\/aguaslindasnoticias.com.br\/wp-content\/uploads\/2025\/01\/408264541-hospital-divulga-boletim-com-estado-de-saude-de-preta-gil-estavel.webp\" alt=\"\" class=\"wp-image-8072\" srcset=\"https:\/\/aguaslindasnoticias.com.br\/wp-content\/uploads\/2025\/01\/408264541-hospital-divulga-boletim-com-estado-de-saude-de-preta-gil-estavel.webp 774w, https:\/\/aguaslindasnoticias.com.br\/wp-content\/uploads\/2025\/01\/408264541-hospital-divulga-boletim-com-estado-de-saude-de-preta-gil-estavel-300x169.webp 300w, https:\/\/aguaslindasnoticias.com.br\/wp-content\/uploads\/2025\/01\/408264541-hospital-divulga-boletim-com-estado-de-saude-de-preta-gil-estavel-768x432.webp 768w\" sizes=\"(max-width: 774px) 100vw, 774px\" \/><\/figure>\n\n\n\n<p><\/p>\n\n\n\n<ul class=\"wp-block-list\">\n<li>O Hospital S\u00edrio Liban\u00eas, de S\u00e3o Paulo, divulgou na tarde deste s\u00e1bado (21) um boletim de sa\u00fade de Preta Gil. Na \u00faltima quinta-feira (19), a cantora passou por uma cirurgia de 21 horas para a retirada de tumores. O procedimento faz parte de seu tratamento contra o c\u00e2ncer de intestino, diagnosticado pela primeira vez em 2023.<\/li>\n<\/ul>\n\n\n\n<p><strong>Como est\u00e1 Preta Gil?<\/strong><br>Como divulgado pela equipe m\u00e9dica do hospital, a cantora est\u00e1 est\u00e1vel e passa bem, seguindo o procedimento esperado pelos profissionais. &#8220;A paciente Preta Maria Gadelha Gil Moreira (Preta Gil) foi submetida a uma cirurgia na \u00faltima quinta-feira, dia 19 de dezembro. No momento, encontra-se em estado est\u00e1vel e dever\u00e1 permanecer internada na Unidade de Terapia Intensiva (UTI) pelos pr\u00f3ximos dias, conforme planejado&#8221;, diz a nota.<\/p>\n\n\n\n<p><strong>Qual \u00e9 o estado de sa\u00fade de Preta Gil?<\/strong><br>Como divulgado em comunicado da assessoria na sexta-feira (20), a filha de Gilberto Gil permanece sedada para controle da dor. A previs\u00e3o da equipe m\u00e9dica \u00e9 de que ela comece a sair da seda\u00e7\u00e3o neste s\u00e1bado. &#8220;Assim que poss\u00edvel, ser\u00e1 divulgado um boletim m\u00e9dico oficial, que deve ser compartilhado nas redes sociais de Preta&#8221;, informou.<\/p>\n\n\n\n<p><strong>Qual doen\u00e7a enfrenta Preta Gil?<\/strong><br>Em janeiro de 2023, a cantora foi diagnosticada com adenocarcinoma, um c\u00e2ncer no intestino. Na ocasi\u00e3o, realizou cirurgia e os tratamentos de quimioterapia e radioterapia, chegando \u00e0 remiss\u00e3o da doen\u00e7a. No entanto, em agosto deste ano, a cantora anunciou que o c\u00e2ncer havia voltado em diferentes partes do seu corpo: dois tumores nos linfonodos, um n\u00f3dulo na ur\u00e9ter e met\u00e1stase no perit\u00f4nio.<\/p>\n","protected":false},"excerpt":{"rendered":"<p>(19) Como est\u00e1 Preta Gil?Como divulgado pela equipe m\u00e9dica do hospital, a cantora est\u00e1 est\u00e1vel e passa bem, seguindo o procedimento esperado pelos profissionais. &#8220;A paciente Preta Maria Gadelha Gil Moreira (Preta Gil) foi submetida a uma cirurgia na \u00faltima quinta-feira, dia 19 de dezembro. No momento, encontra-se em estado est\u00e1vel e dever\u00e1 permanecer internada [&hellip;]<\/p>\n","protected":false},"author":1,"featured_media":8072,"comment_status":"open","ping_status":"open","sticky":false,"template":"","format":"standard","meta":{"footnotes":""},"categories":[1],"tags":[],"class_list":["post-8071","post","type-post","status-publish","format-standard","has-post-thumbnail","hentry","category-sem-categoria"],"_links":{"self":[{"href":"https:\/\/aguaslindasnoticias.com.br\/index.php\/wp-json\/wp\/v2\/posts\/8071","targetHints":{"allow":["GET"]}}],"collection":[{"href":"https:\/\/aguaslindasnoticias.com.br\/index.php\/wp-json\/wp\/v2\/posts"}],"about":[{"href":"https:\/\/aguaslindasnoticias.com.br\/index.php\/wp-json\/wp\/v2\/types\/post"}],"author":[{"embeddable":true,"href":"https:\/\/aguaslindasnoticias.com.br\/index.php\/wp-json\/wp\/v2\/users\/1"}],"replies":[{"embeddable":true,"href":"https:\/\/aguaslindasnoticias.com.br\/index.php\/wp-json\/wp\/v2\/comments?post=8071"}],"version-history":[{"count":1,"href":"https:\/\/aguaslindasnoticias.com.br\/index.php\/wp-json\/wp\/v2\/posts\/8071\/revisions"}],"predecessor-version":[{"id":8073,"href":"https:\/\/aguaslindasnoticias.com.br\/index.php\/wp-json\/wp\/v2\/posts\/8071\/revisions\/8073"}],"wp:featuredmedia":[{"embeddable":true,"href":"https:\/\/aguaslindasnoticias.com.br\/index.php\/wp-json\/wp\/v2\/media\/8072"}],"wp:attachment":[{"href":"https:\/\/aguaslindasnoticias.com.br\/index.php\/wp-json\/wp\/v2\/media?parent=8071"}],"wp:term":[{"taxonomy":"category","embeddable":true,"href":"https:\/\/aguaslindasnoticias.com.br\/index.php\/wp-json\/wp\/v2\/categories?post=8071"},{"taxonomy":"post_tag","embeddable":true,"href":"https:\/\/aguaslindasnoticias.com.br\/index.php\/wp-json\/wp\/v2\/tags?post=8071"}],"curies":[{"name":"wp","href":"https:\/\/api.w.org\/{rel}","templated":true}]}}