{"id":8063,"date":"2024-12-24T09:32:11","date_gmt":"2024-12-24T12:32:11","guid":{"rendered":"https:\/\/aguaslindasnoticias.com.br\/?p=8063"},"modified":"2025-01-16T09:37:23","modified_gmt":"2025-01-16T12:37:23","slug":"mercado-eleva-estimativa-da-inflacao-e-dos-juros-nos-proximos-anos","status":"publish","type":"post","link":"https:\/\/aguaslindasnoticias.com.br\/index.php\/2024\/12\/24\/mercado-eleva-estimativa-da-inflacao-e-dos-juros-nos-proximos-anos\/","title":{"rendered":"Mercado eleva estimativa da infla\u00e7\u00e3o e dos juros nos pr\u00f3ximos anos"},"content":{"rendered":"\n<p>IPCA deve fechar o ano a 4,84%, enquanto a Selic deve ficar em 12,25%<\/p>\n\n\n\n<figure class=\"wp-block-image\"><img decoding=\"async\" src=\"https:\/\/imagens.ebc.com.br\/2_APcQoX8vQJL4zEw3jcl1j69Ko=\/1170x700\/smart\/https:\/\/agenciabrasil.ebc.com.br\/sites\/default\/files\/thumbnails\/image\/economia_1609210425_0.jpg?itok=oDgrhjTf\" alt=\"Economia, Moeda, Real,Dinheiro, Calculadora\nFoto: Marcello Casal Jr\/Ag\u00eancia Brasil\/Arquivo\" title=\"Marcello Casal Jr\/Ag\u00eancia Brasil\/Arquivo\"\/><figcaption class=\"wp-element-caption\">\u00a9 Marcello Casal Jr<\/figcaption><\/figure>\n\n\n\n<p>O mercado financeiro elevou a estimativa da infla\u00e7\u00e3o e da taxa de juros para os pr\u00f3ximos anos.&nbsp;<img decoding=\"async\" src=\"https:\/\/agenciabrasil.ebc.com.br\/ebc.png?id=1623825&amp;o=node\"><img decoding=\"async\" src=\"https:\/\/agenciabrasil.ebc.com.br\/ebc.gif?id=1623825&amp;o=node\"><\/p>\n\n\n\n<p>\u00c9 o que revela o Boletim Focus divulgado nesta segunda-feira (16) pelo Banco Central.<\/p>\n\n\n\n<p>De acordo com os analistas financeiros, o IPCA, \u00edndice oficial da infla\u00e7\u00e3o, deve fechar o ano a 4,89%, contra 4,84% na semana anterior.&nbsp;<\/p>\n\n\n\n<p>A taxa Selic, refer\u00eancia dos juros no pa\u00eds, pode ficar em 12% ao ano em 2024 e superar os 14% em 2025.<\/p>\n\n\n\n<p>Para o PIB, Produto Interno Bruto, tudo que \u00e9 produzido pela economia do pa\u00eds, a estimativa aumentou para 3,42% de crescimento neste ano, quarta alta seguida.<\/p>\n\n\n\n<p>Esse \u00e9 o primeiro boletim depois da decis\u00e3o do Copom de elevar a taxa Selic a 12,25%<\/p>\n\n\n\n<p><\/p>\n","protected":false},"excerpt":{"rendered":"<p>IPCA deve fechar o ano a 4,84%, enquanto a Selic deve ficar em 12,25% O mercado financeiro elevou a estimativa da infla\u00e7\u00e3o e da taxa de juros para os pr\u00f3ximos anos.&nbsp; \u00c9 o que revela o Boletim Focus divulgado nesta segunda-feira (16) pelo Banco Central. De acordo com os analistas financeiros, o IPCA, \u00edndice oficial [&hellip;]<\/p>\n","protected":false},"author":1,"featured_media":8064,"comment_status":"open","ping_status":"open","sticky":false,"template":"","format":"standard","meta":{"footnotes":""},"categories":[1],"tags":[],"class_list":["post-8063","post","type-post","status-publish","format-standard","has-post-thumbnail","hentry","category-sem-categoria"],"_links":{"self":[{"href":"https:\/\/aguaslindasnoticias.com.br\/index.php\/wp-json\/wp\/v2\/posts\/8063","targetHints":{"allow":["GET"]}}],"collection":[{"href":"https:\/\/aguaslindasnoticias.com.br\/index.php\/wp-json\/wp\/v2\/posts"}],"about":[{"href":"https:\/\/aguaslindasnoticias.com.br\/index.php\/wp-json\/wp\/v2\/types\/post"}],"author":[{"embeddable":true,"href":"https:\/\/aguaslindasnoticias.com.br\/index.php\/wp-json\/wp\/v2\/users\/1"}],"replies":[{"embeddable":true,"href":"https:\/\/aguaslindasnoticias.com.br\/index.php\/wp-json\/wp\/v2\/comments?post=8063"}],"version-history":[{"count":1,"href":"https:\/\/aguaslindasnoticias.com.br\/index.php\/wp-json\/wp\/v2\/posts\/8063\/revisions"}],"predecessor-version":[{"id":8065,"href":"https:\/\/aguaslindasnoticias.com.br\/index.php\/wp-json\/wp\/v2\/posts\/8063\/revisions\/8065"}],"wp:featuredmedia":[{"embeddable":true,"href":"https:\/\/aguaslindasnoticias.com.br\/index.php\/wp-json\/wp\/v2\/media\/8064"}],"wp:attachment":[{"href":"https:\/\/aguaslindasnoticias.com.br\/index.php\/wp-json\/wp\/v2\/media?parent=8063"}],"wp:term":[{"taxonomy":"category","embeddable":true,"href":"https:\/\/aguaslindasnoticias.com.br\/index.php\/wp-json\/wp\/v2\/categories?post=8063"},{"taxonomy":"post_tag","embeddable":true,"href":"https:\/\/aguaslindasnoticias.com.br\/index.php\/wp-json\/wp\/v2\/tags?post=8063"}],"curies":[{"name":"wp","href":"https:\/\/api.w.org\/{rel}","templated":true}]}}