{"id":8060,"date":"2024-12-27T08:46:37","date_gmt":"2024-12-27T11:46:37","guid":{"rendered":"https:\/\/aguaslindasnoticias.com.br\/?p=8060"},"modified":"2025-01-16T09:32:03","modified_gmt":"2025-01-16T12:32:03","slug":"governo-reajusta-valores-de-beneficios-do-inss-para-2025","status":"publish","type":"post","link":"https:\/\/aguaslindasnoticias.com.br\/index.php\/2024\/12\/27\/governo-reajusta-valores-de-beneficios-do-inss-para-2025\/","title":{"rendered":"Governo reajusta valores de benef\u00edcios do INSS para 2025;"},"content":{"rendered":"\n<figure class=\"wp-block-image size-large\"><img decoding=\"async\" width=\"1024\" height=\"495\" src=\"https:\/\/aguaslindasnoticias.com.br\/wp-content\/uploads\/2025\/01\/f4607c42-7d83-11e9-bdbb-00505697492c-wp-1024x495.jpg\" alt=\"\" class=\"wp-image-8061\" srcset=\"https:\/\/aguaslindasnoticias.com.br\/wp-content\/uploads\/2025\/01\/f4607c42-7d83-11e9-bdbb-00505697492c-wp-1024x495.jpg 1024w, https:\/\/aguaslindasnoticias.com.br\/wp-content\/uploads\/2025\/01\/f4607c42-7d83-11e9-bdbb-00505697492c-wp-300x145.jpg 300w, https:\/\/aguaslindasnoticias.com.br\/wp-content\/uploads\/2025\/01\/f4607c42-7d83-11e9-bdbb-00505697492c-wp-768x371.jpg 768w, https:\/\/aguaslindasnoticias.com.br\/wp-content\/uploads\/2025\/01\/f4607c42-7d83-11e9-bdbb-00505697492c-wp.jpg 1280w\" sizes=\"(max-width: 1024px) 100vw, 1024px\" \/><figcaption class=\"wp-element-caption\">INSS, na Jo\u00e3o Negr\u00e3o, para buscar personagem para uma pauta de empr\u00e9stimos consignados.<\/figcaption><\/figure>\n\n\n\n<p>O governo reajustou os valores da aposentadoria, do aux\u00edlio-doen\u00e7a e outros benef\u00edcios do INSS para 2025. (Foto: Jonathan Campos\/Gazeta do Povo\/Arquivo.)<\/p>\n\n\n\n<p>O Minist\u00e9rio da Previd\u00eancia Social anunciou nesta segunda-feira (13) os novos valores que ser\u00e3o pagos a aposentados e pensionistas do Instituto Nacional do Seguro Social (INSS) que recebem acima do sal\u00e1rio m\u00ednimo. Aposentadoria, aux\u00edlio-doen\u00e7a e pens\u00e3o por morte passam a ter o valor m\u00ednimo de R$ 1.518, reajuste de 4,77%, a partir de 1\u00ba de janeiro de 2025.<\/p>\n\n\n\n<p>O teto dos benef\u00edcios previdenci\u00e1rios passou de R$ 7.786,02 para R$ 8.157,41. A corre\u00e7\u00e3o equivale ao \u00cdndice Nacional de Pre\u00e7os ao Consumidor (INPC) de 2024, divulgado pelo Instituto Brasileiro de Geografia e Estat\u00edstica (IBGE). No dia 30 de dezembro, Lula reajustou o sal\u00e1rio m\u00ednimo de R$ 1.412 para R$ 1.518. Com isso, os benef\u00edcio vinculados ao piso nacional tamb\u00e9m foram reajustados.<\/p>\n\n\n\n<p>De acordo com o Planalto, mais de 12,1 milh\u00f5es de benef\u00edcios s\u00e3o pagos com valor superior ao piso nacional que, a partir deste ano, ser\u00e1 de R$ 1.518. O pagamento dos benef\u00edcios do INSS acima do piso vai de 3 a 7 de fevereiro.<\/p>\n\n\n\n<p>Dados fiscalizados do Pix ser\u00e3o cruzados antes de notificar contribuinte, diz secret\u00e1rio<\/p>\n\n\n\n<p>A data de pagamento varia conforme o n\u00famero final do cart\u00e3o de benef\u00edcio, desconsiderando o d\u00edgito verificador, que aparece ap\u00f3s o tra\u00e7o. As pessoas que se aposentaram ou come\u00e7aram a receber pens\u00e3o ou aux\u00edlio ao longo de 2024 \u201cter\u00e3o uma corre\u00e7\u00e3o proporcional ao n\u00famero de meses em que o benef\u00edcio foi concedido\u201d, explicou o governo, em nota.<\/p>\n\n\n\n<p>BPC e outros benef\u00edcios<br>O Benef\u00edcio de Presta\u00e7\u00e3o Continuada (BPC), destinado a idosos e a pessoas com defici\u00eancia em situa\u00e7\u00e3o de extrema pobreza, a renda mensal vital\u00edcia e as pens\u00f5es especiais para dependentes das v\u00edtimas de hemodi\u00e1lise da cidade de Caruaru (PE) tamb\u00e9m s\u00e3o de R$ 1.518,00.<\/p>\n\n\n\n<p>J\u00e1 o benef\u00edcio pago a seringueiros e aos dependentes, com base na Lei n\u00ba 7.986\/89, passa a ser de R$ 3.036. A cota do sal\u00e1rio-fam\u00edlia passa a ser de R$ 65, para o segurado com remunera\u00e7\u00e3o mensal n\u00e3o superior a R$ 1.906,04.<\/p>\n\n\n\n<p>Desconto do INSS no holerite<br>As contribui\u00e7\u00f5es recolhidas \u00e0 Previd\u00eancia Social dos trabalhadores empregados, dom\u00e9sticos e trabalhadores avulsos tamb\u00e9m foram atualizadas. As al\u00edquotas s\u00e3o:<\/p>\n\n\n\n<p>7,5% para quem ganha at\u00e9 R$ 1.518;<br>9% para quem ganha entre R$ 1.518,01 at\u00e9 R$ 2.793,88;<br>12% para quem ganha entre R$ 2.793,89 at\u00e9 R$ 4.190,83;<br>14% para quem ganha de R$ 4.190,84 at\u00e9 R$ 8.157,41.<br>\u201cEssas al\u00edquotas, relativas aos sal\u00e1rios de janeiro, dever\u00e3o ser recolhidas apenas em fevereiro, uma vez que os segurados pagam a contribui\u00e7\u00e3o referente ao m\u00eas anterior\u201d, disse o governo.<\/p>\n\n\n\n<p>Calend\u00e1rio para benef\u00edcio do INSS de at\u00e9 um sal\u00e1rio m\u00ednimo<br>Cerca de 28,5 milh\u00f5es de pessoas, cerca de 70% do total dos aposentados e pensionistas, ganham o sal\u00e1rio m\u00ednimo, que subiu de R$ 1.412 para R$ 1.518. O minist\u00e9rio afirmou que o reajuste para os benef\u00edcios que recebem o m\u00ednimo vai ocorrer de 27 de janeiro a 7 de fevereiro.<\/p>\n\n\n\n<p>Final 1: 27 de janeiro;<br>Final 2: 28 de janeiro;<br>Final 3: 29 de janeiro;<br>Final 4: 30 de janeiro;<br>Final 5: 31 de janeiro;<br>Final 6: 3 de fevereiro;<br>Final 7: 4 de fevereiro;<br>Final 8: 5 de fevereiro;<br>Final 9: 6 de fevereiro;<br>Final 0: 7 de fevereiro.<br>Calend\u00e1rio para benef\u00edcio do INSS acima do sal\u00e1rio m\u00ednimo<\/p>\n\n\n\n<p>Para quem ganha benef\u00edcio acima do valor do piso nacional, o reajuste come\u00e7ar\u00e1 a ser pago a partir das seguintes datas:<\/p>\n\n\n\n<p>Finais 1 e 6: 3 de fevereiro;<br>Finais 2 e 7: 4 de fevereiro;<br>Finais 3 e 8: 5 de fevereiro;<br>Finais 4 e 9: 6 de fevereiro;<br>Finais 5 e 0: 7 de fevereiro.<br>Seguro-desemprego 2025<br>No \u00faltimo dia 10, o Minist\u00e9rio do Trabalho divulgou a nova tabela do seguro-desemprego para 2025. O valor do benef\u00edcio n\u00e3o ser\u00e1 inferior ao sal\u00e1rio m\u00ednimo vigente, atualmente fixado em R$ 1.518. J\u00e1 os trabalhadores com sal\u00e1rios m\u00e9dios superiores a R$ 3.564,96 receber\u00e3o, de forma fixa, o teto estabelecido em R$ 2.424,11. Veja abaixo como calcular o valor da parcela do seguro-desemprego:<\/p>\n\n\n\n<p>Sal\u00e1rio m\u00e9dio de at\u00e9 R$ 2.138,76: multiplica-se o sal\u00e1rio m\u00e9dio por 0,8;<br>Sal\u00e1rio m\u00e9dio de R$ 2.138,77 at\u00e9 R$ 3.564,96: o que exceder a R$ 2.138,76 multiplica-se por 0,5 e soma-se com R$ 1.711,01;<br>Sal\u00e1rio m\u00e9dio acima de R$ 3.564,96: o valor ser\u00e1 invari\u00e1vel de R$ 2.424,11.<\/p>\n\n\n\n<p><\/p>\n","protected":false},"excerpt":{"rendered":"<p>O governo reajustou os valores da aposentadoria, do aux\u00edlio-doen\u00e7a e outros benef\u00edcios do INSS para 2025. (Foto: Jonathan Campos\/Gazeta do Povo\/Arquivo.) O Minist\u00e9rio da Previd\u00eancia Social anunciou nesta segunda-feira (13) os novos valores que ser\u00e3o pagos a aposentados e pensionistas do Instituto Nacional do Seguro Social (INSS) que recebem acima do sal\u00e1rio m\u00ednimo. Aposentadoria, aux\u00edlio-doen\u00e7a [&hellip;]<\/p>\n","protected":false},"author":1,"featured_media":8061,"comment_status":"open","ping_status":"open","sticky":false,"template":"","format":"standard","meta":{"footnotes":""},"categories":[1],"tags":[],"class_list":["post-8060","post","type-post","status-publish","format-standard","has-post-thumbnail","hentry","category-sem-categoria"],"_links":{"self":[{"href":"https:\/\/aguaslindasnoticias.com.br\/index.php\/wp-json\/wp\/v2\/posts\/8060","targetHints":{"allow":["GET"]}}],"collection":[{"href":"https:\/\/aguaslindasnoticias.com.br\/index.php\/wp-json\/wp\/v2\/posts"}],"about":[{"href":"https:\/\/aguaslindasnoticias.com.br\/index.php\/wp-json\/wp\/v2\/types\/post"}],"author":[{"embeddable":true,"href":"https:\/\/aguaslindasnoticias.com.br\/index.php\/wp-json\/wp\/v2\/users\/1"}],"replies":[{"embeddable":true,"href":"https:\/\/aguaslindasnoticias.com.br\/index.php\/wp-json\/wp\/v2\/comments?post=8060"}],"version-history":[{"count":1,"href":"https:\/\/aguaslindasnoticias.com.br\/index.php\/wp-json\/wp\/v2\/posts\/8060\/revisions"}],"predecessor-version":[{"id":8062,"href":"https:\/\/aguaslindasnoticias.com.br\/index.php\/wp-json\/wp\/v2\/posts\/8060\/revisions\/8062"}],"wp:featuredmedia":[{"embeddable":true,"href":"https:\/\/aguaslindasnoticias.com.br\/index.php\/wp-json\/wp\/v2\/media\/8061"}],"wp:attachment":[{"href":"https:\/\/aguaslindasnoticias.com.br\/index.php\/wp-json\/wp\/v2\/media?parent=8060"}],"wp:term":[{"taxonomy":"category","embeddable":true,"href":"https:\/\/aguaslindasnoticias.com.br\/index.php\/wp-json\/wp\/v2\/categories?post=8060"},{"taxonomy":"post_tag","embeddable":true,"href":"https:\/\/aguaslindasnoticias.com.br\/index.php\/wp-json\/wp\/v2\/tags?post=8060"}],"curies":[{"name":"wp","href":"https:\/\/api.w.org\/{rel}","templated":true}]}}