{"id":8057,"date":"2024-12-23T08:22:29","date_gmt":"2024-12-23T11:22:29","guid":{"rendered":"https:\/\/aguaslindasnoticias.com.br\/?p=8057"},"modified":"2025-01-16T08:24:06","modified_gmt":"2025-01-16T11:24:06","slug":"o-que-se-sabe-sobre-queda-de-aviao-que-deixou-10-mortos-em-gramado","status":"publish","type":"post","link":"https:\/\/aguaslindasnoticias.com.br\/index.php\/2024\/12\/23\/o-que-se-sabe-sobre-queda-de-aviao-que-deixou-10-mortos-em-gramado\/","title":{"rendered":"O que se sabe sobre queda de avi\u00e3o que deixou 10 mortos em Gramado"},"content":{"rendered":"\n<figure class=\"wp-block-image\"><img decoding=\"async\" src=\"https:\/\/ichef.bbci.co.uk\/ace\/ws\/640\/cpsprodpb\/65c0\/live\/3240a1c0-c083-11ef-b360-65f6711d3b68.jpg.webp\" alt=\"Imagem mostra parte de casa que foi atingida por aeronave em Gramado, no Rio Grande do Sul\"\/><figcaption class=\"wp-element-caption\">Legenda da foto,Imagem mostra parte de casa que foi atingida por aeronave em Gramado, no Rio Grande do Sul<\/figcaption><\/figure>\n\n\n\n<p>Dez passageiros de um avi\u00e3o de pequeno porte caiu no centro da cidade de Gramado, no\u00a0Rio Grande do Sul, na manh\u00e3 do domingo (22\/12), morreram na queda.<\/p>\n\n\n\n<p>A aeronave privada era de propriedade do empres\u00e1rio paulista\u00a0Luiz Claudio Salgueiro Galeazzi, 61, quem pilotava o avi\u00e3o. Ele viajava com sua esposa, tr\u00eas filhas, a sogra e outros familiares.<\/p>\n\n\n\n<p>Em coletiva de imprensa, o governador\u00a0Eduardo Leite (PSDB)\u00a0afirmou n\u00e3o haver demanda por desaparecidos.<\/p>\n\n\n\n<p>As equipes de resgate come\u00e7aram a remover os corpos das 10 v\u00edtimas ainda no domingo. Eles ser\u00e3o encaminhados ao Departamento M\u00e9dico Legal (DML) de Porto Alegre.<\/p>\n\n\n\n<p>&#8220;Ap\u00f3s a libera\u00e7\u00e3o da per\u00edcia, os corpos encontrados na edifica\u00e7\u00e3o v\u00e3o para an\u00e1lise de DNA, para ter certeza que todos estavam na aeronave e descartar qualquer outra v\u00edtima, da loja ou da pousada&#8221;, explicou o comandante dos Bombeiros da Regi\u00e3o da Serra, coronel Mauricio Ferro, segundo informa\u00e7\u00f5es&nbsp;<\/p>\n\n\n\n<p><\/p>\n","protected":false},"excerpt":{"rendered":"<p>Dez passageiros de um avi\u00e3o de pequeno porte caiu no centro da cidade de Gramado, no\u00a0Rio Grande do Sul, na manh\u00e3 do domingo (22\/12), morreram na queda. A aeronave privada era de propriedade do empres\u00e1rio paulista\u00a0Luiz Claudio Salgueiro Galeazzi, 61, quem pilotava o avi\u00e3o. Ele viajava com sua esposa, tr\u00eas filhas, a sogra e outros [&hellip;]<\/p>\n","protected":false},"author":1,"featured_media":8058,"comment_status":"open","ping_status":"open","sticky":false,"template":"","format":"standard","meta":{"footnotes":""},"categories":[1],"tags":[],"class_list":["post-8057","post","type-post","status-publish","format-standard","has-post-thumbnail","hentry","category-sem-categoria"],"_links":{"self":[{"href":"https:\/\/aguaslindasnoticias.com.br\/index.php\/wp-json\/wp\/v2\/posts\/8057","targetHints":{"allow":["GET"]}}],"collection":[{"href":"https:\/\/aguaslindasnoticias.com.br\/index.php\/wp-json\/wp\/v2\/posts"}],"about":[{"href":"https:\/\/aguaslindasnoticias.com.br\/index.php\/wp-json\/wp\/v2\/types\/post"}],"author":[{"embeddable":true,"href":"https:\/\/aguaslindasnoticias.com.br\/index.php\/wp-json\/wp\/v2\/users\/1"}],"replies":[{"embeddable":true,"href":"https:\/\/aguaslindasnoticias.com.br\/index.php\/wp-json\/wp\/v2\/comments?post=8057"}],"version-history":[{"count":1,"href":"https:\/\/aguaslindasnoticias.com.br\/index.php\/wp-json\/wp\/v2\/posts\/8057\/revisions"}],"predecessor-version":[{"id":8059,"href":"https:\/\/aguaslindasnoticias.com.br\/index.php\/wp-json\/wp\/v2\/posts\/8057\/revisions\/8059"}],"wp:featuredmedia":[{"embeddable":true,"href":"https:\/\/aguaslindasnoticias.com.br\/index.php\/wp-json\/wp\/v2\/media\/8058"}],"wp:attachment":[{"href":"https:\/\/aguaslindasnoticias.com.br\/index.php\/wp-json\/wp\/v2\/media?parent=8057"}],"wp:term":[{"taxonomy":"category","embeddable":true,"href":"https:\/\/aguaslindasnoticias.com.br\/index.php\/wp-json\/wp\/v2\/categories?post=8057"},{"taxonomy":"post_tag","embeddable":true,"href":"https:\/\/aguaslindasnoticias.com.br\/index.php\/wp-json\/wp\/v2\/tags?post=8057"}],"curies":[{"name":"wp","href":"https:\/\/api.w.org\/{rel}","templated":true}]}}