{"id":8045,"date":"2024-12-13T07:28:24","date_gmt":"2024-12-13T10:28:24","guid":{"rendered":"https:\/\/aguaslindasnoticias.com.br\/?p=8045"},"modified":"2025-01-16T07:49:53","modified_gmt":"2025-01-16T10:49:53","slug":"gastos-de-janja-viram-exemplo-em-reuniao-do-mdb-sobre-o-pacote-fiscal","status":"publish","type":"post","link":"https:\/\/aguaslindasnoticias.com.br\/index.php\/2024\/12\/13\/gastos-de-janja-viram-exemplo-em-reuniao-do-mdb-sobre-o-pacote-fiscal\/","title":{"rendered":"Gastos de Janja viram exemplo em reuni\u00e3o do MDB sobre o pacote fiscal"},"content":{"rendered":"\n<p><img decoding=\"async\" width=\"1024\" height=\"768\" src=\"https:\/\/www.osul.com.br\/wp-content\/uploads\/2024\/12\/janjaxxx.jpg\" alt=\"\" srcset=\"https:\/\/www.osul.com.br\/wp-content\/uploads\/2024\/12\/janjaxxx.jpg 1024w, https:\/\/www.osul.com.br\/wp-content\/uploads\/2024\/12\/janjaxxx-573x430.jpg 573w, https:\/\/www.osul.com.br\/wp-content\/uploads\/2024\/12\/janjaxxx-1000x750.jpg 1000w, https:\/\/www.osul.com.br\/wp-content\/uploads\/2024\/12\/janjaxxx-768x576.jpg 768w, https:\/\/www.osul.com.br\/wp-content\/uploads\/2024\/12\/janjaxxx-568x426.jpg 568w, https:\/\/www.osul.com.br\/wp-content\/uploads\/2024\/12\/janjaxxx-120x90.jpg 120w\"><\/p>\n\n\n\n<p>Janja teve influ\u00eancia em postos importantes da Secom durante a gest\u00e3o de Paulo Pimenta. (Foto: Jos\u00e9 Cruz\/Ag\u00eancia Brasil)<\/p>\n\n\n\n<p>Na reuni\u00e3o em que explicaram na quarta-feira (11) para a bancada do MDB na C\u00e2mara dos Deputados sobre os projetos do pacote fiscal, Simone Tebet (ministra do Planejamento) e Dario Durigan (secret\u00e1rio-executivo da Fazenda) ouviram at\u00e9 reclama\u00e7\u00f5es sobre os gastos da primeira-dama, Ros\u00e2ngela da Silva, a Janja.<\/p>\n\n\n\n<p>Dividida, a bancada do MDB na C\u00e2mara demonstrou preocupa\u00e7\u00f5es sobre o projeto, lembrou que o partido foi o \u201cpai\u201d do teto de gastos de Michel Temer e tamb\u00e9m da reforma trabalhista, al\u00e9m de iniciar a discuss\u00e3o da reforma previd\u00eancia.<\/p>\n\n\n\n<p>Alceu Moreira, que integra a frente parlamentar da agropecu\u00e1ria, criticou a \u201cgastan\u00e7a\u201d do governo e afirmou que a \u201cfesta com dinheiro p\u00fablico tem de acabar\u201d:<\/p>\n\n\n\n<p>\u201cA bancada tem uma preocupa\u00e7\u00e3o com a popula\u00e7\u00e3o. A Janja, por exemplo, n\u00e3o d\u00e1 para ficar na rede social o tempo inteiro gastando milh\u00f5es de reais e ningu\u00e9m dizer nada sobre isso, como se fosse normal. A gastan\u00e7a das viagens, com 180 pessoas para baixo e para cima, milh\u00f5es de reais do bolso de todos a\u00ed. Depois de botar um elenco de despesas absolutamente desnecess\u00e1rias por falta de gest\u00e3o interna do governo, voc\u00eas v\u00e3o entender que o n\u00famero \u00e9 assustador. N\u00e3o h\u00e1 como dizer que o cara do BPC tem de ser conformado quando isso n\u00e3o se tem controle nenhum. O governo tem de dizer internamente que vai cortar a despesa desnecess\u00e1ria, a gastan\u00e7a, a festa com dinheiro p\u00fablico tem que acabar. N\u00f3s n\u00e3o temos condi\u00e7\u00f5es pol\u00edticas de encomendar ao MDB um corte desse quando dentro do governo, o pr\u00f3prio presidente e seus ministros mais pr\u00f3ximos, n\u00e3o dizem nada a esse respeito.\u201d<\/p>\n\n\n\n<p>O deputado ainda alegou que o governo precisa mostrar que far\u00e1 o \u201csacrif\u00edcio\u201d: \u201cEu estou disposto perfeitamente a contribuir com isso e tenho certeza absoluta que n\u00f3s fizemos isso no governo de Michel Temer com muito mais profundidade. E o governo atingiu o equil\u00edbrio fiscal em menos de dois anos. Acontece que o governo dizia isso para todo mundo. O sacrif\u00edcio nosso era porque o governo dizia. Ent\u00e3o, para votar isso aqui, primeiro eu quero ouvir do governo, em alto e bom som, que \u00e9 ele que est\u00e1 mandando cortar isso. Eu n\u00e3o pari isso e n\u00e3o tenho de carregar no colo.\u201d<\/p>\n\n\n\n<p>E emendou, questionando sobre os supersal\u00e1rios: \u201cEu quero saber onde \u00e9 que \u00e9 que vai cortar o supersal\u00e1rio e que repercuss\u00e3o tem isso. Porque eu j\u00e1 estou recebendo telefonema de gente do judici\u00e1rio dizendo: \u2018por favor, n\u00e3o mexa com isso\u2019. Mas todo dia eu vejo no jornal que descobriram um atrasado e o juiz recebeu R$ 600 mil, R$ 700 mil. Meu amigo, mas tem teto salarial, tem lei para isso! E agora v\u00e3o ter de votar outra coisa para dizer que n\u00e3o pode? N\u00e3o, j\u00e1 tem lei que diz claramente que n\u00e3o pode.\u201d As informa\u00e7\u00f5es s\u00e3o do jornal O Globo.<\/p>\n","protected":false},"excerpt":{"rendered":"<p>Janja teve influ\u00eancia em postos importantes da Secom durante a gest\u00e3o de Paulo Pimenta. (Foto: Jos\u00e9 Cruz\/Ag\u00eancia Brasil) Na reuni\u00e3o em que explicaram na quarta-feira (11) para a bancada do MDB na C\u00e2mara dos Deputados sobre os projetos do pacote fiscal, Simone Tebet (ministra do Planejamento) e Dario Durigan (secret\u00e1rio-executivo da Fazenda) ouviram at\u00e9 reclama\u00e7\u00f5es [&hellip;]<\/p>\n","protected":false},"author":1,"featured_media":8046,"comment_status":"open","ping_status":"open","sticky":false,"template":"","format":"standard","meta":{"footnotes":""},"categories":[1],"tags":[],"class_list":["post-8045","post","type-post","status-publish","format-standard","has-post-thumbnail","hentry","category-sem-categoria"],"_links":{"self":[{"href":"https:\/\/aguaslindasnoticias.com.br\/index.php\/wp-json\/wp\/v2\/posts\/8045","targetHints":{"allow":["GET"]}}],"collection":[{"href":"https:\/\/aguaslindasnoticias.com.br\/index.php\/wp-json\/wp\/v2\/posts"}],"about":[{"href":"https:\/\/aguaslindasnoticias.com.br\/index.php\/wp-json\/wp\/v2\/types\/post"}],"author":[{"embeddable":true,"href":"https:\/\/aguaslindasnoticias.com.br\/index.php\/wp-json\/wp\/v2\/users\/1"}],"replies":[{"embeddable":true,"href":"https:\/\/aguaslindasnoticias.com.br\/index.php\/wp-json\/wp\/v2\/comments?post=8045"}],"version-history":[{"count":1,"href":"https:\/\/aguaslindasnoticias.com.br\/index.php\/wp-json\/wp\/v2\/posts\/8045\/revisions"}],"predecessor-version":[{"id":8047,"href":"https:\/\/aguaslindasnoticias.com.br\/index.php\/wp-json\/wp\/v2\/posts\/8045\/revisions\/8047"}],"wp:featuredmedia":[{"embeddable":true,"href":"https:\/\/aguaslindasnoticias.com.br\/index.php\/wp-json\/wp\/v2\/media\/8046"}],"wp:attachment":[{"href":"https:\/\/aguaslindasnoticias.com.br\/index.php\/wp-json\/wp\/v2\/media?parent=8045"}],"wp:term":[{"taxonomy":"category","embeddable":true,"href":"https:\/\/aguaslindasnoticias.com.br\/index.php\/wp-json\/wp\/v2\/categories?post=8045"},{"taxonomy":"post_tag","embeddable":true,"href":"https:\/\/aguaslindasnoticias.com.br\/index.php\/wp-json\/wp\/v2\/tags?post=8045"}],"curies":[{"name":"wp","href":"https:\/\/api.w.org\/{rel}","templated":true}]}}