{"id":8026,"date":"2024-05-28T06:50:29","date_gmt":"2024-05-28T09:50:29","guid":{"rendered":"https:\/\/aguaslindasnoticias.com.br\/?p=8026"},"modified":"2024-06-03T06:53:58","modified_gmt":"2024-06-03T09:53:58","slug":"programa-brasil-digital-vai-aumentar-alcance-da-tv-com-mais-definicao","status":"publish","type":"post","link":"https:\/\/aguaslindasnoticias.com.br\/index.php\/2024\/05\/28\/programa-brasil-digital-vai-aumentar-alcance-da-tv-com-mais-definicao\/","title":{"rendered":"Programa Brasil Digital vai aumentar alcance da TV com mais defini\u00e7\u00e3o"},"content":{"rendered":"\n<p class=\"has-text-align-center\"><em>Portaria estabelece regras para ampliar oferta em 250 munic\u00edpios<\/em><\/p>\n\n\n\n<p>Os canais de TV digital aberta e gratuita ter\u00e3o o alcance ampliado para cidades onde o servi\u00e7o ainda n\u00e3o \u00e9 ofertado pela\u00a0<strong>Empresa Brasil de Comunica\u00e7\u00e3o\u00a0<\/strong>(<strong>EBC<\/strong>) ou pela C\u00e2mara dos Deputados. O Programa Brasil Digital, criado nesta ter\u00e7a-feira (28), possibilitar\u00e1\u00a0parcerias para a aquisi\u00e7\u00e3o e implanta\u00e7\u00e3o de esta\u00e7\u00f5es de transmiss\u00e3o que ter\u00e3o infraestrutura otimizada e compartilhada.<\/p>\n\n\n\n<p>Iniciado em novembro de 2023 na forma de um projeto-piloto, o programa avan\u00e7ou com a\u00a0<a rel=\"noreferrer noopener\" href=\"https:\/\/www.in.gov.br\/en\/web\/dou\/-\/portaria-mcom-n-13.345-de-27-de-maio-de-2024-562413986\" target=\"_blank\">publica\u00e7\u00e3o de\u00a0portaria do Minist\u00e9rio das Comunica\u00e7\u00f5es, no\u00a0<em>Di\u00e1rio Oficial da Uni\u00e3o<\/em>,<\/a>\u00a0que estabelece as regras para que os contratos de colabora\u00e7\u00e3o sejam firmados, e as esta\u00e7\u00f5es cheguem a 250 munic\u00edpios onde h\u00e1 pouca oferta de programa\u00e7\u00e3o. Poder\u00e3o participar \u00f3rg\u00e3o ou entidade da administra\u00e7\u00e3o p\u00fablica direta ou indireta federal, estadual, distrital ou municipal, inclusive empresas p\u00fablicas, sociedades de economia mista, assembleias legislativas e c\u00e2maras municipais.<\/p>\n\n\n\n<p>Em cada local, apenas uma institui\u00e7\u00e3o parceira ser\u00e1 selecionada por meio de edital de chamamento p\u00fablico. Os candidatos dever\u00e3o oferecer o espa\u00e7o f\u00edsico para receber a esta\u00e7\u00e3o, com energia el\u00e9trica, conectividade \u00e0 internet e seguran\u00e7a, al\u00e9m de permitir o compartilhamento do uso, nesse caso, com despesas de manuten\u00e7\u00e3o e funcionamento rateadas. Tamb\u00e9m ser\u00e1 necess\u00e1rio firmar acordo com a&nbsp;<strong>EBC<\/strong>&nbsp;ou com a C\u00e2mara dos Deputados para integrar a Rede Nacional de Comunica\u00e7\u00e3o P\u00fablica (RNCP) ou a Rede Legislativa.<\/p>\n\n\n\n<p>Infraestruturas j\u00e1 existentes que tenham capacidade ociosa tamb\u00e9m poder\u00e3o ser compartilhadas para a amplia\u00e7\u00e3o dos canais de televis\u00e3o digital. Um edital especifico para essa finalidade tamb\u00e9m ser\u00e1 lan\u00e7ado, com a previs\u00e3o de um estudo de viabilidade t\u00e9cnica para a inclus\u00e3o de canais no Plano B\u00e1sico de Distribui\u00e7\u00e3o de Canais de Televis\u00e3o Digital nas localidades com oferta de capacidade ociosa, que ser\u00e1 realizado pela Ag\u00eancia Nacional de Telecomunica\u00e7\u00f5es.<\/p>\n\n\n\n<p>Fonte: EBC<\/p>\n","protected":false},"excerpt":{"rendered":"<p>Portaria estabelece regras para ampliar oferta em 250 munic\u00edpios Os canais de TV digital aberta e gratuita ter\u00e3o o alcance ampliado para cidades onde o servi\u00e7o ainda n\u00e3o \u00e9 ofertado pela\u00a0Empresa Brasil de Comunica\u00e7\u00e3o\u00a0(EBC) ou pela C\u00e2mara dos Deputados. O Programa Brasil Digital, criado nesta ter\u00e7a-feira (28), possibilitar\u00e1\u00a0parcerias para a aquisi\u00e7\u00e3o e implanta\u00e7\u00e3o de esta\u00e7\u00f5es [&hellip;]<\/p>\n","protected":false},"author":1,"featured_media":8027,"comment_status":"open","ping_status":"open","sticky":false,"template":"","format":"standard","meta":{"footnotes":""},"categories":[5,169],"tags":[184],"class_list":["post-8026","post","type-post","status-publish","format-standard","has-post-thumbnail","hentry","category-brasil","category-telecomunicacao","tag-tv-digital"],"_links":{"self":[{"href":"https:\/\/aguaslindasnoticias.com.br\/index.php\/wp-json\/wp\/v2\/posts\/8026","targetHints":{"allow":["GET"]}}],"collection":[{"href":"https:\/\/aguaslindasnoticias.com.br\/index.php\/wp-json\/wp\/v2\/posts"}],"about":[{"href":"https:\/\/aguaslindasnoticias.com.br\/index.php\/wp-json\/wp\/v2\/types\/post"}],"author":[{"embeddable":true,"href":"https:\/\/aguaslindasnoticias.com.br\/index.php\/wp-json\/wp\/v2\/users\/1"}],"replies":[{"embeddable":true,"href":"https:\/\/aguaslindasnoticias.com.br\/index.php\/wp-json\/wp\/v2\/comments?post=8026"}],"version-history":[{"count":1,"href":"https:\/\/aguaslindasnoticias.com.br\/index.php\/wp-json\/wp\/v2\/posts\/8026\/revisions"}],"predecessor-version":[{"id":8028,"href":"https:\/\/aguaslindasnoticias.com.br\/index.php\/wp-json\/wp\/v2\/posts\/8026\/revisions\/8028"}],"wp:featuredmedia":[{"embeddable":true,"href":"https:\/\/aguaslindasnoticias.com.br\/index.php\/wp-json\/wp\/v2\/media\/8027"}],"wp:attachment":[{"href":"https:\/\/aguaslindasnoticias.com.br\/index.php\/wp-json\/wp\/v2\/media?parent=8026"}],"wp:term":[{"taxonomy":"category","embeddable":true,"href":"https:\/\/aguaslindasnoticias.com.br\/index.php\/wp-json\/wp\/v2\/categories?post=8026"},{"taxonomy":"post_tag","embeddable":true,"href":"https:\/\/aguaslindasnoticias.com.br\/index.php\/wp-json\/wp\/v2\/tags?post=8026"}],"curies":[{"name":"wp","href":"https:\/\/api.w.org\/{rel}","templated":true}]}}