{"id":8023,"date":"2024-05-27T06:41:24","date_gmt":"2024-05-27T09:41:24","guid":{"rendered":"https:\/\/aguaslindasnoticias.com.br\/?p=8023"},"modified":"2024-06-03T06:47:52","modified_gmt":"2024-06-03T09:47:52","slug":"caiado-apresenta-potencialidades-de-goias-ao-embaixador-da-italia","status":"publish","type":"post","link":"https:\/\/aguaslindasnoticias.com.br\/index.php\/2024\/05\/27\/caiado-apresenta-potencialidades-de-goias-ao-embaixador-da-italia\/","title":{"rendered":"Caiado apresenta potencialidades de Goi\u00e1s ao embaixador da It\u00e1lia"},"content":{"rendered":"\n<p class=\"has-text-align-center\"><em>Ronaldo Caiado apresenta potencialidades de Goi\u00e1s \u00e0 comitiva italiana (Foto: R\u00f4mulo Carvalho)<\/em><\/p>\n\n\n\n<p>O fortalecimento das rela\u00e7\u00f5es econ\u00f4micas e culturais entre Goi\u00e1s e It\u00e1lia foram tema do encontro, nesta segunda-feira (27\/05), no Pal\u00e1cio das Esmeraldas, em Goi\u00e2nia, entre o governador Ronaldo Caiado, o embaixador da It\u00e1lia no Brasil, Alessandro Cortese, auxiliares da gest\u00e3o do Estado e integrantes da delega\u00e7\u00e3o italiana. Caiado apresentou ainda \u00e0 comitiva as potencialidades goianas.<\/p>\n\n\n\n<p>Governador ressaltou que a aten\u00e7\u00e3o de empreendedores estrangeiros para Goi\u00e1s \u00e9 o reconhecimento do trabalho realizado pela atual gest\u00e3o do Estado e reafirmou o desenvolvimento da regi\u00e3o Centro-Oeste frente ao Brasil.<\/p>\n\n\n\n<blockquote class=\"wp-block-quote is-layout-flow wp-block-quote-is-layout-flow\">\n<p><strong>\u201cS\u00e3o regi\u00f5es extensas, com alta produtividade, capacidade de gerar emprego e renda, al\u00e9m de dar perspectiva de crescimento para todos que vierem se instalar em Goi\u00e1s\u201d, afirmou. O governador acrescentou: \u201cGoi\u00e1s, \u00e9 o que temos de mais central no pa\u00eds. Somos refer\u00eancia na produ\u00e7\u00e3o agropecu\u00e1ria, pecu\u00e1ria de corte e, com isso, investimos na ind\u00fastria. Os italianos precisam voltar os olhos para Goi\u00e1s, para ver o avan\u00e7o na industrializa\u00e7\u00e3o\u201d.<\/strong><\/p>\n<\/blockquote>\n\n\n\n<h2 class=\"wp-block-heading\">EMBAIXADOR DA IT\u00c1LIA<\/h2>\n\n\n\n<p>O embaixador Alessandro Cortese concordou que Goi\u00e1s \u00e9 um estado que vem crescendo e se desenvolvendo, gerando grandes oportunidades para a It\u00e1lia.<\/p>\n\n\n\n<blockquote class=\"wp-block-quote is-layout-flow wp-block-quote-is-layout-flow\">\n<p><strong>\u201cEssa visita me convenceu de que \u00e9 preciso trabalhar isso, porque temos \u00f3timas perspectivas. \u00c9 um estado que est\u00e1 se desenvolvendo e crescendo muito nos \u00faltimos anos, com potencialidades e seguran\u00e7a. Tudo isso \u00e9 muito importante para criar la\u00e7os mais fortes com a It\u00e1lia\u201d, destacou.<\/strong><\/p>\n<\/blockquote>\n\n\n\n<blockquote class=\"wp-block-quote is-layout-flow wp-block-quote-is-layout-flow\">\n<p><strong>\u201cN\u00f3s estamos tendo uma chance \u00edmpar aqui. Nasce agora uma situa\u00e7\u00e3o que foi costurada ao longo de um bom tempo. Esse interc\u00e2mbio n\u00e3o s\u00f3 cultural, mas tamb\u00e9m acad\u00eamico, industrial, comercial, para o fomento desse interc\u00e2mbio entre a It\u00e1lia e o Estado de Goi\u00e1s\u201d, refor\u00e7ou o presidente do Comit\u00ea Italiano, Frederico Cianni.<\/strong><\/p>\n<\/blockquote>\n\n\n\n<h2 class=\"wp-block-heading\">CULTURA<\/h2>\n\n\n\n<p>Um dos destaques da recep\u00e7\u00e3o foi o tradicional Festival Italiano de Nova Veneza, cidade na Regi\u00e3o Metropolitana da Capital, que atrai ano ap\u00f3s ano milhares de pessoas para um mergulho na gastronomia, m\u00fasica, dan\u00e7a e arte da It\u00e1lia.<\/p>\n\n\n\n<p>A cidade abriga uma das mais antigas col\u00f4nias do pa\u00eds europeu no Brasil, iniciada em 1924, com fundadores vindos de Veneza. O munic\u00edpio goiano se mobiliza para a edi\u00e7\u00e3o de 2024 do festival, a ser realizado entre 6 e 9 de junho.<\/p>\n\n\n\n<h2 class=\"wp-block-heading\">UNIVERSIDADE<\/h2>\n\n\n\n<p>Goi\u00e1s, por meio da Funda\u00e7\u00e3o de Amparo \u00e0 Pesquisa do Estado (Fapeg), lan\u00e7ar\u00e1, ainda neste semestre, a Chamada de Mobilidade de pesquisadores na It\u00e1lia \u2013 Mobility Confap Italy. O foco da iniciativa, um acordo de coopera\u00e7\u00e3o da Fapeg firmado entre o Conselho Nacional das Funda\u00e7\u00f5es Estaduais de Amparo \u00e0 Pesquisa (Confap) e a Universidade de Bolonha, no norte italiano, s\u00e3o os p\u00f3s-doutorados.<\/p>\n\n\n\n<p>Fonte: <strong>Secretaria de Comunica\u00e7\u00e3o &#8211; Governo de Goi\u00e1s<\/strong><\/p>\n","protected":false},"excerpt":{"rendered":"<p>Ronaldo Caiado apresenta potencialidades de Goi\u00e1s \u00e0 comitiva italiana (Foto: R\u00f4mulo Carvalho) O fortalecimento das rela\u00e7\u00f5es econ\u00f4micas e culturais entre Goi\u00e1s e It\u00e1lia foram tema do encontro, nesta segunda-feira (27\/05), no Pal\u00e1cio das Esmeraldas, em Goi\u00e2nia, entre o governador Ronaldo Caiado, o embaixador da It\u00e1lia no Brasil, Alessandro Cortese, auxiliares da gest\u00e3o do Estado e [&hellip;]<\/p>\n","protected":false},"author":1,"featured_media":8024,"comment_status":"open","ping_status":"open","sticky":false,"template":"","format":"standard","meta":{"footnotes":""},"categories":[5,4],"tags":[175,183],"class_list":["post-8023","post","type-post","status-publish","format-standard","has-post-thumbnail","hentry","category-brasil","category-goias","tag-governador-ronaldo-caiado","tag-relacoes-internacionais"],"_links":{"self":[{"href":"https:\/\/aguaslindasnoticias.com.br\/index.php\/wp-json\/wp\/v2\/posts\/8023","targetHints":{"allow":["GET"]}}],"collection":[{"href":"https:\/\/aguaslindasnoticias.com.br\/index.php\/wp-json\/wp\/v2\/posts"}],"about":[{"href":"https:\/\/aguaslindasnoticias.com.br\/index.php\/wp-json\/wp\/v2\/types\/post"}],"author":[{"embeddable":true,"href":"https:\/\/aguaslindasnoticias.com.br\/index.php\/wp-json\/wp\/v2\/users\/1"}],"replies":[{"embeddable":true,"href":"https:\/\/aguaslindasnoticias.com.br\/index.php\/wp-json\/wp\/v2\/comments?post=8023"}],"version-history":[{"count":1,"href":"https:\/\/aguaslindasnoticias.com.br\/index.php\/wp-json\/wp\/v2\/posts\/8023\/revisions"}],"predecessor-version":[{"id":8025,"href":"https:\/\/aguaslindasnoticias.com.br\/index.php\/wp-json\/wp\/v2\/posts\/8023\/revisions\/8025"}],"wp:featuredmedia":[{"embeddable":true,"href":"https:\/\/aguaslindasnoticias.com.br\/index.php\/wp-json\/wp\/v2\/media\/8024"}],"wp:attachment":[{"href":"https:\/\/aguaslindasnoticias.com.br\/index.php\/wp-json\/wp\/v2\/media?parent=8023"}],"wp:term":[{"taxonomy":"category","embeddable":true,"href":"https:\/\/aguaslindasnoticias.com.br\/index.php\/wp-json\/wp\/v2\/categories?post=8023"},{"taxonomy":"post_tag","embeddable":true,"href":"https:\/\/aguaslindasnoticias.com.br\/index.php\/wp-json\/wp\/v2\/tags?post=8023"}],"curies":[{"name":"wp","href":"https:\/\/api.w.org\/{rel}","templated":true}]}}