{"id":8020,"date":"2024-05-26T06:16:59","date_gmt":"2024-05-26T09:16:59","guid":{"rendered":"https:\/\/aguaslindasnoticias.com.br\/?p=8020"},"modified":"2024-06-03T06:41:14","modified_gmt":"2024-06-03T09:41:14","slug":"dia-nacional-da-adocao-brasil-tem-38-mil-criancas-a-espera-de-um-lar","status":"publish","type":"post","link":"https:\/\/aguaslindasnoticias.com.br\/index.php\/2024\/05\/26\/dia-nacional-da-adocao-brasil-tem-38-mil-criancas-a-espera-de-um-lar\/","title":{"rendered":"Dia Nacional da Ado\u00e7\u00e3o: Brasil tem 3,8 mil crian\u00e7as \u00e0 espera de um lar"},"content":{"rendered":"\n<p class=\"has-text-align-center\"><strong><em>Mais de 46 mil pretendentes est\u00e3o cadastrados para adotar<\/em><\/strong><\/p>\n\n\n\n<p>Neste s\u00e1bado, 25 de maio, \u00e9 o Dia Nacional da Ado\u00e7\u00e3o. A data come\u00e7ou a ser celebrada no Brasil a partir de 1996, durante o Primeiro Encontro Nacional de Associa\u00e7\u00f5es e Grupos de Apoio \u00e0 Ado\u00e7\u00e3o de crian\u00e7as.<\/p>\n\n\n\n<p>E desde 2022, foi institu\u00edda tamb\u00e9m a Semana Nacional da Ado\u00e7\u00e3o, com a finalidade de refletir, agilizar e promover campanhas de conscientiza\u00e7\u00e3o sobre o tema. E lembrar \u00e0 sociedade que existe um n\u00famero consider\u00e1vel de crian\u00e7as dispon\u00edveis para serem adotadas.<\/p>\n\n\n\n<p>M\u00e3e adotiva h\u00e1 pouco tempo, a professora Patr\u00edcia dos Santos conta que iniciou o processo de ado\u00e7\u00e3o em 2018. Patr\u00edcia comenta sobre a decis\u00e3o de adotar uma crian\u00e7a:&#8221;<\/p>\n\n\n\n<blockquote class=\"wp-block-quote is-layout-flow wp-block-quote-is-layout-flow\">\n<p>&#8220;Eu penso que n\u00f3s somos as pe\u00e7as que faltavam para se encaixar um na vida do outro. Ele \u00e9 uma das escolhas mais assertivas que eu j\u00e1&nbsp;fiz. Sou grata por formar minha fam\u00edlia atrav\u00e9s da ado\u00e7\u00e3o e com certeza eu incentivo outros a fazerem o mesmo&#8221;.&nbsp;<\/p>\n<\/blockquote>\n\n\n\n<p>Dados do Sistema Nacional de Ado\u00e7\u00e3o e Acolhimento apontam que h\u00e1 mais de 46 mil pretendentes cadastrados em todo o pa\u00eds e quase 3.800&nbsp;crian\u00e7as e adolescentes&nbsp;esperam por um lar. No entanto, existe um desequil\u00edbrio entre pessoas que querem adotar e as crian\u00e7as e jovens que sonham em ser adotados.<\/p>\n\n\n\n<p>O relator do projeto da Semana Nacional de Ado\u00e7\u00e3o, senador Fabiano Contarato, que \u00e9 pai de dois filhos adotivos negros, relata que a procura por meninas brancas, com menos de dois anos, \u00e9&nbsp; maior que o n\u00famero de crian\u00e7as com essas caracter\u00edsticas dispon\u00edveis para ado\u00e7\u00e3o.<\/p>\n\n\n\n<p>Em contrapartida, o parlamentar aponta que os abrigos t\u00eam enorme contingente de crian\u00e7as e adolescentes que n\u00e3o atendem \u00e0s prefer\u00eancias dos adotantes. E acrescenta que, aos 18 anos, os n\u00e3o adotados t\u00eam que deixar os abrigos e\u00a0saem de l\u00e1 sem moradia ou perspectiva de futuro.\u00a0<\/p>\n\n\n\n<p>Fonte: EBC<\/p>\n","protected":false},"excerpt":{"rendered":"<p>Mais de 46 mil pretendentes est\u00e3o cadastrados para adotar Neste s\u00e1bado, 25 de maio, \u00e9 o Dia Nacional da Ado\u00e7\u00e3o. A data come\u00e7ou a ser celebrada no Brasil a partir de 1996, durante o Primeiro Encontro Nacional de Associa\u00e7\u00f5es e Grupos de Apoio \u00e0 Ado\u00e7\u00e3o de crian\u00e7as. E desde 2022, foi institu\u00edda tamb\u00e9m a Semana [&hellip;]<\/p>\n","protected":false},"author":1,"featured_media":8021,"comment_status":"open","ping_status":"open","sticky":false,"template":"","format":"standard","meta":{"footnotes":""},"categories":[5],"tags":[182],"class_list":["post-8020","post","type-post","status-publish","format-standard","has-post-thumbnail","hentry","category-brasil","tag-dia-nacional-da-adocao"],"_links":{"self":[{"href":"https:\/\/aguaslindasnoticias.com.br\/index.php\/wp-json\/wp\/v2\/posts\/8020","targetHints":{"allow":["GET"]}}],"collection":[{"href":"https:\/\/aguaslindasnoticias.com.br\/index.php\/wp-json\/wp\/v2\/posts"}],"about":[{"href":"https:\/\/aguaslindasnoticias.com.br\/index.php\/wp-json\/wp\/v2\/types\/post"}],"author":[{"embeddable":true,"href":"https:\/\/aguaslindasnoticias.com.br\/index.php\/wp-json\/wp\/v2\/users\/1"}],"replies":[{"embeddable":true,"href":"https:\/\/aguaslindasnoticias.com.br\/index.php\/wp-json\/wp\/v2\/comments?post=8020"}],"version-history":[{"count":1,"href":"https:\/\/aguaslindasnoticias.com.br\/index.php\/wp-json\/wp\/v2\/posts\/8020\/revisions"}],"predecessor-version":[{"id":8022,"href":"https:\/\/aguaslindasnoticias.com.br\/index.php\/wp-json\/wp\/v2\/posts\/8020\/revisions\/8022"}],"wp:featuredmedia":[{"embeddable":true,"href":"https:\/\/aguaslindasnoticias.com.br\/index.php\/wp-json\/wp\/v2\/media\/8021"}],"wp:attachment":[{"href":"https:\/\/aguaslindasnoticias.com.br\/index.php\/wp-json\/wp\/v2\/media?parent=8020"}],"wp:term":[{"taxonomy":"category","embeddable":true,"href":"https:\/\/aguaslindasnoticias.com.br\/index.php\/wp-json\/wp\/v2\/categories?post=8020"},{"taxonomy":"post_tag","embeddable":true,"href":"https:\/\/aguaslindasnoticias.com.br\/index.php\/wp-json\/wp\/v2\/tags?post=8020"}],"curies":[{"name":"wp","href":"https:\/\/api.w.org\/{rel}","templated":true}]}}