{"id":8017,"date":"2024-05-25T06:06:25","date_gmt":"2024-05-25T09:06:25","guid":{"rendered":"https:\/\/aguaslindasnoticias.com.br\/?p=8017"},"modified":"2024-06-03T06:13:28","modified_gmt":"2024-06-03T09:13:28","slug":"saude-investe-r-92-milhoes-para-doacao-de-5-087-cadeiras-de-rodas-ate-agosto","status":"publish","type":"post","link":"https:\/\/aguaslindasnoticias.com.br\/index.php\/2024\/05\/25\/saude-investe-r-92-milhoes-para-doacao-de-5-087-cadeiras-de-rodas-ate-agosto\/","title":{"rendered":"Sa\u00fade investe R$ 9,2 milh\u00f5es para doa\u00e7\u00e3o de 5.087 cadeiras de rodas at\u00e9 agosto"},"content":{"rendered":"\n<p class=\"has-text-align-center\" id=\"caption-attachment-628926\"><em>Luanna Rosa e a secret\u00e1ria Lucilene Flor\u00eancio, ao centro, durante entrega de cadeiras motorizadas a um grupo de benefici\u00e1rios | Fotos: Jhonatan Cantarelle\/Ag\u00eancia Sa\u00fade-DF<\/em><\/p>\n\n\n\n<h2 class=\"wp-block-heading\">Programa da SES-DF para concess\u00e3o do equipamento fez a entrega de modelos motorizados com controle eletr\u00f4nico nesta sexta-feira (24)<\/h2>\n\n\n\n<p>Ir \u00e0 padaria sozinho, brincar com os amigos, fazer compras na feira, comparecer presencialmente aos cultos religiosos. Esses sonhos ser\u00e3o realizados a partir desta sexta-feira (24) por benefici\u00e1rios do programa de concess\u00e3o de cadeiras de rodas da Secretaria de Sa\u00fade do Distrito Federal (SES-DF), que deve realizar a entrega de 5.087 unidades at\u00e9 agosto, em um investimento total de R$ 9,2 milh\u00f5es.<\/p>\n\n\n\n<p>\u201cSe eu for ao mercado, n\u00e3o vou mais precisar ficar esperando no carro\u201d, conta Gilson Pereira, 55 anos. Com distrofia muscular progressiva, o banc\u00e1rio aposentado perdeu a mobilidade com o passar dos anos e acabou precisando da cadeira de rodas para as atividades di\u00e1rias. Agora, ele espera ter mais mobilidade com o modelo motorizado, capaz de atingir 7 km\/h e com autonomia para at\u00e9 30 km, al\u00e9m de v\u00e1rios itens de seguran\u00e7a e de um motor turbo para subidas ou movimentos r\u00e1pidos.<\/p>\n\n\n\n<p>\u201cEssas cadeiras significam dignidade, mobilidade e alegria. \u00c9 muito emocionante e gratificante fazermos essa entrega\u201d<\/p>\n\n\n\n<p>Lucilene Flor\u00eancio, secret\u00e1ria de Sa\u00fade<\/p>\n\n\n\n<p>Quem deve fazer muito uso dessa fun\u00e7\u00e3o \u00e9 a Luanna Rosa, 13 anos. Sem esconder a alegria, a adolescente faz planos para a nova rotina. \u201cVou poder andar com meus amigos no recreio. Vou poder passear com os meus amigos no Eix\u00e3o\u201d, diz. Bicampe\u00e3 na categoria BC4A de bocha nas Paralimp\u00edadas Escolares de 2023, ela explica que a cadeira com motor vai permitir fazer mais atividades sem precisar de ajuda, como ir lanchar na escola ou mesmo assistir a um evento esportivo.<\/p>\n\n\n\n<p>Para quem est\u00e1 h\u00e1 muitos anos dependendo de apoio para qualquer deslocamento, reconhece a import\u00e2ncia da ajuda. \u201cEssa cadeira vai mudar a minha hist\u00f3ria. Eu n\u00e3o saio de casa. Agora eu vou poder ir \u00e0 igreja no domingo para dar o meu testemunho\u201d, conta Elizabete Rodrigues Peixoto, 54 anos.<\/p>\n\n\n\n<p><img decoding=\"async\" src=\"http:\/\/agenciabrasilia.df.gov.br\/wp-conteudo\/uploads\/2024\/05\/Secretaria_de_Saude_destaca_o_programa_de_entrega_de_cadeiras_de_rodas_como_uma_acao_para_levar_saude_a_populacao._Foto_Jhonantan_Cantarelle-300x200.jpg\" alt=\"\" width=\"525\" height=\"350\" srcset=\"https:\/\/www.agenciabrasilia.df.gov.br\/wp-conteudo\/uploads\/2024\/05\/Secretaria_de_Saude_destaca_o_programa_de_entrega_de_cadeiras_de_rodas_como_uma_acao_para_levar_saude_a_populacao._Foto_Jhonantan_Cantarelle-300x200.jpg 300w, https:\/\/www.agenciabrasilia.df.gov.br\/wp-conteudo\/uploads\/2024\/05\/Secretaria_de_Saude_destaca_o_programa_de_entrega_de_cadeiras_de_rodas_como_uma_acao_para_levar_saude_a_populacao._Foto_Jhonantan_Cantarelle-768x512.jpg 768w, https:\/\/www.agenciabrasilia.df.gov.br\/wp-conteudo\/uploads\/2024\/05\/Secretaria_de_Saude_destaca_o_programa_de_entrega_de_cadeiras_de_rodas_como_uma_acao_para_levar_saude_a_populacao._Foto_Jhonantan_Cantarelle.jpg 1200w\"><\/p>\n\n\n\n<p id=\"caption-attachment-628928\">Benefici\u00e1rios de programa de cadeiras de rodas recebem instru\u00e7\u00f5es sobre a opera\u00e7\u00e3o do equipamento<\/p>\n\n\n\n<p>A Secretaria de Sa\u00fade faz entregas de modelos espec\u00edficos para obesos, crian\u00e7as, pacientes com tetraplegia e cadeira monobloco. Tamb\u00e9m s\u00e3o entregues cadeiras de banho e as motorizadas mentonianas, que permitem o controle com movimentos da cabe\u00e7a, ideais para pacientes com dificuldades para manusear o controle.<\/p>\n\n\n\n<p><strong>Servi\u00e7os em rede<\/strong><\/p>\n\n\n\n<p>Presente na entrega de cadeiras motorizadas para 11 pacientes nesta sexta (24), a secret\u00e1ria de Sa\u00fade, Lucilene Flor\u00eancio, destacou o empenho governamental para executar toda a compra de 5.086 unidades. \u201cEssas cadeiras significam dignidade, mobilidade e alegria. \u00c9 muito emocionante e gratificante fazermos essa entrega\u201d, afirma. A gestora lembrou ainda aos benefici\u00e1rios que todos contam com o suporte da rede p\u00fablica de sa\u00fade.<\/p>\n\n\n\n<p><img decoding=\"async\" src=\"http:\/\/agenciabrasilia.df.gov.br\/wp-conteudo\/uploads\/2024\/05\/Foto-1-Gilson_Pereira_da_Silva_faz_planos_de_como_sera_a_vida_com_a_cadeira_de_rodas_motorizada._Foto_Jhonantan_Cantarelle_Agencia-Saude-DF-300x200.jpg\" alt=\"\" width=\"525\" height=\"350\" srcset=\"https:\/\/www.agenciabrasilia.df.gov.br\/wp-conteudo\/uploads\/2024\/05\/Foto-1-Gilson_Pereira_da_Silva_faz_planos_de_como_sera_a_vida_com_a_cadeira_de_rodas_motorizada._Foto_Jhonantan_Cantarelle_Agencia-Saude-DF-300x200.jpg 300w, https:\/\/www.agenciabrasilia.df.gov.br\/wp-conteudo\/uploads\/2024\/05\/Foto-1-Gilson_Pereira_da_Silva_faz_planos_de_como_sera_a_vida_com_a_cadeira_de_rodas_motorizada._Foto_Jhonantan_Cantarelle_Agencia-Saude-DF-768x512.jpg 768w, https:\/\/www.agenciabrasilia.df.gov.br\/wp-conteudo\/uploads\/2024\/05\/Foto-1-Gilson_Pereira_da_Silva_faz_planos_de_como_sera_a_vida_com_a_cadeira_de_rodas_motorizada._Foto_Jhonantan_Cantarelle_Agencia-Saude-DF.jpg 1200w\"><\/p>\n\n\n\n<p id=\"caption-attachment-628927\">Gilson Pereira faz planos de como ser\u00e1 a vida com a cadeira de rodas motorizada<\/p>\n\n\n\n<p>A terapeuta ocupacional \u00c2ngela Sacramento, servidora da Secretaria de Sa\u00fade, destaca a import\u00e2ncia das cadeiras de rodas no cuidado integral. \u201cA cadeira de rodas \u00e9 um fator essencial para a pessoa voltar a ter uma participa\u00e7\u00e3o social como um todo e dar maior acesso, n\u00e3o s\u00f3 ao pr\u00f3prio usu\u00e1rio, mas tamb\u00e9m \u00e0 sua fam\u00edlia, al\u00e9m de dar dignidade\u201d, explica.<\/p>\n\n\n\n<p>As entregas ocorrem em grupos de at\u00e9 25 usu\u00e1rios. Um t\u00e9cnico especializado explica as funcionalidades do equipamento e apresenta informa\u00e7\u00f5es sobre a utiliza\u00e7\u00e3o e cuidados b\u00e1sicos. \u201cTodas as cadeiras de rodas adquiridas e dispensadas pela Oficina Ortop\u00e9dica possuem garantia contra v\u00edcios de f\u00e1brica por um ano e assist\u00eancia t\u00e9cnica\u201d, acrescenta a chefe do N\u00facleo de Produ\u00e7\u00e3o de \u00d3rteses e Pr\u00f3teses (Nupop) da Secretaria de Sa\u00fade, Mariane Ramos.<\/p>\n\n\n\n<p><strong>Como ter acesso<\/strong><\/p>\n\n\n\n<p>Para adquirir \u00f3rteses e pr\u00f3teses ambulatoriais, o usu\u00e1rio precisa agendar avalia\u00e7\u00e3o e comparecer ao N\u00facleo de Atendimento Ambulatorial de \u00d3rteses e Pr\u00f3teses e Materiais Especiais (NAOPME), situado na esta\u00e7\u00e3o de Metr\u00f4 na Quadra 114 da Asa Sul.<\/p>\n\n\n\n<p>Devem ser apresentados os seguintes documentos originais:<br>\u2013 Identidade com foto ou certid\u00e3o de nascimento para menor de 12 anos<br>\u2013 Cadastro de Pessoa F\u00edsica (CPF)<br>\u2013 Cart\u00e3o Nacional do SUS<br>\u2013 N\u00famero do cadastro SES<br>\u2013 Comprovante de resid\u00eancia atualizado<br>\u2013 Solicita\u00e7\u00e3o de profissional da \u00e1rea de sa\u00fade do SUS<\/p>\n\n\n\n<p>Ap\u00f3s o cadastro no Banco de Dados do Programa de \u00d3rteses e Pr\u00f3teses, os pacientes passar\u00e3o por uma avalia\u00e7\u00e3o realizada por especialista em sa\u00fade do NAOPME. As avalia\u00e7\u00f5es devem ser agendadas presencialmente, pelo telefone 3449-4266, pelo Agenda DF ou por mensagem de WhatsApp, no n\u00famero (61) 99166-6218.<\/p>\n\n\n\n<p>O cadastro para cadeira de rodas motorizada \u00e9 diferenciado e precisa de per\u00edcia m\u00e9dica no CER II de Taguatinga. A per\u00edcia \u00e9 agendada no NAOPME por ordem de chegada.<\/p>\n\n\n\n<p>Fonte: SES-DF<\/p>\n","protected":false},"excerpt":{"rendered":"<p>Luanna Rosa e a secret\u00e1ria Lucilene Flor\u00eancio, ao centro, durante entrega de cadeiras motorizadas a um grupo de benefici\u00e1rios | Fotos: Jhonatan Cantarelle\/Ag\u00eancia Sa\u00fade-DF Programa da SES-DF para concess\u00e3o do equipamento fez a entrega de modelos motorizados com controle eletr\u00f4nico nesta sexta-feira (24) Ir \u00e0 padaria sozinho, brincar com os amigos, fazer compras na feira, [&hellip;]<\/p>\n","protected":false},"author":1,"featured_media":8018,"comment_status":"open","ping_status":"open","sticky":false,"template":"","format":"standard","meta":{"footnotes":""},"categories":[5,3,80],"tags":[],"class_list":["post-8017","post","type-post","status-publish","format-standard","has-post-thumbnail","hentry","category-brasil","category-brasilia","category-cidadania"],"_links":{"self":[{"href":"https:\/\/aguaslindasnoticias.com.br\/index.php\/wp-json\/wp\/v2\/posts\/8017","targetHints":{"allow":["GET"]}}],"collection":[{"href":"https:\/\/aguaslindasnoticias.com.br\/index.php\/wp-json\/wp\/v2\/posts"}],"about":[{"href":"https:\/\/aguaslindasnoticias.com.br\/index.php\/wp-json\/wp\/v2\/types\/post"}],"author":[{"embeddable":true,"href":"https:\/\/aguaslindasnoticias.com.br\/index.php\/wp-json\/wp\/v2\/users\/1"}],"replies":[{"embeddable":true,"href":"https:\/\/aguaslindasnoticias.com.br\/index.php\/wp-json\/wp\/v2\/comments?post=8017"}],"version-history":[{"count":1,"href":"https:\/\/aguaslindasnoticias.com.br\/index.php\/wp-json\/wp\/v2\/posts\/8017\/revisions"}],"predecessor-version":[{"id":8019,"href":"https:\/\/aguaslindasnoticias.com.br\/index.php\/wp-json\/wp\/v2\/posts\/8017\/revisions\/8019"}],"wp:featuredmedia":[{"embeddable":true,"href":"https:\/\/aguaslindasnoticias.com.br\/index.php\/wp-json\/wp\/v2\/media\/8018"}],"wp:attachment":[{"href":"https:\/\/aguaslindasnoticias.com.br\/index.php\/wp-json\/wp\/v2\/media?parent=8017"}],"wp:term":[{"taxonomy":"category","embeddable":true,"href":"https:\/\/aguaslindasnoticias.com.br\/index.php\/wp-json\/wp\/v2\/categories?post=8017"},{"taxonomy":"post_tag","embeddable":true,"href":"https:\/\/aguaslindasnoticias.com.br\/index.php\/wp-json\/wp\/v2\/tags?post=8017"}],"curies":[{"name":"wp","href":"https:\/\/api.w.org\/{rel}","templated":true}]}}