{"id":8014,"date":"2024-05-24T06:02:08","date_gmt":"2024-05-24T09:02:08","guid":{"rendered":"https:\/\/aguaslindasnoticias.com.br\/?p=8014"},"modified":"2024-06-03T06:06:16","modified_gmt":"2024-06-03T09:06:16","slug":"conab-preve-crescimento-de-306-na-producao-de-cafe-em-goias","status":"publish","type":"post","link":"https:\/\/aguaslindasnoticias.com.br\/index.php\/2024\/05\/24\/conab-preve-crescimento-de-306-na-producao-de-cafe-em-goias\/","title":{"rendered":"Conab prev\u00ea crescimento de 30,6% na produ\u00e7\u00e3o de caf\u00e9 em Goi\u00e1s"},"content":{"rendered":"\n<p class=\"has-text-align-center\"><em>Produ\u00e7\u00e3o de caf\u00e9 em Goi\u00e1s deve atingir a marca de 263,5 mil sacas na safra 2024 (Foto: Seapa)<\/em><\/p>\n\n\n\n<p>A produ\u00e7\u00e3o de caf\u00e9 em Goi\u00e1s deve atingir a marca de 263,5 mil sacas na safra 2024 \u2013 um aumento de 30,6% em rela\u00e7\u00e3o ao ano anterior. A estimativa foi divulgada nesta quinta-feira (23\/5) pela Companhia Nacional de Abastecimento (Conab), no 2\u00ba Levantamento da Safra de Caf\u00e9 do ano.<\/p>\n\n\n\n<p>O crescimento expressivo se deve a dois fatores principais: o aumento de 10,3% na \u00e1rea de planta\u00e7\u00e3o e a bienalidade positiva, fen\u00f4meno natural que alterna anos de alta e baixa produ\u00e7\u00e3o. Al\u00e9m disso, a entrada em produ\u00e7\u00e3o de cafezais mais novos deve contribuir para uma produtividade de 44,5 sacas por hectare, 18,4% superior \u00e0 registrada em 2023.<\/p>\n\n\n\n<h2 class=\"wp-block-heading\">CAF\u00c9<\/h2>\n\n\n\n<p>Apesar do cen\u00e1rio positivo, a safra atual enfrentou desafios clim\u00e1ticos. As lavouras se beneficiaram das chuvas de mar\u00e7o e abril, que evitaram o abortamento de frutos e facilitaram o manejo. No entanto, o per\u00edodo anterior de seca e calor intenso, coincidindo com o florescimento e frutifica\u00e7\u00e3o, impactou o potencial produtivo.<\/p>\n\n\n\n<p>Em rela\u00e7\u00e3o \u00e0 \u00e1rea em produ\u00e7\u00e3o, houve um aumento em compara\u00e7\u00e3o ao ano passado, impulsionado pela inclus\u00e3o de \u00e1reas que passaram por renova\u00e7\u00e3o e agora retomam a produ\u00e7\u00e3o em n\u00edveis significativos.<\/p>\n\n\n\n<blockquote class=\"wp-block-quote is-layout-flow wp-block-quote-is-layout-flow\">\n<p><strong>\u201cEste resultado \u00e9 fruto do esfor\u00e7o cont\u00ednuo dos nossos produtores e do apoio constante do Governo de Goi\u00e1s, que segue investindo em pol\u00edticas p\u00fablicas e iniciativas para fortalecer o setor cafeeiro no estado\u201d, afirma o secret\u00e1rio em substitui\u00e7\u00e3o da&nbsp;<a href=\"https:\/\/goias.gov.br\/agricultura\/\">Secretaria de Agricultura, Pecu\u00e1ria e Abastecimento&nbsp;<\/a>(Seapa), Jo\u00e3o Asmar J\u00fanior.<\/strong><\/p>\n<\/blockquote>\n\n\n\n<blockquote class=\"wp-block-quote is-layout-flow wp-block-quote-is-layout-flow\">\n<p><strong>\u201cEnfrentamos desafios clim\u00e1ticos, mas a resili\u00eancia e a dedica\u00e7\u00e3o dos nossos agricultores, aliadas \u00e0s condi\u00e7\u00f5es favor\u00e1veis das chuvas recentes, foram fundamentais para alcan\u00e7ar esse expressivo aumento na produtividade. Continuaremos trabalhando juntos para garantir o desenvolvimento sustent\u00e1vel da cafeicultura goiana e contribuir para o crescimento do agroneg\u00f3cio brasileiro\u201d, completa.<\/strong><\/p>\n<\/blockquote>\n\n\n\n<h2 class=\"wp-block-heading\">CEN\u00c1RIO NACIONAL<\/h2>\n\n\n\n<p>Em n\u00edvel nacional, a produ\u00e7\u00e3o brasileira de caf\u00e9 dever\u00e1 alcan\u00e7ar 58,8 milh\u00f5es de sacas beneficiadas, representando o terceiro ano consecutivo de crescimento. O volume previsto \u00e9 6,8% superior ao do ano passado e 15,5% maior que o de 2022, ano de bienalidade positiva, mas com baixas produtividades devido a condi\u00e7\u00f5es clim\u00e1ticas adversas.<\/p>\n\n\n\n<p>Para o caf\u00e9 ar\u00e1bica, principal variedade cultivada no pa\u00eds, a expectativa \u00e9 de uma safra de 42,1 milh\u00f5es de sacas, impulsionada pelo aumento da \u00e1rea em produ\u00e7\u00e3o e da produtividade. Minas Gerais, maior produtor de ar\u00e1bica, dever\u00e1 colher 29,8 milh\u00f5es de sacas.<\/p>\n\n\n\n<p>Fonte: <strong>Secretaria de Agricultura, Pecu\u00e1ria e Abastecimento &#8211; Governo de Goi\u00e1s<\/strong><\/p>\n","protected":false},"excerpt":{"rendered":"<p>Produ\u00e7\u00e3o de caf\u00e9 em Goi\u00e1s deve atingir a marca de 263,5 mil sacas na safra 2024 (Foto: Seapa) A produ\u00e7\u00e3o de caf\u00e9 em Goi\u00e1s deve atingir a marca de 263,5 mil sacas na safra 2024 \u2013 um aumento de 30,6% em rela\u00e7\u00e3o ao ano anterior. A estimativa foi divulgada nesta quinta-feira (23\/5) pela Companhia Nacional [&hellip;]<\/p>\n","protected":false},"author":1,"featured_media":8015,"comment_status":"open","ping_status":"open","sticky":false,"template":"","format":"standard","meta":{"footnotes":""},"categories":[5,4],"tags":[181],"class_list":["post-8014","post","type-post","status-publish","format-standard","has-post-thumbnail","hentry","category-brasil","category-goias","tag-conab"],"_links":{"self":[{"href":"https:\/\/aguaslindasnoticias.com.br\/index.php\/wp-json\/wp\/v2\/posts\/8014","targetHints":{"allow":["GET"]}}],"collection":[{"href":"https:\/\/aguaslindasnoticias.com.br\/index.php\/wp-json\/wp\/v2\/posts"}],"about":[{"href":"https:\/\/aguaslindasnoticias.com.br\/index.php\/wp-json\/wp\/v2\/types\/post"}],"author":[{"embeddable":true,"href":"https:\/\/aguaslindasnoticias.com.br\/index.php\/wp-json\/wp\/v2\/users\/1"}],"replies":[{"embeddable":true,"href":"https:\/\/aguaslindasnoticias.com.br\/index.php\/wp-json\/wp\/v2\/comments?post=8014"}],"version-history":[{"count":1,"href":"https:\/\/aguaslindasnoticias.com.br\/index.php\/wp-json\/wp\/v2\/posts\/8014\/revisions"}],"predecessor-version":[{"id":8016,"href":"https:\/\/aguaslindasnoticias.com.br\/index.php\/wp-json\/wp\/v2\/posts\/8014\/revisions\/8016"}],"wp:featuredmedia":[{"embeddable":true,"href":"https:\/\/aguaslindasnoticias.com.br\/index.php\/wp-json\/wp\/v2\/media\/8015"}],"wp:attachment":[{"href":"https:\/\/aguaslindasnoticias.com.br\/index.php\/wp-json\/wp\/v2\/media?parent=8014"}],"wp:term":[{"taxonomy":"category","embeddable":true,"href":"https:\/\/aguaslindasnoticias.com.br\/index.php\/wp-json\/wp\/v2\/categories?post=8014"},{"taxonomy":"post_tag","embeddable":true,"href":"https:\/\/aguaslindasnoticias.com.br\/index.php\/wp-json\/wp\/v2\/tags?post=8014"}],"curies":[{"name":"wp","href":"https:\/\/api.w.org\/{rel}","templated":true}]}}