{"id":8008,"date":"2024-05-21T05:52:04","date_gmt":"2024-05-21T08:52:04","guid":{"rendered":"https:\/\/aguaslindasnoticias.com.br\/?p=8008"},"modified":"2024-06-03T05:55:05","modified_gmt":"2024-06-03T08:55:05","slug":"nesta-quarta-feira-22-almoco-cultural-tera-apresentacao-da-cantora-laisa-geovana","status":"publish","type":"post","link":"https:\/\/aguaslindasnoticias.com.br\/index.php\/2024\/05\/21\/nesta-quarta-feira-22-almoco-cultural-tera-apresentacao-da-cantora-laisa-geovana\/","title":{"rendered":"Nesta quarta-feira, 22, Almo\u00e7o Cultural ter\u00e1 apresenta\u00e7\u00e3o da cantora La\u00edsa Geovana"},"content":{"rendered":"\n<p>A Assessoria Adjunta de Atividades Culturais da Assembleia Legislativa do Estado de Goi\u00e1s (Alego) promover\u00e1, nesta quarta-feira, 22, mais uma edi\u00e7\u00e3o do Almo\u00e7o Cultural. A cantora La\u00edsa Geovana ser\u00e1 a atra\u00e7\u00e3o para os servidores e visitantes da Casa de Leis, a partir das 12h30, no terceiro andar (entre o restaurante Cora e as lanchonetes).<\/p>\n\n\n\n<p>La\u00edsa Geovana \u00e9 goiana, cantora e compositora de m\u00fasica sertaneja. Iniciou na m\u00fasica com 15 anos de idade quando aprendeu a cantar e tocar viol\u00e3o sozinha, sob a influ\u00eancia do seu tio-av\u00f4 Am\u00e9rico Jacomini que escreveu o livro de m\u00fasica \u201cM\u00e9todo de Viol\u00e3o\u201d. A goiana j\u00e1 fez diversos shows em mutir\u00f5es da Prefeitura de Goi\u00e2nia, eventos culturais, anivers\u00e1rios e barzinhos, al\u00e9m disso, comp\u00f4s m\u00fasicas para eventos diversos.<\/p>\n\n\n\n<p>No ano passado, ela deu mais um passo na sua trajet\u00f3ria profissional, ao abrir o show da dupla Guilherme e Santiago. Ainda em 2023, a artista recebeu diploma em homenagem a cantores e m\u00fasicos, na Alego.Ag\u00eancia Assembleia de Not\u00edcias<\/p>\n","protected":false},"excerpt":{"rendered":"<p>A Assessoria Adjunta de Atividades Culturais da Assembleia Legislativa do Estado de Goi\u00e1s (Alego) promover\u00e1, nesta quarta-feira, 22, mais uma edi\u00e7\u00e3o do Almo\u00e7o Cultural. A cantora La\u00edsa Geovana ser\u00e1 a atra\u00e7\u00e3o para os servidores e visitantes da Casa de Leis, a partir das 12h30, no terceiro andar (entre o restaurante Cora e as lanchonetes). La\u00edsa [&hellip;]<\/p>\n","protected":false},"author":1,"featured_media":8009,"comment_status":"open","ping_status":"open","sticky":false,"template":"","format":"standard","meta":{"footnotes":""},"categories":[8,4],"tags":[26],"class_list":["post-8008","post","type-post","status-publish","format-standard","has-post-thumbnail","hentry","category-cultura","category-goias","tag-alego"],"_links":{"self":[{"href":"https:\/\/aguaslindasnoticias.com.br\/index.php\/wp-json\/wp\/v2\/posts\/8008","targetHints":{"allow":["GET"]}}],"collection":[{"href":"https:\/\/aguaslindasnoticias.com.br\/index.php\/wp-json\/wp\/v2\/posts"}],"about":[{"href":"https:\/\/aguaslindasnoticias.com.br\/index.php\/wp-json\/wp\/v2\/types\/post"}],"author":[{"embeddable":true,"href":"https:\/\/aguaslindasnoticias.com.br\/index.php\/wp-json\/wp\/v2\/users\/1"}],"replies":[{"embeddable":true,"href":"https:\/\/aguaslindasnoticias.com.br\/index.php\/wp-json\/wp\/v2\/comments?post=8008"}],"version-history":[{"count":1,"href":"https:\/\/aguaslindasnoticias.com.br\/index.php\/wp-json\/wp\/v2\/posts\/8008\/revisions"}],"predecessor-version":[{"id":8010,"href":"https:\/\/aguaslindasnoticias.com.br\/index.php\/wp-json\/wp\/v2\/posts\/8008\/revisions\/8010"}],"wp:featuredmedia":[{"embeddable":true,"href":"https:\/\/aguaslindasnoticias.com.br\/index.php\/wp-json\/wp\/v2\/media\/8009"}],"wp:attachment":[{"href":"https:\/\/aguaslindasnoticias.com.br\/index.php\/wp-json\/wp\/v2\/media?parent=8008"}],"wp:term":[{"taxonomy":"category","embeddable":true,"href":"https:\/\/aguaslindasnoticias.com.br\/index.php\/wp-json\/wp\/v2\/categories?post=8008"},{"taxonomy":"post_tag","embeddable":true,"href":"https:\/\/aguaslindasnoticias.com.br\/index.php\/wp-json\/wp\/v2\/tags?post=8008"}],"curies":[{"name":"wp","href":"https:\/\/api.w.org\/{rel}","templated":true}]}}