{"id":8002,"date":"2024-05-19T05:39:17","date_gmt":"2024-05-19T08:39:17","guid":{"rendered":"https:\/\/aguaslindasnoticias.com.br\/?p=8002"},"modified":"2024-06-03T05:43:10","modified_gmt":"2024-06-03T08:43:10","slug":"caiado-conclama-populacao-a-se-vacinar","status":"publish","type":"post","link":"https:\/\/aguaslindasnoticias.com.br\/index.php\/2024\/05\/19\/caiado-conclama-populacao-a-se-vacinar\/","title":{"rendered":"Caiado conclama popula\u00e7\u00e3o a se vacinar"},"content":{"rendered":"\n<p class=\"has-text-align-center\"><em>Governador chama aten\u00e7\u00e3o para as baixas coberturas vacinais durante coletiva de imprensa de abertura da Pecu\u00e1ria (Foto: Wesley Costa)<\/em><\/p>\n\n\n\n<p>O governador Ronaldo Caiado conclamou a popula\u00e7\u00e3o goiana a se vacinar, diante do aumento expressivo dos casos de doen\u00e7as respirat\u00f3rias, que tem pressionado as unidades de sa\u00fade de Goi\u00e1s. O pedido foi feito durante coletiva de imprensa que marcou a abertura da 77\u00aa Exposi\u00e7\u00e3o Agropecu\u00e1ria do Estado de Goi\u00e1s, na manh\u00e3 desta sexta-feira (17\/05), em Goi\u00e2nia.<\/p>\n\n\n\n<p><strong>\u201cN\u00f3s estamos hoje com uma dificuldade em termos o n\u00famero de crian\u00e7as e \u00e0s vezes adultos com estado gripal e que precisam ser internadas. No entanto, o que n\u00f3s precisamos \u00e9 dizer \u00e0s pessoas que, por favor, tomem a vacina\u201d, destacou.<\/strong><\/p>\n\n\n\n<h2 class=\"wp-block-heading\">PRINCIPAIS MOTIVOS DE INTERNA\u00c7\u00d5ES<\/h2>\n\n\n\n<p>Atualmente, os principais respons\u00e1veis pelo aumento de diagn\u00f3sticos e interna\u00e7\u00f5es em Goi\u00e1s s\u00e3o doen\u00e7as como dengue e influenza. Desde o in\u00edcio do ano j\u00e1 foram registrados 185 \u00f3bitos por dengue, 163.532 casos confirmados e 3.360 interna\u00e7\u00f5es pela doen\u00e7a nos hospitais da rede da&nbsp;<a href=\"https:\/\/goias.gov.br\/saude\/\">Secretaria da Sa\u00fade de Goi\u00e1s (SES-GO)<\/a>.<\/p>\n\n\n\n<p>J\u00e1 a S\u00edndrome Respirat\u00f3ria Aguda Grave (Srag) resultou em 236 \u00f3bitos este ano, principalmente entre crian\u00e7as menores de 2 anos (25 mortes) e idosos com mais de 60 anos (128 mortes).&nbsp;<strong>Dentro dos \u00f3bitos por Srag, a maioria registrada em 2024 \u00e9 por Covid-19 (98) e Influenza (24), ambos com vacinas dispon\u00edveis no Sistema \u00danico de Sa\u00fade (SUS).<\/strong><\/p>\n\n\n\n<h2 class=\"wp-block-heading\">BAIXOS \u00cdNDICES DE COBERTURA<\/h2>\n\n\n\n<p>A Campanha de Vacina\u00e7\u00e3o contra a gripe, por exemplo, come\u00e7ou em Goi\u00e1s no dia 22 de mar\u00e7o, inicialmente para grupos priorit\u00e1rios. Desde o dia 2 de maio a imuniza\u00e7\u00e3o contra Influenza est\u00e1 dispon\u00edvel para toda a popula\u00e7\u00e3o acima de seis meses de idade. Mesmo assim,&nbsp;<strong>o \u00edndice de vacina\u00e7\u00e3o ainda \u00e9 considerado baixo, com apenas 27,49% de cobertura vacinal para o imunizante.<\/strong><\/p>\n\n\n\n<p><strong>O preconizado pelo&nbsp;<a href=\"https:\/\/www.gov.br\/saude\/pt-br\">Minist\u00e9rio da Sa\u00fade<\/a>&nbsp;\u00e9 cobertura acima de 90%.<\/strong><\/p>\n\n\n\n<p>\u201cN\u00e3o existe condi\u00e7\u00e3o de voc\u00ea ter leito hospitalar para atender 7 milh\u00f5es de goianos que realmente n\u00e3o tomam a vacina [\u2026] Em vez de focar no leito, vamos focar na campanha da vacina\u00e7\u00e3o, porque se n\u00f3s n\u00e3o tivermos uma vacina\u00e7\u00e3o, podemos transformar todas as resid\u00eancias de Goi\u00e1s em enfermaria\u201d, enfatizou o chefe do Executivo estadual.<\/p>\n\n\n\n<h2 class=\"wp-block-heading\">OUTROS IMUNIZANTES<\/h2>\n\n\n\n<p>Al\u00e9m da influenza, o estado tem em andamento a Campanha de Vacina\u00e7\u00e3o contra a Dengue, que come\u00e7ou em fevereiro. De um total de 220.345 doses da vacina recebidas, apenas 65% foram utilizadas at\u00e9 o momento. Outro imunizante dispon\u00edvel e que tem baixa procura \u00e9 contra a Covid-19. A cobertura vacinal para a bivalente hoje \u00e9 de apenas 15,63%.<\/p>\n\n\n\n<p>A vacina para a Covid-19 atualmente est\u00e1 inclu\u00edda no Calend\u00e1rio Nacional de Vacina\u00e7\u00e3o (para crian\u00e7as de 6 meses a 4 anos, 11 meses e 29 dias) e \u00e9 tamb\u00e9m indicada para grupos priorit\u00e1rios e pessoas que n\u00e3o tomaram nenhuma dose ou n\u00e3o completaram o esquema vacinal.<\/p>\n\n\n\n<figure class=\"wp-block-image\"><img decoding=\"async\" src=\"https:\/\/goias.gov.br\/wp-content\/uploads\/2023\/02\/VACINACAO_COVID_1A-560.jpg\" alt=\"Caiado conclama popula\u00e7\u00e3o a se vacinar\" class=\"wp-image-329909\"\/><figcaption class=\"wp-element-caption\">Principal recomenda\u00e7\u00e3o do Governo de Goi\u00e1s \u00e9 que popula\u00e7\u00e3o procure as mais de 900 salas de vacina\u00e7\u00e3o em todo estado para diminuir possibilidades de agravamento, interna\u00e7\u00e3o e \u00f3bitos (Foto: SES)<\/figcaption><\/figure>\n\n\n\n<p>A principal recomenda\u00e7\u00e3o \u00e9 que a popula\u00e7\u00e3o procure as mais de 900 salas de vacina em todo estado para diminuir a possibilidade de agravamento, interna\u00e7\u00e3o e \u00f3bitos, principalmente durante o per\u00edodo do outono e inverno, quando doen\u00e7as de transmiss\u00e3o respirat\u00f3rias s\u00e3o mais frequentes e as pessoas passam mais tempo em ambientes fechados.<\/p>\n\n\n\n<p>\u201cQuando a popula\u00e7\u00e3o vacina, mesmo que a pessoa tenha a doen\u00e7a, ela tem menos gravidade e se interna menos, ent\u00e3o \u00e9 poss\u00edvel proteger os hospitais para atender os casos mais graves e evitar que essa sazonalidade interfira t\u00e3o significativamente nos atendimentos do sistema de sa\u00fade\u201d, explica a superintendente de Vigil\u00e2ncia em Sa\u00fade da SES-GO, Fl\u00favia Amorim.<\/p>\n\n\n\n<p>Fonte: Ag\u00eancia Cora Coralina de Not\u00edcias<\/p>\n","protected":false},"excerpt":{"rendered":"<p>Governador chama aten\u00e7\u00e3o para as baixas coberturas vacinais durante coletiva de imprensa de abertura da Pecu\u00e1ria (Foto: Wesley Costa) O governador Ronaldo Caiado conclamou a popula\u00e7\u00e3o goiana a se vacinar, diante do aumento expressivo dos casos de doen\u00e7as respirat\u00f3rias, que tem pressionado as unidades de sa\u00fade de Goi\u00e1s. O pedido foi feito durante coletiva de [&hellip;]<\/p>\n","protected":false},"author":1,"featured_media":8003,"comment_status":"open","ping_status":"open","sticky":false,"template":"","format":"standard","meta":{"footnotes":""},"categories":[5,4,43],"tags":[175,176],"class_list":["post-8002","post","type-post","status-publish","format-standard","has-post-thumbnail","hentry","category-brasil","category-goias","category-saude","tag-governador-ronaldo-caiado","tag-vacinacao"],"_links":{"self":[{"href":"https:\/\/aguaslindasnoticias.com.br\/index.php\/wp-json\/wp\/v2\/posts\/8002","targetHints":{"allow":["GET"]}}],"collection":[{"href":"https:\/\/aguaslindasnoticias.com.br\/index.php\/wp-json\/wp\/v2\/posts"}],"about":[{"href":"https:\/\/aguaslindasnoticias.com.br\/index.php\/wp-json\/wp\/v2\/types\/post"}],"author":[{"embeddable":true,"href":"https:\/\/aguaslindasnoticias.com.br\/index.php\/wp-json\/wp\/v2\/users\/1"}],"replies":[{"embeddable":true,"href":"https:\/\/aguaslindasnoticias.com.br\/index.php\/wp-json\/wp\/v2\/comments?post=8002"}],"version-history":[{"count":1,"href":"https:\/\/aguaslindasnoticias.com.br\/index.php\/wp-json\/wp\/v2\/posts\/8002\/revisions"}],"predecessor-version":[{"id":8004,"href":"https:\/\/aguaslindasnoticias.com.br\/index.php\/wp-json\/wp\/v2\/posts\/8002\/revisions\/8004"}],"wp:featuredmedia":[{"embeddable":true,"href":"https:\/\/aguaslindasnoticias.com.br\/index.php\/wp-json\/wp\/v2\/media\/8003"}],"wp:attachment":[{"href":"https:\/\/aguaslindasnoticias.com.br\/index.php\/wp-json\/wp\/v2\/media?parent=8002"}],"wp:term":[{"taxonomy":"category","embeddable":true,"href":"https:\/\/aguaslindasnoticias.com.br\/index.php\/wp-json\/wp\/v2\/categories?post=8002"},{"taxonomy":"post_tag","embeddable":true,"href":"https:\/\/aguaslindasnoticias.com.br\/index.php\/wp-json\/wp\/v2\/tags?post=8002"}],"curies":[{"name":"wp","href":"https:\/\/api.w.org\/{rel}","templated":true}]}}