{"id":7998,"date":"2024-05-18T04:17:43","date_gmt":"2024-05-18T07:17:43","guid":{"rendered":"https:\/\/aguaslindasnoticias.com.br\/?p=7998"},"modified":"2024-06-03T05:39:10","modified_gmt":"2024-06-03T08:39:10","slug":"oab-faz-caminhada-em-defesa-da-preservacao-de-achados-arqueologicos","status":"publish","type":"post","link":"https:\/\/aguaslindasnoticias.com.br\/index.php\/2024\/05\/18\/oab-faz-caminhada-em-defesa-da-preservacao-de-achados-arqueologicos\/","title":{"rendered":"OAB faz caminhada em defesa da preserva\u00e7\u00e3o de achados arqueol\u00f3gicos"},"content":{"rendered":"\n<p class=\"has-text-align-center\"><em>A\u00e7\u00e3o defende tamb\u00e9m perman\u00eancia negra no Bixiga, em S\u00e3o Paulo<\/em><\/p>\n\n\n\n<p><\/p>\n\n\n\n<p>A Comiss\u00e3o da Verdade sobre a Escravid\u00e3o Negra da seccional paulista da Ordem dos Advogados do Brasil (OAB), em parceria com o movimento Mobiliza Saracura Vai-Vai, realizou neste s\u00e1bado (18) uma caminhada em defesa da preserva\u00e7\u00e3o dos achados arqueol\u00f3gicos encontrados durante a escava\u00e7\u00e3o da futura linha 6-laranja do metr\u00f4, na regi\u00e3o do Bixiga, no centro da capital paulista. A nova esta\u00e7\u00e3o ser\u00e1 chamada de 14 Bis.<\/p>\n\n\n\n<p>A Caminhada Educativa Ch\u00e3o dos Nossos Ancestrais tamb\u00e9m quer chamar a aten\u00e7\u00e3o para a hist\u00f3ria negra e antirracista do territ\u00f3rio do Bixiga, tradicional bairro de S\u00e3o Paulo,&nbsp;muito associado aos imigrantes italianos&nbsp;mas que teve como primeiro n\u00facleo populacional o Quilombo Saracura. O temor da comunidade organizada no bairro \u00e9 que a chegada do metr\u00f4 possa tornar invi\u00e1vel a continuidade da popula\u00e7\u00e3o negra no bairro por raz\u00f5es econ\u00f4micas ou especula\u00e7\u00e3o imobili\u00e1ria.<\/p>\n\n\n\n<p>A caminhada foi feita&nbsp;ap\u00f3s a OAB-SP ter anunciado apoio \u00e0 preserva\u00e7\u00e3o dos achados arqueol\u00f3gicos nas obras da esta\u00e7\u00e3o 14 Bis. \u201cNossa comiss\u00e3o trabalha sob quatro eixos: o direito \u00e0 mem\u00f3ria, o direito \u00e0 verdade, o direito \u00e0 Justi\u00e7a e tamb\u00e9m \u00e0 repara\u00e7\u00e3o. E a gente entende que ressignificar os espa\u00e7os e os territ\u00f3rios negros ocupados pela nossa popula\u00e7\u00e3o e mostrar as contribui\u00e7\u00f5es da popula\u00e7\u00e3o negra desde os tempos escravizados at\u00e9 hoje \u00e9 uma forma de romper com o apagamento que a hist\u00f3ria oficial traz em suas narrativas. O&nbsp;Quilombo Saracura \u00e9 um desses espa\u00e7os simb\u00f3licos\u201d, disse Rosana Rufino, presidente da Comiss\u00e3o da Verdade sobre a Escravid\u00e3o Negra do Brasil da OAB em S\u00e3o Paulo, em entrevista \u00e0&nbsp;<strong>Ag\u00eancia Brasil<\/strong>.<\/p>\n\n\n\n<figure class=\"wp-block-image\"><img decoding=\"async\" src=\"https:\/\/imagens.ebc.com.br\/zOzWY2IJue81JSKw4uTfULu6PI4=\/754x0\/smart\/https:\/\/agenciabrasil.ebc.com.br\/sites\/default\/files\/thumbnails\/image\/2024\/05\/18\/paulo_pinto-5.jpg?itok=-aqr7P0m\" alt=\"S\u00e3o Paulo 18\/05\/2024 OAB-SP realiza caminhada em defesa da preserva\u00e7\u00e3o dos achados arqueol\u00f3gicos no metr\u00f4 e da perman\u00eancia negra no Bixiga. a Comiss\u00e3o da Verdade sobre a Escravid\u00e3o Negra da seccional paulista da Ordem dos Advogados do Brasil, em parceria com o Mobiliza Saracura Vai-Vai, realiza a 2\u00aa Caminhada Educativa 'Ch\u00e3o dos nossos ancestrais\u201d. Foto Paulo Pinto\/Agencia Brasil\" title=\"Paulo Pinto\/Agencia Brasil\"\/><\/figure>\n\n\n\n<p>S\u00e3o Paulo &#8211;&nbsp;OAB-SP realiza caminhada em defesa da preserva\u00e7\u00e3o dos achados arqueol\u00f3gicos no metr\u00f4 e da perman\u00eancia negra no Bixiga &#8211; Foto&nbsp;<strong>Paulo Pinto\/Agencia Brasil<\/strong><\/p>\n\n\n\n<p>Durante o in\u00edcio da constru\u00e7\u00e3o da esta\u00e7\u00e3o 14 Bis, onde antes era a sede da escola de samba Vai-Vai [e que precisou deixar o local em 2021 por causa das obras], foram encontrados vest\u00edgios de um s\u00edtio arqueol\u00f3gico referentes ao Quilombo Saracura, comunidade formada por pessoas que foram escravizadas. Foi essa comunidade que fundou, em 1930, a Vai-Vai, com origem em um cord\u00e3o carnavalesco que sa\u00eda pelas ruas do bairro.<\/p>\n\n\n\n<p>Com a descoberta desses achados arqueol\u00f3gicos, a comunidade local passou a reivindicar que a futura esta\u00e7\u00e3o incorpore estruturas construtivas desenterradas nas escava\u00e7\u00f5es, que est\u00e3o sendo associadas por pesquisadores a processos mais antigos de canaliza\u00e7\u00e3o do Rio Saracura, que hoje corre sob a Avenida 9 de Julho, no Bixiga. A canaliza\u00e7\u00e3o do rio e abertura das grandes avenidas na&nbsp;regi\u00e3o estiveram diretamente associadas ao processo de&nbsp;<a href=\"https:\/\/agenciabrasil.ebc.com.br\/geral\/noticia\/2024-03\/estudo-mostra-como-expulsao-de-negros-formou-bairro-periferico-em-sp\" target=\"_blank\" rel=\"noreferrer noopener\">remo\u00e7\u00e3o da popula\u00e7\u00e3o negra<\/a>&nbsp;para as periferias da cidade.<\/p>\n\n\n\n<p>Segundo o movimento Mobiliza Saracura Vai-Vai, pelo menos mais&nbsp;19 cidades do mundo incorporaram os s\u00edtios arqueol\u00f3gicos \u00e0s esta\u00e7\u00f5es de metr\u00f4 como atra\u00e7\u00f5es tur\u00edsticas e museol\u00f3gicas.<\/p>\n\n\n\n<h2 class=\"wp-block-heading\">A caminhada<\/h2>\n\n\n\n<p>A caminhada percorreu 22 pontos vinculados \u00e0 presen\u00e7a africana no Bixiga e se encerrar\u00e1 com uma roda de samba comandada pela Fam\u00edlia Tamarineira, formada por grupo de sambistas e integrantes da Escola&nbsp;Vai-Vai.<\/p>\n\n\n\n<p>Durante a atividade foram tamb\u00e9m coletadas assinaturas para um abaixo-assinado com as demandas da comunidade, que j\u00e1 recolheu mais de 8 mil assinaturas. A&nbsp;<a href=\"https:\/\/chng.it\/ClzpwgrjKL\" target=\"_blank\" rel=\"noreferrer noopener\">vers\u00e3o eletr\u00f4nica<\/a>&nbsp;da peti\u00e7\u00e3o est\u00e1 dispon\u00edvel na internet.<\/p>\n\n\n\n<figure class=\"wp-block-image\"><img decoding=\"async\" src=\"https:\/\/imagens.ebc.com.br\/CEyxPeymqp_nIV82BVvbiFescRs=\/754x0\/smart\/https:\/\/agenciabrasil.ebc.com.br\/sites\/default\/files\/thumbnails\/image\/2024\/05\/18\/paulo_pinto-8.jpg?itok=7KVbbx36\" alt=\"S\u00e3o Paulo 18\/05\/2024 OAB-SP realiza caminhada em defesa da preserva\u00e7\u00e3o dos achados arqueol\u00f3gicos no metr\u00f4 e da perman\u00eancia negra no Bixiga. a Comiss\u00e3o da Verdade sobre a Escravid\u00e3o Negra da seccional paulista da Ordem dos Advogados do Brasil, em parceria com o Mobiliza Saracura Vai-Vai, realiza a 2\u00aa Caminhada Educativa 'Ch\u00e3o dos nossos ancestrais\u201d. Foto Paulo Pinto\/Agencia Brasil\" title=\"Paulo Pinto\/Agencia Brasil\"\/><\/figure>\n\n\n\n<p>S\u00e3o Paulo &#8211; OAB-SP realiza caminhada em defesa da preserva\u00e7\u00e3o dos achados arqueol\u00f3gicos no metr\u00f4 e da perman\u00eancia negra no Bixiga.- Foto&nbsp;<strong>Paulo Pinto\/Agencia Brasil<\/strong><\/p>\n\n\n\n<p>\u201cEstamos colhendo assinaturas porque foi achada muita coisa de alvenaria nesse s\u00edtio arqueol\u00f3gico. E queremos que isso fique anexado \u00e0 esta\u00e7\u00e3o do Metr\u00f4. Queremos que seja preservado dentro de um memorial no bairro ou dentro da esta\u00e7\u00e3o. Queremos a perman\u00eancia negra nesse bairro. Tamb\u00e9m estamos lutando pela perman\u00eancia da escola de samba Vai-Vai no Bixiga\u201d, disse Solange Sant&#8217;Ana, do Movimento Mobiliza Saracura Vai-Vai.<\/p>\n\n\n\n<p>Segundo ela, o movimento n\u00e3o \u00e9 contra a constru\u00e7\u00e3o de uma esta\u00e7\u00e3o do metr\u00f4 no bairro. \u201cN\u00e3o somos contra o metr\u00f4. Somos contra o apagamento hist\u00f3rico. Queremos que a nossa mem\u00f3ria seja preservada e que a escola de samba volte para o Bixiga. Tamb\u00e9m queremos que o bairro n\u00e3o perca sua perman\u00eancia negra. O metr\u00f4 vai gerar muita especula\u00e7\u00e3o imobili\u00e1ria, que vai acabar excluindo o negro de baixa renda do bairro\u201d.<\/p>\n\n\n\n<p>Edi\u00e7\u00e3o: Gra\u00e7a Adjuto<\/p>\n\n\n\n<p>Fonte:<strong> <\/strong><em>EBC<\/em><\/p>\n","protected":false},"excerpt":{"rendered":"<p>A\u00e7\u00e3o defende tamb\u00e9m perman\u00eancia negra no Bixiga, em S\u00e3o Paulo A Comiss\u00e3o da Verdade sobre a Escravid\u00e3o Negra da seccional paulista da Ordem dos Advogados do Brasil (OAB), em parceria com o movimento Mobiliza Saracura Vai-Vai, realizou neste s\u00e1bado (18) uma caminhada em defesa da preserva\u00e7\u00e3o dos achados arqueol\u00f3gicos encontrados durante a escava\u00e7\u00e3o da futura [&hellip;]<\/p>\n","protected":false},"author":1,"featured_media":8000,"comment_status":"open","ping_status":"open","sticky":false,"template":"","format":"standard","meta":{"footnotes":""},"categories":[5,8],"tags":[],"class_list":["post-7998","post","type-post","status-publish","format-standard","has-post-thumbnail","hentry","category-brasil","category-cultura"],"_links":{"self":[{"href":"https:\/\/aguaslindasnoticias.com.br\/index.php\/wp-json\/wp\/v2\/posts\/7998","targetHints":{"allow":["GET"]}}],"collection":[{"href":"https:\/\/aguaslindasnoticias.com.br\/index.php\/wp-json\/wp\/v2\/posts"}],"about":[{"href":"https:\/\/aguaslindasnoticias.com.br\/index.php\/wp-json\/wp\/v2\/types\/post"}],"author":[{"embeddable":true,"href":"https:\/\/aguaslindasnoticias.com.br\/index.php\/wp-json\/wp\/v2\/users\/1"}],"replies":[{"embeddable":true,"href":"https:\/\/aguaslindasnoticias.com.br\/index.php\/wp-json\/wp\/v2\/comments?post=7998"}],"version-history":[{"count":1,"href":"https:\/\/aguaslindasnoticias.com.br\/index.php\/wp-json\/wp\/v2\/posts\/7998\/revisions"}],"predecessor-version":[{"id":8001,"href":"https:\/\/aguaslindasnoticias.com.br\/index.php\/wp-json\/wp\/v2\/posts\/7998\/revisions\/8001"}],"wp:featuredmedia":[{"embeddable":true,"href":"https:\/\/aguaslindasnoticias.com.br\/index.php\/wp-json\/wp\/v2\/media\/8000"}],"wp:attachment":[{"href":"https:\/\/aguaslindasnoticias.com.br\/index.php\/wp-json\/wp\/v2\/media?parent=7998"}],"wp:term":[{"taxonomy":"category","embeddable":true,"href":"https:\/\/aguaslindasnoticias.com.br\/index.php\/wp-json\/wp\/v2\/categories?post=7998"},{"taxonomy":"post_tag","embeddable":true,"href":"https:\/\/aguaslindasnoticias.com.br\/index.php\/wp-json\/wp\/v2\/tags?post=7998"}],"curies":[{"name":"wp","href":"https:\/\/api.w.org\/{rel}","templated":true}]}}