{"id":7955,"date":"2024-05-10T14:17:53","date_gmt":"2024-05-10T17:17:53","guid":{"rendered":"https:\/\/aguaslindasnoticias.com.br\/?p=7955"},"modified":"2024-05-29T14:23:25","modified_gmt":"2024-05-29T17:23:25","slug":"inaugurada-nova-estacao-hemocentro-do-eixo-anhanguera","status":"publish","type":"post","link":"https:\/\/aguaslindasnoticias.com.br\/index.php\/2024\/05\/10\/inaugurada-nova-estacao-hemocentro-do-eixo-anhanguera\/","title":{"rendered":"Inaugurada nova Esta\u00e7\u00e3o Hemocentro do Eixo Anhanguera"},"content":{"rendered":"\n<p class=\"has-text-align-center\"><em>Totem interativo permitir\u00e1 o autoatendimento, com op\u00e7\u00f5es de rotas dispon\u00edveis para uma viagem segura (Fotos: Andr\u00e9 Costa)<\/em><\/p>\n\n\n\n<h2 class=\"wp-block-heading\">ESTA\u00c7\u00c3O HEMOCENTRO<\/h2>\n\n\n\n<p>Dentre as novidades est\u00e3o:<\/p>\n\n\n\n<ul class=\"wp-block-list\">\n<li>pain\u00e9is informativos que d\u00e3o a previs\u00e3o de tempo de chegada dos \u00f4nibus e itiner\u00e1rios,<\/li>\n\n\n\n<li>sistema de som,<\/li>\n\n\n\n<li>portarias eletr\u00f4nicas,<\/li>\n\n\n\n<li>dois monitores de led,<\/li>\n\n\n\n<li>Wi-Fi gratuito<\/li>\n\n\n\n<li>e uma torre para carregamento de celular.<\/li>\n\n\n\n<li>Os usu\u00e1rios contam ainda com um totem interativo que permitir\u00e1 o autoatendimento, com op\u00e7\u00f5es de rotas dispon\u00edveis para uma viagem segura.<\/li>\n<\/ul>\n\n\n\n<p>Em entrevista coletiva, o vice-governador e o titular da SGG detalharam outros investimentos que est\u00e3o sendo feitos pelo Governo de Goi\u00e1s na rede de transporte coletivo da Regi\u00e3o Metropolitana.<br>Citaram a reforma em curso do Terminal Novo Mundo e garantiram que, t\u00e3o logo aquela se encerre, ter\u00e1 in\u00edcio o projeto de revitaliza\u00e7\u00e3o do terminal que est\u00e1 localizado na Pra\u00e7a da B\u00edblia e tamb\u00e9m o Terminal do Dergo.<\/p>\n\n\n\n<p>\u201cTemos ainda um compromisso firmado com os goianos: substitui\u00e7\u00e3o de 100% da frota e das mais de 7 mil paradas e abrigos de \u00f4nibus da capital e cidades vizinhas at\u00e9 o final de 2026\u201d, afirmou Adriano da Rocha Lima.<\/p>\n\n\n\n<p>\u201cO trabalho \u00e9 grande; n\u00e3o acaba por agora. Mas vamos colocar Goi\u00e2nia como refer\u00eancia nacional no transporte coletivo de qualidade\u201d, sentenciou Daniel Vilela.<\/p>\n\n\n\n<h2 class=\"wp-block-heading\">SEGURAN\u00c7A E INCLUS\u00c3O<\/h2>\n\n\n\n<p><strong>A Esta\u00e7\u00e3o Hemocentro conta com 12 c\u00e2meras que permitir\u00e3o o reconhecimento facial e controle de acesso inteligente. Um posto de seguran\u00e7a realizar\u00e1 o monitoramento em tempo integral do local, tudo integrado com a&nbsp;<a href=\"https:\/\/www.seguranca.go.gov.br\/\">Secretaria de Seguran\u00e7a P\u00fablica<\/a>&nbsp;do Governo de Goi\u00e1s.<\/strong><\/p>\n\n\n\n<p><strong>As catracas possuem padr\u00e3o antivandalismo, com gabinetes em inox e acesso exclusivo para pessoas com defici\u00eancia (PCDs), semelhantes \u00e0s que s\u00e3o usadas em esta\u00e7\u00f5es de metr\u00f4.<\/strong><\/p>\n\n\n\n<p>Para tornar ainda tudo mais acess\u00edvel, a nova plataforma possui ainda:<\/p>\n\n\n\n<ul class=\"wp-block-list\">\n<li>sistema de \u00e1udio com informa\u00e7\u00f5es.<\/li>\n\n\n\n<li>Rampas de acesso com inclina\u00e7\u00e3o suave<\/li>\n\n\n\n<li>e corrim\u00e3o com sinaliza\u00e7\u00e3o em braile garantem a inclus\u00e3o de todos os passageiros.<\/li>\n\n\n\n<li>Na entrada, uma placa em braile tamb\u00e9m auxilia na identifica\u00e7\u00e3o do local.<\/li>\n\n\n\n<li>Todo o piso t\u00e1til foi devidamente implantado, de forma inteligente e segura.<\/li>\n<\/ul>\n\n\n\n<p>Profissionais da Rede Metropolitana de Transportes Coletivos (RMTC), da Companhia Metropolitana de Transportes Coletivos (CMTC) \u2013 jurisdicionada \u00e0 Prefeitura de Goi\u00e2nia \u2013 e da RedeMob Cons\u00f3rcio, que re\u00fane cinco empresas concession\u00e1rias, al\u00e9m de funcion\u00e1rios do Hemocentro, tamb\u00e9m acompanharam a entrega da nova esta\u00e7\u00e3o.<\/p>\n\n\n\n<p>Fonte: Editado por\u00a0<strong><a href=\"https:\/\/agenciacoradenoticias.go.gov.br\/author\/hosana-alves\">Hosana Alves<\/a><\/strong>\u00a0via\u00a0<strong>Vice-Governadoria &#8211; Governo de Goi\u00e1s<\/strong><\/p>\n","protected":false},"excerpt":{"rendered":"<p>Totem interativo permitir\u00e1 o autoatendimento, com op\u00e7\u00f5es de rotas dispon\u00edveis para uma viagem segura (Fotos: Andr\u00e9 Costa) ESTA\u00c7\u00c3O HEMOCENTRO Dentre as novidades est\u00e3o: Em entrevista coletiva, o vice-governador e o titular da SGG detalharam outros investimentos que est\u00e3o sendo feitos pelo Governo de Goi\u00e1s na rede de transporte coletivo da Regi\u00e3o Metropolitana.Citaram a reforma em [&hellip;]<\/p>\n","protected":false},"author":1,"featured_media":7956,"comment_status":"open","ping_status":"open","sticky":false,"template":"","format":"standard","meta":{"footnotes":""},"categories":[4,166],"tags":[167],"class_list":["post-7955","post","type-post","status-publish","format-standard","has-post-thumbnail","hentry","category-goias","category-infraestrutura","tag-estacao-hemocentro"],"_links":{"self":[{"href":"https:\/\/aguaslindasnoticias.com.br\/index.php\/wp-json\/wp\/v2\/posts\/7955","targetHints":{"allow":["GET"]}}],"collection":[{"href":"https:\/\/aguaslindasnoticias.com.br\/index.php\/wp-json\/wp\/v2\/posts"}],"about":[{"href":"https:\/\/aguaslindasnoticias.com.br\/index.php\/wp-json\/wp\/v2\/types\/post"}],"author":[{"embeddable":true,"href":"https:\/\/aguaslindasnoticias.com.br\/index.php\/wp-json\/wp\/v2\/users\/1"}],"replies":[{"embeddable":true,"href":"https:\/\/aguaslindasnoticias.com.br\/index.php\/wp-json\/wp\/v2\/comments?post=7955"}],"version-history":[{"count":1,"href":"https:\/\/aguaslindasnoticias.com.br\/index.php\/wp-json\/wp\/v2\/posts\/7955\/revisions"}],"predecessor-version":[{"id":7957,"href":"https:\/\/aguaslindasnoticias.com.br\/index.php\/wp-json\/wp\/v2\/posts\/7955\/revisions\/7957"}],"wp:featuredmedia":[{"embeddable":true,"href":"https:\/\/aguaslindasnoticias.com.br\/index.php\/wp-json\/wp\/v2\/media\/7956"}],"wp:attachment":[{"href":"https:\/\/aguaslindasnoticias.com.br\/index.php\/wp-json\/wp\/v2\/media?parent=7955"}],"wp:term":[{"taxonomy":"category","embeddable":true,"href":"https:\/\/aguaslindasnoticias.com.br\/index.php\/wp-json\/wp\/v2\/categories?post=7955"},{"taxonomy":"post_tag","embeddable":true,"href":"https:\/\/aguaslindasnoticias.com.br\/index.php\/wp-json\/wp\/v2\/tags?post=7955"}],"curies":[{"name":"wp","href":"https:\/\/api.w.org\/{rel}","templated":true}]}}