{"id":7952,"date":"2024-05-09T13:32:37","date_gmt":"2024-05-09T16:32:37","guid":{"rendered":"https:\/\/aguaslindasnoticias.com.br\/?p=7952"},"modified":"2024-05-29T14:03:46","modified_gmt":"2024-05-29T17:03:46","slug":"ccj-aprova-acompanhamento-psicoterapeutico-para-criancas-vitimas-de-violencia-domestica","status":"publish","type":"post","link":"https:\/\/aguaslindasnoticias.com.br\/index.php\/2024\/05\/09\/ccj-aprova-acompanhamento-psicoterapeutico-para-criancas-vitimas-de-violencia-domestica\/","title":{"rendered":"CCJ aprova acompanhamento psicoterap\u00eautico para crian\u00e7as v\u00edtimas de viol\u00eancia dom\u00e9stica"},"content":{"rendered":"\n<p class=\"has-text-align-center\"><em>Foto: freepik<\/em><\/p>\n\n\n\n<p>O projeto de n\u00ba&nbsp;<strong><a href=\"https:\/\/alegodigital.al.go.leg.br\/spl\/processo.aspx?id=2173376&amp;processo=2023005237\">5237\/23,<\/a><\/strong>&nbsp;do deputado Andr\u00e9 do Premium (Avante), teve parecer favor\u00e1vel aprovado pela Comiss\u00e3o de Constitui\u00e7\u00e3o, Justi\u00e7a e Reda\u00e7\u00e3o (CCJ), na reuni\u00e3o em andamento na manh\u00e3 desta quinta-feira , 9. A mat\u00e9ria visa a instituir, na rede p\u00fablica, a obrigatoriedade da an\u00e1lise psicol\u00f3gica e o acompanhamento psicoterap\u00eautico para crian\u00e7as e adolescentes que vivenciam ou vivenciaram situa\u00e7\u00f5es de viol\u00eancia dom\u00e9stica. A mat\u00e9ria teve como relator o deputado Coronel Adailton (Solidariedade).<\/p>\n\n\n\n<p>Ap\u00f3s a realiza\u00e7\u00e3o da den\u00fancia do caso de viol\u00eancia dom\u00e9stica, o Conselho Tutelar deve ser acionado para a tomada de conhecimento e ado\u00e7\u00e3o dos procedimentos cab\u00edveis dentro do paradigma da rede de prote\u00e7\u00e3o integral direcionada \u00e0s crian\u00e7as e aos adolescentes.<\/p>\n\n\n\n<p>Conforme o texto, o Estado de Goi\u00e1s ser\u00e1 respons\u00e1vel por disponibilizar a an\u00e1lise psiqui\u00e1trica por meio do Sistema \u00danico de Sa\u00fade (SUS) e garantir o acompanhamento psicoterap\u00eautico especializado em Centro de Aten\u00e7\u00e3o Psicossocial (CAPS).<\/p>\n\n\n\n<p>Segundo dados de 2014 da Secretaria de Pol\u00edticas para Mulheres da Presid\u00eancia da Rep\u00fablica (SPM), a v\u00edtima tinha filhos que presenciaram as agress\u00f5es ou foram diretamente violentados em 80% das 52.975 den\u00fancias de viol\u00eancia contra a mulher recebidas no ano.<\/p>\n\n\n\n<p>\u201cA falta de acompanhamento profissional nessas situa\u00e7\u00f5es pode acarretar problemas de sa\u00fade emocional e mental que se perpetuam por toda a vida\u201d, considera o propositor na justificativa.<\/p>\n\n\n\n<p><\/p>\n\n\n\n<p>Fonte: Ag\u00eancia Assembleia de Not\u00edcias<\/p>\n","protected":false},"excerpt":{"rendered":"<p>Foto: freepik O projeto de n\u00ba&nbsp;5237\/23,&nbsp;do deputado Andr\u00e9 do Premium (Avante), teve parecer favor\u00e1vel aprovado pela Comiss\u00e3o de Constitui\u00e7\u00e3o, Justi\u00e7a e Reda\u00e7\u00e3o (CCJ), na reuni\u00e3o em andamento na manh\u00e3 desta quinta-feira , 9. A mat\u00e9ria visa a instituir, na rede p\u00fablica, a obrigatoriedade da an\u00e1lise psicol\u00f3gica e o acompanhamento psicoterap\u00eautico para crian\u00e7as e adolescentes que [&hellip;]<\/p>\n","protected":false},"author":1,"featured_media":7953,"comment_status":"open","ping_status":"open","sticky":false,"template":"","format":"standard","meta":{"footnotes":""},"categories":[163,4],"tags":[164],"class_list":["post-7952","post","type-post","status-publish","format-standard","has-post-thumbnail","hentry","category-ccj","category-goias","tag-ccj"],"_links":{"self":[{"href":"https:\/\/aguaslindasnoticias.com.br\/index.php\/wp-json\/wp\/v2\/posts\/7952","targetHints":{"allow":["GET"]}}],"collection":[{"href":"https:\/\/aguaslindasnoticias.com.br\/index.php\/wp-json\/wp\/v2\/posts"}],"about":[{"href":"https:\/\/aguaslindasnoticias.com.br\/index.php\/wp-json\/wp\/v2\/types\/post"}],"author":[{"embeddable":true,"href":"https:\/\/aguaslindasnoticias.com.br\/index.php\/wp-json\/wp\/v2\/users\/1"}],"replies":[{"embeddable":true,"href":"https:\/\/aguaslindasnoticias.com.br\/index.php\/wp-json\/wp\/v2\/comments?post=7952"}],"version-history":[{"count":1,"href":"https:\/\/aguaslindasnoticias.com.br\/index.php\/wp-json\/wp\/v2\/posts\/7952\/revisions"}],"predecessor-version":[{"id":7954,"href":"https:\/\/aguaslindasnoticias.com.br\/index.php\/wp-json\/wp\/v2\/posts\/7952\/revisions\/7954"}],"wp:featuredmedia":[{"embeddable":true,"href":"https:\/\/aguaslindasnoticias.com.br\/index.php\/wp-json\/wp\/v2\/media\/7953"}],"wp:attachment":[{"href":"https:\/\/aguaslindasnoticias.com.br\/index.php\/wp-json\/wp\/v2\/media?parent=7952"}],"wp:term":[{"taxonomy":"category","embeddable":true,"href":"https:\/\/aguaslindasnoticias.com.br\/index.php\/wp-json\/wp\/v2\/categories?post=7952"},{"taxonomy":"post_tag","embeddable":true,"href":"https:\/\/aguaslindasnoticias.com.br\/index.php\/wp-json\/wp\/v2\/tags?post=7952"}],"curies":[{"name":"wp","href":"https:\/\/api.w.org\/{rel}","templated":true}]}}