{"id":7908,"date":"2024-03-01T09:28:54","date_gmt":"2024-03-01T12:28:54","guid":{"rendered":"https:\/\/aguaslindasnoticias.com.br\/?p=7908"},"modified":"2024-05-08T09:29:34","modified_gmt":"2024-05-08T12:29:34","slug":"mais-quatro-criancas-morrem-por-desnutricao-em-gaza-segundo-o-hamas","status":"publish","type":"post","link":"https:\/\/aguaslindasnoticias.com.br\/index.php\/2024\/03\/01\/mais-quatro-criancas-morrem-por-desnutricao-em-gaza-segundo-o-hamas\/","title":{"rendered":"Mais quatro crian\u00e7as morrem por desnutri\u00e7\u00e3o em Gaza, segundo o Hamas"},"content":{"rendered":"\n<h2 class=\"wp-block-heading\">Anteriormente, um porta-voz do OCHA havia dito \u00e0 imprensa que \u201cse algo n\u00e3o mudar, a fome ser\u00e1 quase inevit\u00e1vel\u201d em Gaza<\/h2>\n\n\n\n<figure class=\"wp-block-image\"><a href=\"https:\/\/i0.wp.com\/jornalaguaslindas.com.br\/wp-content\/uploads\/2024\/03\/AFP__20240130__34H96RG__v4__HighRes__TopshotPalestinianIsraelConflict-2048x1365Mahmud-Hams-AFP.jpg?fit=2048%2C1365&amp;ssl=1\"><img decoding=\"async\" src=\"https:\/\/i0.wp.com\/jornalaguaslindas.com.br\/wp-content\/uploads\/2024\/03\/AFP__20240130__34H96RG__v4__HighRes__TopshotPalestinianIsraelConflict-2048x1365Mahmud-Hams-AFP.jpg?fit=2048%2C1365&amp;ssl=1\" alt=\"\" class=\"wp-image-50136\"\/><\/a><figcaption class=\"wp-element-caption\">Foto: Mahmud Hams\/AFP<\/figcaption><\/figure>\n\n\n\n<p>Mais quatro crian\u00e7as morreram de \u201cdesnutri\u00e7\u00e3o e desidrata\u00e7\u00e3o\u201d na Faixa de Gaza, palco de uma guerra entre o Ex\u00e9rcito israelense e o Hamas, anunciou nesta sexta-feira (1\u00ba) o Minist\u00e9rio da Sa\u00fade do movimento islamista palestino, que governa o enclave.<\/p>\n\n\n\n<p>As mortes foram registradas no hospital Kamal Adwan, no norte da Faixa, conforme indica um comunicado do porta-voz do minist\u00e9rio, Ashraf al Qudra, no qual especificou que, desde o in\u00edcio do conflito, dez menores morreram de \u201cdesnutri\u00e7\u00e3o e desidrata\u00e7\u00e3o\u201d.<\/p>\n\n\n\n<p>Anteriormente, um porta-voz do Escrit\u00f3rio das Na\u00e7\u00f5es Unidas para Assuntos Humanit\u00e1rios (OCHA) havia dito \u00e0 imprensa que \u201cse algo n\u00e3o mudar, a fome ser\u00e1 quase inevit\u00e1vel\u201d em Gaza. \u201cAssim que a fome \u00e9 declarada, \u00e9 tarde demais para muitas pessoas\u201d, disse o porta-voz Jens Laerke.<\/p>\n\n\n\n<p>A grave situa\u00e7\u00e3o humanit\u00e1ria em Gaza chamou a aten\u00e7\u00e3o internacional nesta sexta-feira, depois que o Minist\u00e9rio da Sa\u00fade governado pelo Hamas anunciou, no dia anterior, que mais de 100 pessoas morreram quando soldados israelenses abriram fogo contra uma multid\u00e3o faminta que teria atacado um comboio de ajuda.<\/p>\n\n\n\n<p>A comunidade internacional exigiu uma investiga\u00e7\u00e3o sobre estas mortes e um cessar-fogo, ap\u00f3s quase cinco meses de guerra.<\/p>\n\n\n\n<p>O conflito eclodiu em 7 de outubro, quando comandos islamistas mataram cerca de 1.160 pessoas, a maioria civis, e sequestraram cerca de 250 no sul de Israel, segundo uma contagem da AFP baseada em dados israelenses.<\/p>\n\n\n\n<p>Em resposta, Israel lan\u00e7ou uma opera\u00e7\u00e3o a\u00e9rea e terrestre para \u201caniquilar\u201d o Hamas, que at\u00e9 agora deixou 30.228 mortos, principalmente mulheres, crian\u00e7as e adolescentes, segundo o Minist\u00e9rio da Sa\u00fade de Gaza.<\/p>\n\n\n\n<p>Jornal de Bras\u00edlia<\/p>\n\n\n\n<h2 class=\"wp-block-heading\">\u00daltimas not\u00edcias<\/h2>\n\n\n\n<figure class=\"wp-block-image\"><a href=\"https:\/\/jornalaguaslindas.com.br\/noticias\/politica\/pf-faz-buscas-para-investigar-ameacas-ao-presidente-do-uniao-brasil\/\"><img decoding=\"async\" src=\"https:\/\/i0.wp.com\/jornalaguaslindas.com.br\/wp-content\/uploads\/2024\/05\/20240229192158444663adiariodepernambuco.jpeg?fit=735%2C530&amp;ssl=1\" alt=\"\" class=\"wp-image-51294\"\/><\/a><\/figure>\n\n\n\n<h1 class=\"wp-block-heading\"><a href=\"https:\/\/jornalaguaslindas.com.br\/noticias\/politica\/pf-faz-buscas-para-investigar-ameacas-ao-presidente-do-uniao-brasil\/\">PF faz buscas para investigar amea\u00e7as ao presidente do Uni\u00e3o Brasil<\/a><\/h1>\n\n\n\n<figure class=\"wp-block-image\"><a href=\"https:\/\/jornalaguaslindas.com.br\/noticias\/brasil\/chuvas-no-rs-sobe-para-90-o-numero-de-mortes-mais-de-100-estao-desaparecidos\/\"><img decoding=\"async\" src=\"https:\/\/i0.wp.com\/jornalaguaslindas.com.br\/wp-content\/uploads\/2024\/05\/53701679470_f717cdfb0a_o-36839196lauroalvessecom.jpg?fit=768%2C431&amp;ssl=1\" alt=\"\" class=\"wp-image-51288\"\/><\/a><\/figure>\n\n\n\n<h1 class=\"wp-block-heading\"><a href=\"https:\/\/jornalaguaslindas.com.br\/noticias\/brasil\/chuvas-no-rs-sobe-para-90-o-numero-de-mortes-mais-de-100-estao-desaparecidos\/\">Chuvas no RS: sobe para 90 o n\u00famero de mortes; mais de 100 est\u00e3o desaparecidos<\/a><\/h1>\n\n\n\n<figure class=\"wp-block-image\"><a href=\"https:\/\/jornalaguaslindas.com.br\/noticias\/brasil\/troco-solidario-da-havan-arrecada-mais-de-r-1-milhao-em-dois-dias-para-auxiliar-o-rio-grande-do-sul\/\"><img decoding=\"async\" src=\"https:\/\/i0.wp.com\/jornalaguaslindas.com.br\/wp-content\/uploads\/2024\/05\/Screenshot_20240504_225745_Instant-Downloaderblogdoeddy.jpg?fit=673%2C530&amp;ssl=1\" alt=\"\" class=\"wp-image-51283\"\/><\/a><\/figure>\n\n\n\n<h1 class=\"wp-block-heading\"><a href=\"https:\/\/jornalaguaslindas.com.br\/noticias\/brasil\/troco-solidario-da-havan-arrecada-mais-de-r-1-milhao-em-dois-dias-para-auxiliar-o-rio-grande-do-sul\/\">Troco Solid\u00e1rio da Havan arrecada mais de R$ 1 milh\u00e3o em dois dias para auxiliar o Rio Grande do Sul<\/a><\/h1>\n","protected":false},"excerpt":{"rendered":"<p>Anteriormente, um porta-voz do OCHA havia dito \u00e0 imprensa que \u201cse algo n\u00e3o mudar, a fome ser\u00e1 quase inevit\u00e1vel\u201d em Gaza Mais quatro crian\u00e7as morreram de \u201cdesnutri\u00e7\u00e3o e desidrata\u00e7\u00e3o\u201d na Faixa de Gaza, palco de uma guerra entre o Ex\u00e9rcito israelense e o Hamas, anunciou nesta sexta-feira (1\u00ba) o Minist\u00e9rio da Sa\u00fade do movimento islamista [&hellip;]<\/p>\n","protected":false},"author":1,"featured_media":0,"comment_status":"open","ping_status":"open","sticky":false,"template":"","format":"standard","meta":{"footnotes":""},"categories":[1],"tags":[],"class_list":["post-7908","post","type-post","status-publish","format-standard","hentry","category-sem-categoria"],"_links":{"self":[{"href":"https:\/\/aguaslindasnoticias.com.br\/index.php\/wp-json\/wp\/v2\/posts\/7908","targetHints":{"allow":["GET"]}}],"collection":[{"href":"https:\/\/aguaslindasnoticias.com.br\/index.php\/wp-json\/wp\/v2\/posts"}],"about":[{"href":"https:\/\/aguaslindasnoticias.com.br\/index.php\/wp-json\/wp\/v2\/types\/post"}],"author":[{"embeddable":true,"href":"https:\/\/aguaslindasnoticias.com.br\/index.php\/wp-json\/wp\/v2\/users\/1"}],"replies":[{"embeddable":true,"href":"https:\/\/aguaslindasnoticias.com.br\/index.php\/wp-json\/wp\/v2\/comments?post=7908"}],"version-history":[{"count":1,"href":"https:\/\/aguaslindasnoticias.com.br\/index.php\/wp-json\/wp\/v2\/posts\/7908\/revisions"}],"predecessor-version":[{"id":7909,"href":"https:\/\/aguaslindasnoticias.com.br\/index.php\/wp-json\/wp\/v2\/posts\/7908\/revisions\/7909"}],"wp:attachment":[{"href":"https:\/\/aguaslindasnoticias.com.br\/index.php\/wp-json\/wp\/v2\/media?parent=7908"}],"wp:term":[{"taxonomy":"category","embeddable":true,"href":"https:\/\/aguaslindasnoticias.com.br\/index.php\/wp-json\/wp\/v2\/categories?post=7908"},{"taxonomy":"post_tag","embeddable":true,"href":"https:\/\/aguaslindasnoticias.com.br\/index.php\/wp-json\/wp\/v2\/tags?post=7908"}],"curies":[{"name":"wp","href":"https:\/\/api.w.org\/{rel}","templated":true}]}}