{"id":7906,"date":"2024-03-02T09:28:06","date_gmt":"2024-03-02T12:28:06","guid":{"rendered":"https:\/\/aguaslindasnoticias.com.br\/?p=7906"},"modified":"2024-05-08T09:28:39","modified_gmt":"2024-05-08T12:28:39","slug":"traficante-pede-ao-stf-devolucao-de-us-2-milhoes-apreendidos-pela-prf","status":"publish","type":"post","link":"https:\/\/aguaslindasnoticias.com.br\/index.php\/2024\/03\/02\/traficante-pede-ao-stf-devolucao-de-us-2-milhoes-apreendidos-pela-prf\/","title":{"rendered":"Traficante pede ao STF devolu\u00e7\u00e3o de US$ 2 milh\u00f5es apreendidos pela PRF"},"content":{"rendered":"\n<h2 class=\"wp-block-heading\">Apontado pelo MP como \u201cmegatraficante\u201d, Ricardo Pancad\u00e3o pediu devolu\u00e7\u00e3o do dinheiro com corre\u00e7\u00e3o monet\u00e1ria<\/h2>\n\n\n\n<p><\/p>\n\n\n\n<figure class=\"wp-block-image\"><a href=\"https:\/\/i0.wp.com\/jornalaguaslindas.com.br\/wp-content\/uploads\/2024\/03\/stf-plenario-fisicoj.jpg?fit=2047%2C1184&amp;ssl=1\"><img decoding=\"async\" src=\"https:\/\/i0.wp.com\/jornalaguaslindas.com.br\/wp-content\/uploads\/2024\/03\/stf-plenario-fisicoj.jpg?fit=2047%2C1184&amp;ssl=1\" alt=\"\" class=\"wp-image-50131\"\/><\/a><figcaption class=\"wp-element-caption\">Foto: Jota<\/figcaption><\/figure>\n\n\n\n<p>Um traficante de Mato Grosso que acumula mais de 100 anos de pris\u00e3o em condena\u00e7\u00f5es na Justi\u00e7a quer que o STF autorize a devolu\u00e7\u00e3o de US$ 2 milh\u00f5es de d\u00f3lares apreendidos com ele pela Pol\u00edcia Rodovi\u00e1ria Federal h\u00e1 mais de 10 anos.<\/p>\n\n\n\n<p>Conhecido como \u201cRicardo Pancad\u00e3o\u201d e apontado pelo Minist\u00e9rio P\u00fablico de Mato Grosso como \u201cmegatraficante\u201d, Ricardo Cosme Silva dos Santos fez o pedido nessa quinta-feira (29\/2) ao Supremo.<\/p>\n\n\n\n<p>O advogado dele alegou que Cosme, preso na Penitenci\u00e1ria Central de Mato Grosso, em Cuiab\u00e1, passa por problemas de sa\u00fade e precisa do dinheiro para custear seus tratamentos. A defesa negou que os valores tenham origem il\u00edcita.<\/p>\n\n\n\n<p>O traficante, que tem 36 anos, foi operado em dezembro de 2023 em raz\u00e3o de uma les\u00e3o intestinal causada por um palito de dentes, que ele engoliu na pris\u00e3o, e de uma apendicite.<\/p>\n\n\n\n<p>Al\u00e9m da devolu\u00e7\u00e3o, com corre\u00e7\u00e3o monet\u00e1ria, de US$ 1,9 milh\u00e3o apreendido pela PRF em abril de 2013 e US$ 161 mil, em dezembro de 2011, o traficante quer que suas contas sejam desbloqueadas. O advogado pediu que os recursos sejam enviados \u00e0 conta do seu escrit\u00f3rio.<\/p>\n\n\n\n<p>Cosme foi condenado na Justi\u00e7a de Mato Grosso a penas que somam 106 anos, 6 meses e 20 dias de pris\u00e3o por tr\u00e1fico internacional de drogas, associa\u00e7\u00e3o para o tr\u00e1fico e evas\u00e3o de divisas.<\/p>\n\n\n\n<p>O advogado tamb\u00e9m solicitou que o caso tramite em sigilo no STF. A a\u00e7\u00e3o foi distribu\u00edda ao ministro Gilmar Mendes, que anteriormente j\u00e1 havia analisado outras a\u00e7\u00f5es da defesa de Ricardo Cosme no Supremo.<\/p>\n\n\n\n<p>Metr\u00f3poles<\/p>\n\n\n\n<h2 class=\"wp-block-heading\">\u00daltimas not\u00edcias<\/h2>\n\n\n\n<figure class=\"wp-block-image\"><a href=\"https:\/\/jornalaguaslindas.com.br\/noticias\/politica\/pf-faz-buscas-para-investigar-ameacas-ao-presidente-do-uniao-brasil\/\"><img decoding=\"async\" src=\"https:\/\/i0.wp.com\/jornalaguaslindas.com.br\/wp-content\/uploads\/2024\/05\/20240229192158444663adiariodepernambuco.jpeg?fit=735%2C530&amp;ssl=1\" alt=\"\" class=\"wp-image-51294\"\/><\/a><\/figure>\n\n\n\n<h1 class=\"wp-block-heading\"><a href=\"https:\/\/jornalaguaslindas.com.br\/noticias\/politica\/pf-faz-buscas-para-investigar-ameacas-ao-presidente-do-uniao-brasil\/\">PF faz buscas para investigar amea\u00e7as ao presidente do Uni\u00e3o Brasil<\/a><\/h1>\n\n\n\n<figure class=\"wp-block-image\"><a href=\"https:\/\/jornalaguaslindas.com.br\/noticias\/brasil\/chuvas-no-rs-sobe-para-90-o-numero-de-mortes-mais-de-100-estao-desaparecidos\/\"><img decoding=\"async\" src=\"https:\/\/i0.wp.com\/jornalaguaslindas.com.br\/wp-content\/uploads\/2024\/05\/53701679470_f717cdfb0a_o-36839196lauroalvessecom.jpg?fit=768%2C431&amp;ssl=1\" alt=\"\" class=\"wp-image-51288\"\/><\/a><\/figure>\n\n\n\n<h1 class=\"wp-block-heading\"><a href=\"https:\/\/jornalaguaslindas.com.br\/noticias\/brasil\/chuvas-no-rs-sobe-para-90-o-numero-de-mortes-mais-de-100-estao-desaparecidos\/\">Chuvas no RS: sobe para 90 o n\u00famero de mortes; mais de 100 est\u00e3o desaparecidos<\/a><\/h1>\n\n\n\n<figure class=\"wp-block-image\"><a href=\"https:\/\/jornalaguaslindas.com.br\/noticias\/brasil\/troco-solidario-da-havan-arrecada-mais-de-r-1-milhao-em-dois-dias-para-auxiliar-o-rio-grande-do-sul\/\"><img decoding=\"async\" src=\"https:\/\/i0.wp.com\/jornalaguaslindas.com.br\/wp-content\/uploads\/2024\/05\/Screenshot_20240504_225745_Instant-Downloaderblogdoeddy.jpg?fit=673%2C530&amp;ssl=1\" alt=\"\" class=\"wp-image-51283\"\/><\/a><\/figure>\n\n\n\n<h1 class=\"wp-block-heading\"><a href=\"https:\/\/jornalaguaslindas.com.br\/noticias\/brasil\/troco-solidario-da-havan-arrecada-mais-de-r-1-milhao-em-dois-dias-para-auxiliar-o-rio-grande-do-sul\/\">Troco Solid\u00e1rio da Havan arrecada mais de R$ 1 milh\u00e3o em dois dias para auxiliar o Rio Grande do Sul<\/a><\/h1>\n","protected":false},"excerpt":{"rendered":"<p>Apontado pelo MP como \u201cmegatraficante\u201d, Ricardo Pancad\u00e3o pediu devolu\u00e7\u00e3o do dinheiro com corre\u00e7\u00e3o monet\u00e1ria Um traficante de Mato Grosso que acumula mais de 100 anos de pris\u00e3o em condena\u00e7\u00f5es na Justi\u00e7a quer que o STF autorize a devolu\u00e7\u00e3o de US$ 2 milh\u00f5es de d\u00f3lares apreendidos com ele pela Pol\u00edcia Rodovi\u00e1ria Federal h\u00e1 mais de 10 [&hellip;]<\/p>\n","protected":false},"author":1,"featured_media":0,"comment_status":"open","ping_status":"open","sticky":false,"template":"","format":"standard","meta":{"footnotes":""},"categories":[1],"tags":[],"class_list":["post-7906","post","type-post","status-publish","format-standard","hentry","category-sem-categoria"],"_links":{"self":[{"href":"https:\/\/aguaslindasnoticias.com.br\/index.php\/wp-json\/wp\/v2\/posts\/7906","targetHints":{"allow":["GET"]}}],"collection":[{"href":"https:\/\/aguaslindasnoticias.com.br\/index.php\/wp-json\/wp\/v2\/posts"}],"about":[{"href":"https:\/\/aguaslindasnoticias.com.br\/index.php\/wp-json\/wp\/v2\/types\/post"}],"author":[{"embeddable":true,"href":"https:\/\/aguaslindasnoticias.com.br\/index.php\/wp-json\/wp\/v2\/users\/1"}],"replies":[{"embeddable":true,"href":"https:\/\/aguaslindasnoticias.com.br\/index.php\/wp-json\/wp\/v2\/comments?post=7906"}],"version-history":[{"count":1,"href":"https:\/\/aguaslindasnoticias.com.br\/index.php\/wp-json\/wp\/v2\/posts\/7906\/revisions"}],"predecessor-version":[{"id":7907,"href":"https:\/\/aguaslindasnoticias.com.br\/index.php\/wp-json\/wp\/v2\/posts\/7906\/revisions\/7907"}],"wp:attachment":[{"href":"https:\/\/aguaslindasnoticias.com.br\/index.php\/wp-json\/wp\/v2\/media?parent=7906"}],"wp:term":[{"taxonomy":"category","embeddable":true,"href":"https:\/\/aguaslindasnoticias.com.br\/index.php\/wp-json\/wp\/v2\/categories?post=7906"},{"taxonomy":"post_tag","embeddable":true,"href":"https:\/\/aguaslindasnoticias.com.br\/index.php\/wp-json\/wp\/v2\/tags?post=7906"}],"curies":[{"name":"wp","href":"https:\/\/api.w.org\/{rel}","templated":true}]}}