{"id":7895,"date":"2024-04-14T09:23:55","date_gmt":"2024-04-14T12:23:55","guid":{"rendered":"https:\/\/aguaslindasnoticias.com.br\/?p=7895"},"modified":"2024-05-15T03:52:11","modified_gmt":"2024-05-15T06:52:11","slug":"viva-brasilia-programacao-completa-das-atracoes-do-aniversario-de-64-anos-da-capital","status":"publish","type":"post","link":"https:\/\/aguaslindasnoticias.com.br\/index.php\/2024\/04\/14\/viva-brasilia-programacao-completa-das-atracoes-do-aniversario-de-64-anos-da-capital\/","title":{"rendered":"Viva Bras\u00edlia: programa\u00e7\u00e3o completa das atra\u00e7\u00f5es do anivers\u00e1rio de 64 anos da capital"},"content":{"rendered":"\n<h2 class=\"wp-block-heading\"><\/h2>\n\n\n\n<p><strong>Shows com DJ Alok, Z\u00e9 Vaqueiro e Xand Avi\u00e3o, al\u00e9m de oficinas e exposi\u00e7\u00f5es marcam as festividades na capital at\u00e9 21 de abril<\/strong><\/p>\n\n\n\n<p>A comemora\u00e7\u00e3o do anivers\u00e1rio de 64 anos de Bras\u00edlia vai contar com atra\u00e7\u00f5es para entrar na hist\u00f3ria. Gratuitas, as festividades v\u00e3o ocupar diferentes regi\u00f5es do Distrito Federal com atra\u00e7\u00f5es para todos os gostos. O DJ Alok e os artistas Z\u00e9 Vaqueiro, Xand Avi\u00e3o, Jorge Arag\u00e3o e o padre F\u00e1bio de Melo s\u00e3o alguns dos destaques.<\/p>\n\n\n\n<p>\u201cBras\u00edlia merece uma comemora\u00e7\u00e3o com grandes shows. Essa \u00e9 uma oportunidade de atrair visitantes para a nossa capital e movimentar a economia da cidade por meio do turismo\u201d. Cristiano Ara\u00fajo, secret\u00e1rio de Turismo.<\/p>\n\n\n\n<p>A programa\u00e7\u00e3o organizada pelo Governo do Distrito Federal (GDF) inclui exposi\u00e7\u00f5es, apresenta\u00e7\u00f5es circenses, shows religiosos, oficinas de arte, entre outros. Os eventos est\u00e3o distribu\u00eddos entre o Plano Piloto, Taguatinga, Planaltina, Brazl\u00e2ndia e Santa Maria, descentralizando as comemora\u00e7\u00f5es de Bras\u00edlia, que faz anivers\u00e1rio em 21 de abril.<\/p>\n\n\n\n<p>\u201cBras\u00edlia merece uma comemora\u00e7\u00e3o com grandes shows. Essa \u00e9 uma oportunidade de atrair visitantes para a nossa capital e movimentar a economia da cidade por meio do turismo\u201d, pontua o secret\u00e1rio de Turismo, Cristiano Ara\u00fajo.<\/p>\n\n\n\n<p>A organiza\u00e7\u00e3o da sociedade civil (OSC) Instituto Alvorada Brasil de Arte, Cultura, Comunica\u00e7\u00e3o e Cidadania \u00e9 a respons\u00e1vel pelo evento, que ter\u00e1 aporte de R$ 5 milh\u00f5es.<\/p>\n\n\n\n<p>Evento em comemora\u00e7\u00e3o ao anivers\u00e1rio de Bras\u00edlia ter\u00e1 200 vagas para ambulantes<br>Evento em comemora\u00e7\u00e3o ao anivers\u00e1rio de Bras\u00edlia ter\u00e1 200 vagas para ambulantes<br>Arte e breaking na Esta\u00e7\u00e3o Central para celebrar o m\u00eas de Bras\u00edlia<br>Arte e breaking na Esta\u00e7\u00e3o Central para celebrar o m\u00eas de Bras\u00edlia<br>Z\u00e9 Vaqueiro e Xand Avi\u00e3o confirmados na comemora\u00e7\u00e3o dos 64 anos de Bras\u00edlia<br>Z\u00e9 Vaqueiro e Xand Avi\u00e3o confirmados na comemora\u00e7\u00e3o dos 64 anos de Bras\u00edlia<\/p>\n\n\n\n<p>Apresenta\u00e7\u00e3o \u00fanica<\/p>\n\n\n\n<p>A atra\u00e7\u00e3o mais esperada pelo p\u00fablico \u00e9 a do DJ Alok, marcada para 20 de abril. Programado para iniciar \u00e0s 22h, o show do DJ ter\u00e1 um palco em formato de pir\u00e2mide, al\u00e9m de participa\u00e7\u00f5es especiais. No evento, o artista vai lan\u00e7ar seu novo \u00e1lbum e promete uma apresenta\u00e7\u00e3o exclusiva para o anivers\u00e1rio da cidade. Antes dele, no mesmo local na Esplanada dos Minist\u00e9rios, apresenta-se a cantora Adriana Samartini, a partir das 18h, seguida pela banda Di Prop\u00f3sito, \u00e0s 20h.<\/p>\n\n\n\n<p>As comemora\u00e7\u00f5es tamb\u00e9m ser\u00e3o marcadas pelo Campeonato Bike Camp, na Torre Digital, com uma competi\u00e7\u00e3o XCM, XCO, Gravel e Ciclismo de Estrada entre os dias 19 e 21 de abril, com shows das bandas Biquini (ex-Biquini Cavad\u00e3o) e Jorge Arag\u00e3o.<\/p>\n\n\n\n<p>Ag\u00eancia Bras\u00edlia<\/p>\n","protected":false},"excerpt":{"rendered":"<p>Shows com DJ Alok, Z\u00e9 Vaqueiro e Xand Avi\u00e3o, al\u00e9m de oficinas e exposi\u00e7\u00f5es marcam as festividades na capital at\u00e9 21 de abril A comemora\u00e7\u00e3o do anivers\u00e1rio de 64 anos de Bras\u00edlia vai contar com atra\u00e7\u00f5es para entrar na hist\u00f3ria. Gratuitas, as festividades v\u00e3o ocupar diferentes regi\u00f5es do Distrito Federal com atra\u00e7\u00f5es para todos os [&hellip;]<\/p>\n","protected":false},"author":1,"featured_media":7925,"comment_status":"open","ping_status":"open","sticky":false,"template":"","format":"standard","meta":{"footnotes":""},"categories":[5,3,8],"tags":[],"class_list":["post-7895","post","type-post","status-publish","format-standard","has-post-thumbnail","hentry","category-brasil","category-brasilia","category-cultura"],"_links":{"self":[{"href":"https:\/\/aguaslindasnoticias.com.br\/index.php\/wp-json\/wp\/v2\/posts\/7895","targetHints":{"allow":["GET"]}}],"collection":[{"href":"https:\/\/aguaslindasnoticias.com.br\/index.php\/wp-json\/wp\/v2\/posts"}],"about":[{"href":"https:\/\/aguaslindasnoticias.com.br\/index.php\/wp-json\/wp\/v2\/types\/post"}],"author":[{"embeddable":true,"href":"https:\/\/aguaslindasnoticias.com.br\/index.php\/wp-json\/wp\/v2\/users\/1"}],"replies":[{"embeddable":true,"href":"https:\/\/aguaslindasnoticias.com.br\/index.php\/wp-json\/wp\/v2\/comments?post=7895"}],"version-history":[{"count":3,"href":"https:\/\/aguaslindasnoticias.com.br\/index.php\/wp-json\/wp\/v2\/posts\/7895\/revisions"}],"predecessor-version":[{"id":7926,"href":"https:\/\/aguaslindasnoticias.com.br\/index.php\/wp-json\/wp\/v2\/posts\/7895\/revisions\/7926"}],"wp:featuredmedia":[{"embeddable":true,"href":"https:\/\/aguaslindasnoticias.com.br\/index.php\/wp-json\/wp\/v2\/media\/7925"}],"wp:attachment":[{"href":"https:\/\/aguaslindasnoticias.com.br\/index.php\/wp-json\/wp\/v2\/media?parent=7895"}],"wp:term":[{"taxonomy":"category","embeddable":true,"href":"https:\/\/aguaslindasnoticias.com.br\/index.php\/wp-json\/wp\/v2\/categories?post=7895"},{"taxonomy":"post_tag","embeddable":true,"href":"https:\/\/aguaslindasnoticias.com.br\/index.php\/wp-json\/wp\/v2\/tags?post=7895"}],"curies":[{"name":"wp","href":"https:\/\/api.w.org\/{rel}","templated":true}]}}