{"id":7892,"date":"2024-04-13T09:23:03","date_gmt":"2024-04-13T12:23:03","guid":{"rendered":"https:\/\/aguaslindasnoticias.com.br\/?p=7892"},"modified":"2024-05-15T04:04:20","modified_gmt":"2024-05-15T07:04:20","slug":"campanha-de-vacinacao-contra-gripe-tem-dia-d-neste-sabado","status":"publish","type":"post","link":"https:\/\/aguaslindasnoticias.com.br\/index.php\/2024\/04\/13\/campanha-de-vacinacao-contra-gripe-tem-dia-d-neste-sabado\/","title":{"rendered":"Campanha de vacina\u00e7\u00e3o contra gripe tem Dia D neste s\u00e1bado"},"content":{"rendered":"\n<h2 class=\"wp-block-heading\"><\/h2>\n\n\n\n<p><\/p>\n\n\n\n<p class=\"has-text-align-center\">Foto: Marcello Casal Jr<\/p>\n\n\n\n<p class=\"has-medium-font-size\"><strong>Vacina protege contra tr\u00eas tipos de v\u00edrus de influenza<\/strong><\/p>\n\n\n\n<p><\/p>\n\n\n\n<p>A vacina\u00e7\u00e3o contra gripe ter\u00e1 Dia D neste s\u00e1bado (13). A campanha teve in\u00edcio em mar\u00e7o com a meta de vacinar 75 milh\u00f5es de pessoas.<\/p>\n\n\n\n<p>A vacina em 2024 \u00e9 destinada a proteger contra a Influenza A (H1N1), Influenza A (H3N2) e Influenza B.<\/p>\n\n\n\n<p>Conforme levantamento da Ag\u00eancia Brasil, o Dia D ocorrer\u00e1 no Distrito Federal e em 15 estados: S\u00e3o Paulo, Rio de Janeiro, Minas Gerais, Esp\u00edrito Santo, Santa Catarina, Paran\u00e1, Rio Grande do Sul, Goi\u00e1s, Pernambuco, Bahia, Rio Grande do Norte, Sergipe, Para\u00edba, Maranh\u00e3o e Piau\u00ed.<\/p>\n\n\n\n<p>De acordo com o Minist\u00e9rio da Sa\u00fade, os locais e hor\u00e1rios de aplica\u00e7\u00e3o da vacina devem ser consultados nos sites e redes sociais das secretarias estaduais de sa\u00fade.<\/p>\n\n\n\n<p>No primeiro semestre, o imunizante ser\u00e1 aplicado nas regi\u00f5es Nordeste, Centro-Oeste, Sudeste e Sul. Na Regi\u00e3o Norte, campanha ser\u00e1 realizada no segundo semestre.<\/p>\n\n\n\n<p>P\u00fablico-alvo<br>Os grupos priorit\u00e1rios s\u00e3o crian\u00e7as de seis meses a menores de 6 anos de idade, gestantes, pu\u00e9rperas e idosos com 60 anos ou mais.<\/p>\n\n\n\n<p>Quem faz parte dos grupos priorit\u00e1rios deve se vacinar, mesmo se tiver tomado a dose contra a gripe no ano passado. A vacina\u00e7\u00e3o \u00e9 anual.<\/p>\n\n\n\n<p>As crian\u00e7as que v\u00e3o receber o imunizante pela primeira vez ter\u00e3o de tomar uma segunda dose no intervalo de 30 dias.<\/p>\n\n\n\n<p>Distrito Federal<br>Mais de 90 pontos de imuniza\u00e7\u00e3o v\u00e3o funcionar em todo o Distrito Federal para o Dia D de Vacina\u00e7\u00e3o contra a gripe. Al\u00e9m da dose contra a influenza, imunizantes contra a dengue, a covid-19 e outras doen\u00e7as tamb\u00e9m estar\u00e3o dispon\u00edveis, conforme calend\u00e1rio vacinal e grupos priorit\u00e1rios previstos.<\/p>\n\n\n\n<p>Em nota, a Secretaria de Sa\u00fade do Distrito Federal destacou que a proposta \u00e9 aproveitar o momento de mobiliza\u00e7\u00e3o nacional para intensificar a imuniza\u00e7\u00e3o e ampliar todas as coberturas vacinais. A lista completa com os locais de vacina\u00e7\u00e3o, hor\u00e1rios e os imunizantes dispon\u00edveis est\u00e1 no site da pasta.<\/p>\n\n\n\n<p>Ainda de acordo com a secretaria, haver\u00e1 a\u00e7\u00f5es em escolas, unidades b\u00e1sicas de sa\u00fade (UBS) e condom\u00ednios, com atendimento, inclusive, na modalidade drive-thru. Dois ve\u00edculos popularmente conhecidos como carros da vacina tamb\u00e9m v\u00e3o percorrer as ruas do Gama e do Sol Nascente.<\/p>\n\n\n\n<p>Em cada local, segundo a secretaria, uma equipe estar\u00e1 preparada para indicar quais imunizantes poder\u00e3o ser aplicados. Basta apresentar um documento de identifica\u00e7\u00e3o e a caderneta de vacina\u00e7\u00e3o.<\/p>\n\n\n\n<p>Crian\u00e7as poder\u00e3o tomar doses contra hepatite, meningite, pneumonia, sarampo, p\u00f3lio e febre amarela, dentre outras. Meninos e meninas de 9 a 14 anos tamb\u00e9m podem receber a vacina contra o HPV, que agora \u00e9 feita em esquema de dose \u00fanica. Para adolescentes e adultos, ser\u00e3o disponibilizadas doses contra hepatite B, t\u00e9tano e difteria (vacina dT), febre amarela e sarampo, caxumba e rub\u00e9ola (vacina tr\u00edplice viral).<\/p>\n\n\n\n<p>Tamb\u00e9m haver\u00e1 esquemas de vacina\u00e7\u00e3o espec\u00edficos para beb\u00eas e idosos. O \u00fanico imunizante que n\u00e3o estar\u00e1 dispon\u00edvel nos locais de vacina\u00e7\u00e3o neste s\u00e1bado, de acordo com a secretaria, ser\u00e1 a BCG.<\/p>\n\n\n\n<p>Crian\u00e7as e adolescentes de 10 a 14 anos tamb\u00e9m podem ser imunizadas contra a dengue neste s\u00e1bado. Dados da secretaria de sa\u00fade mostram que, desde o in\u00edcio da campanha, em 9 de fevereiro, o Distrito Federal distribuiu 52.280 doses contra a doen\u00e7a.<\/p>\n\n\n\n<p>Se a crian\u00e7a ou adolescente tiver sido diagnosticado com dengue recentemente, \u00e9 preciso aguardar seis meses para iniciar o esquema vacinal.<\/p>\n\n\n\n<p>Ag\u00eancia Brasil\/EBC<\/p>\n","protected":false},"excerpt":{"rendered":"<p>Foto: Marcello Casal Jr Vacina protege contra tr\u00eas tipos de v\u00edrus de influenza A vacina\u00e7\u00e3o contra gripe ter\u00e1 Dia D neste s\u00e1bado (13). A campanha teve in\u00edcio em mar\u00e7o com a meta de vacinar 75 milh\u00f5es de pessoas. A vacina em 2024 \u00e9 destinada a proteger contra a Influenza A (H1N1), Influenza A (H3N2) e [&hellip;]<\/p>\n","protected":false},"author":1,"featured_media":7928,"comment_status":"open","ping_status":"open","sticky":false,"template":"","format":"standard","meta":{"footnotes":""},"categories":[5,43],"tags":[],"class_list":["post-7892","post","type-post","status-publish","format-standard","has-post-thumbnail","hentry","category-brasil","category-saude"],"_links":{"self":[{"href":"https:\/\/aguaslindasnoticias.com.br\/index.php\/wp-json\/wp\/v2\/posts\/7892","targetHints":{"allow":["GET"]}}],"collection":[{"href":"https:\/\/aguaslindasnoticias.com.br\/index.php\/wp-json\/wp\/v2\/posts"}],"about":[{"href":"https:\/\/aguaslindasnoticias.com.br\/index.php\/wp-json\/wp\/v2\/types\/post"}],"author":[{"embeddable":true,"href":"https:\/\/aguaslindasnoticias.com.br\/index.php\/wp-json\/wp\/v2\/users\/1"}],"replies":[{"embeddable":true,"href":"https:\/\/aguaslindasnoticias.com.br\/index.php\/wp-json\/wp\/v2\/comments?post=7892"}],"version-history":[{"count":3,"href":"https:\/\/aguaslindasnoticias.com.br\/index.php\/wp-json\/wp\/v2\/posts\/7892\/revisions"}],"predecessor-version":[{"id":7929,"href":"https:\/\/aguaslindasnoticias.com.br\/index.php\/wp-json\/wp\/v2\/posts\/7892\/revisions\/7929"}],"wp:featuredmedia":[{"embeddable":true,"href":"https:\/\/aguaslindasnoticias.com.br\/index.php\/wp-json\/wp\/v2\/media\/7928"}],"wp:attachment":[{"href":"https:\/\/aguaslindasnoticias.com.br\/index.php\/wp-json\/wp\/v2\/media?parent=7892"}],"wp:term":[{"taxonomy":"category","embeddable":true,"href":"https:\/\/aguaslindasnoticias.com.br\/index.php\/wp-json\/wp\/v2\/categories?post=7892"},{"taxonomy":"post_tag","embeddable":true,"href":"https:\/\/aguaslindasnoticias.com.br\/index.php\/wp-json\/wp\/v2\/tags?post=7892"}],"curies":[{"name":"wp","href":"https:\/\/api.w.org\/{rel}","templated":true}]}}