{"id":7890,"date":"2024-04-09T09:22:09","date_gmt":"2024-04-09T12:22:09","guid":{"rendered":"https:\/\/aguaslindasnoticias.com.br\/?p=7890"},"modified":"2024-05-15T20:05:01","modified_gmt":"2024-05-15T23:05:01","slug":"corpo-de-ziraldo-e-velado-no-museu-de-arte-moderna-no-rio","status":"publish","type":"post","link":"https:\/\/aguaslindasnoticias.com.br\/index.php\/2024\/04\/09\/corpo-de-ziraldo-e-velado-no-museu-de-arte-moderna-no-rio\/","title":{"rendered":"Corpo de Ziraldo \u00e9 velado no Museu de Arte Moderna, no Rio"},"content":{"rendered":"\n<h2 class=\"wp-block-heading\">Cartunista morreu por causas naturais, aos 91 anos<\/h2>\n\n\n\n<p>Foto: Mundo Zira\/Divulga\u00e7\u00e3o<\/p>\n\n\n\n<p>O corpo do cartunista Ziraldo come\u00e7ou a ser velado na manh\u00e3 deste domingo (7), no Rio de Janeiro. O momento de despedida de parentes, f\u00e3s e amigos do artista, que morreu na tarde de s\u00e1bado (6), se iniciou \u00e0s 10h no Museu de Arte Moderna, no Parque do Flamengo, zona sul do Rio de Janeiro.<\/p>\n\n\n\n<p>O sepultamento ser\u00e1 no Cemit\u00e9rio S\u00e3o Jo\u00e3o Batista, no bairro vizinho de Botafogo, \u00e0s 16h30. De acordo com a fam\u00edlia, Ziraldo morreu por causas naturais, em casa, no bairro da Lagoa, no Rio. Ele tinha 91 anos e estava fora da vida p\u00fablica e criativa desde setembro de 2018, quando sofreu um acidente vascular cerebral (AVC).<\/p>\n\n\n\n<p>Um dos grandes nomes da literatura brasileira, Ziraldo \u00e9 criador do personagem Menino Maluquinho, al\u00e9m de in\u00fameras outras atra\u00e7\u00f5es para o p\u00fablico infantojuvenil. O desenhista, escritor, chargista e jornalista teve a trajet\u00f3ria ligada \u00e0 defesa da democracia. Ele \u00e9 um dos fundadores do jornal O Pasquim, na d\u00e9cada de 60, um dos principais ve\u00edculos de imprensa a combater a ditadura militar.<\/p>\n\n\n\n<p>Repercuss\u00e3o<br>A morte de Ziraldo causou como\u00e7\u00e3o nas redes sociais. O tamb\u00e9m desenhista Mauricio de Sousa, criador da Turma da M\u00f4nica, escreveu que a morte do cartunista \u00e9 uma perda pessoal e para o pa\u00eds.<\/p>\n\n\n\n<p>\u201cQue tristeza! N\u00e3o tenho palavras. Perdi mais que um grande amigo. Perdi um irm\u00e3o. Das letras, dos tra\u00e7os e da vida! Mas ele estar\u00e1 sempre aqui em meu cora\u00e7\u00e3o. E nos cora\u00e7\u00f5es de milh\u00f5es de brasileiros maluquinhos, de todas as idades, que seguir\u00e3o apaixonados por sua obra. Viva, Ziraldo!\u201d.<\/p>\n\n\n\n<p>O presidente Luiz In\u00e1cio Lula da Silva afirmou que Ziraldo foi um dos maiores expoentes da cultura, da imprensa, da literatura infantil e do imagin\u00e1rio do pa\u00eds.<\/p>\n\n\n\n<p>\u201cO Menino Maluquinho, seu personagem mais conhecido, povoou mentes e a imagina\u00e7\u00e3o de crian\u00e7as de todas as idades em todas as regi\u00f5es. Um livro que virou filme, pe\u00e7as, pautou m\u00fasicas e vem sendo passado de pais para filhos como sin\u00f4nimo de inoc\u00eancia, curiosidade e beleza, al\u00e9m de um olhar esperan\u00e7oso em rela\u00e7\u00e3o aos imensos potenciais do mundo em que vivemos\u201d, disse o presidente.<\/p>\n\n\n\n<p>A ministra da Cultura, Margareth Menezes, escreveu que Ziraldo foi uma inspira\u00e7\u00e3o. \u201cSua partida deixa um vazio imenso\u201d, lamentou.<\/p>\n\n\n\n<p>Obra<br>Ziraldo recebeu diferentes premia\u00e7\u00f5es, como o \u201cNobel\u201d Internacional de Humor no 32\u00ba Sal\u00e3o Internacional de Caricaturas de Bruxelas e o pr\u00eamio Merghantealler, da imprensa livre da Am\u00e9rica Latina, ambos em 1969.<\/p>\n\n\n\n<p>Levou ainda o Pr\u00eamio Jabuti de Literatura, em 1980, com O Menino Maluquinho, e novamente em 2012, com Os Meninos do Espa\u00e7o. O Menino Maluquinho nasceu nos anos 1980 e foi inspirado no filho do escritor.<\/p>\n\n\n\n<p>Na d\u00e9cada de 1960, publicou a primeira revista em quadrinhos de sucesso, a Turma do Perer\u00ea, que seria cancelada pouco tempo depois do golpe militar de 1964. Voltaria ainda em edi\u00e7\u00f5es pela Abril e Editora Primor nas d\u00e9cadas seguintes.<\/p>\n\n\n\n<p>Na TV Brasil, emissora da Empresa Brasil de Comunica\u00e7\u00e3o (EBC), os 26 epis\u00f3dios do programa Um Menino muito Maluquinho foram apresentados ao longo de 2006. O cartunista e escritor ainda apresentou o ABZ do Ziraldo durante cinco temporadas. Foram 189 epis\u00f3dios onde o tema era sempre incentivar jovens e crian\u00e7as ao h\u00e1bito da leitura.<\/p>\n\n\n\n<p>Ag\u00eancia Brasil<\/p>\n","protected":false},"excerpt":{"rendered":"<p>Cartunista morreu por causas naturais, aos 91 anos Foto: Mundo Zira\/Divulga\u00e7\u00e3o O corpo do cartunista Ziraldo come\u00e7ou a ser velado na manh\u00e3 deste domingo (7), no Rio de Janeiro. O momento de despedida de parentes, f\u00e3s e amigos do artista, que morreu na tarde de s\u00e1bado (6), se iniciou \u00e0s 10h no Museu de Arte [&hellip;]<\/p>\n","protected":false},"author":1,"featured_media":7931,"comment_status":"open","ping_status":"open","sticky":false,"template":"","format":"standard","meta":{"footnotes":""},"categories":[5,8],"tags":[157],"class_list":["post-7890","post","type-post","status-publish","format-standard","has-post-thumbnail","hentry","category-brasil","category-cultura","tag-ziraldo"],"_links":{"self":[{"href":"https:\/\/aguaslindasnoticias.com.br\/index.php\/wp-json\/wp\/v2\/posts\/7890","targetHints":{"allow":["GET"]}}],"collection":[{"href":"https:\/\/aguaslindasnoticias.com.br\/index.php\/wp-json\/wp\/v2\/posts"}],"about":[{"href":"https:\/\/aguaslindasnoticias.com.br\/index.php\/wp-json\/wp\/v2\/types\/post"}],"author":[{"embeddable":true,"href":"https:\/\/aguaslindasnoticias.com.br\/index.php\/wp-json\/wp\/v2\/users\/1"}],"replies":[{"embeddable":true,"href":"https:\/\/aguaslindasnoticias.com.br\/index.php\/wp-json\/wp\/v2\/comments?post=7890"}],"version-history":[{"count":3,"href":"https:\/\/aguaslindasnoticias.com.br\/index.php\/wp-json\/wp\/v2\/posts\/7890\/revisions"}],"predecessor-version":[{"id":7932,"href":"https:\/\/aguaslindasnoticias.com.br\/index.php\/wp-json\/wp\/v2\/posts\/7890\/revisions\/7932"}],"wp:featuredmedia":[{"embeddable":true,"href":"https:\/\/aguaslindasnoticias.com.br\/index.php\/wp-json\/wp\/v2\/media\/7931"}],"wp:attachment":[{"href":"https:\/\/aguaslindasnoticias.com.br\/index.php\/wp-json\/wp\/v2\/media?parent=7890"}],"wp:term":[{"taxonomy":"category","embeddable":true,"href":"https:\/\/aguaslindasnoticias.com.br\/index.php\/wp-json\/wp\/v2\/categories?post=7890"},{"taxonomy":"post_tag","embeddable":true,"href":"https:\/\/aguaslindasnoticias.com.br\/index.php\/wp-json\/wp\/v2\/tags?post=7890"}],"curies":[{"name":"wp","href":"https:\/\/api.w.org\/{rel}","templated":true}]}}