{"id":7888,"date":"2024-03-04T09:21:04","date_gmt":"2024-03-04T12:21:04","guid":{"rendered":"https:\/\/aguaslindasnoticias.com.br\/?p=7888"},"modified":"2024-05-08T09:21:44","modified_gmt":"2024-05-08T12:21:44","slug":"prefeitura-de-aguas-lindas-anuncia-operacao-de-fumace-contra-a-dengue-em-toda-a-cidade","status":"publish","type":"post","link":"https:\/\/aguaslindasnoticias.com.br\/index.php\/2024\/03\/04\/prefeitura-de-aguas-lindas-anuncia-operacao-de-fumace-contra-a-dengue-em-toda-a-cidade\/","title":{"rendered":"Prefeitura de \u00c1guas Lindas anuncia opera\u00e7\u00e3o de fumac\u00ea contra a dengue em toda a cidade"},"content":{"rendered":"\n<h2 class=\"wp-block-heading\">Ser\u00e3o quatro ve\u00edculos respons\u00e1veis por realizar a pulveriza\u00e7\u00e3o na cidade<\/h2>\n\n\n\n<p><\/p>\n\n\n\n<figure class=\"wp-block-image\"><a href=\"https:\/\/i0.wp.com\/jornalaguaslindas.com.br\/wp-content\/uploads\/2024\/04\/Captura-de-tela-2024-04-05-161358beto.png?fit=921%2C610&amp;ssl=1\"><img decoding=\"async\" src=\"https:\/\/i0.wp.com\/jornalaguaslindas.com.br\/wp-content\/uploads\/2024\/04\/Captura-de-tela-2024-04-05-161358beto.png?fit=921%2C610&amp;ssl=1\" alt=\"\" class=\"wp-image-50637\"\/><\/a><figcaption class=\"wp-element-caption\">Foto: Beto Castanheiro<\/figcaption><\/figure>\n\n\n\n<p>Nesta quarta-feira, 3 de mar\u00e7o, o prefeito Lucas Antonietti esteve presente juntamente com o secret\u00e1rio Municipal de Sa\u00fade Evandro Silva e a empresa respons\u00e1vel pela realiza\u00e7\u00e3o da opera\u00e7\u00e3o de fumac\u00ea no munic\u00edpio durante 15 dias. O objetivo \u00e9 abranger toda a cidade neste per\u00edodo.<\/p>\n\n\n\n<p>\u201c\u00c9 uma for\u00e7a-tarefa. N\u00f3s continuamos no nosso combate contra a dengue. Tivemos o Dia \u2018D\u2019 Contra a Dengue, refor\u00e7amos as nossas unidades de sa\u00fade, uma uni\u00e3o junto com o estado de Goi\u00e1s\u201d, destacou o prefeito.<\/p>\n\n\n\n<p>Na ocasi\u00e3o, o secret\u00e1rio Evandro destacou algumas a\u00e7\u00f5es que foram realizadas nos \u00faltimos meses na cidade, como mutir\u00f5es, Dia D e visitas a milhares de casas. \u201cToda a sa\u00fade, de maneira geral, est\u00e1 envolvida e trabalhando forte no combate \u00e0 dengue. Agora, com essa opera\u00e7\u00e3o, cada quil\u00f4metro da nossa cidade ser\u00e1 contemplado. A doen\u00e7a j\u00e1 foi controlada, mas ainda temos uma incid\u00eancia alta. A inten\u00e7\u00e3o \u00e9 que, com essa campanha, a gente consiga reduzir e destruir o mosquito.\u201d Evandro ainda fez um apelo para que os moradores continuem vigiando suas casas e evitando focos da doen\u00e7a.<\/p>\n\n\n\n<p>Endemia<\/p>\n\n\n\n<p>A Coordena\u00e7\u00e3o de Endemias em \u00c1guas Lindas de Goi\u00e1s realizou um levantamento em fevereiro sobre a presen\u00e7a do mosquito Aedes aegypti na cidade. Os resultados revelaram que 12% das resid\u00eancias apresentavam focos do mosquito, sendo os principais criadouros encontrados em diferentes tipos de recipientes.<\/p>\n\n\n\n<p>Os reservat\u00f3rios, caixas d\u2019\u00e1gua, tambores e baldes grandes destacaram-se como os locais mais propensos, somando 30% dos focos identificados. Al\u00e9m disso, o descuido em quintais sujos, com ac\u00famulo de lixo, foi respons\u00e1vel por 27% dos casos, enquanto objetos de borracha, como pneus, contribu\u00edram com mais 27% dos focos.<\/p>\n\n\n\n<p>Os bairros mais afetados pela infesta\u00e7\u00e3o foram Gua\u00edra, Solar da Barragem, Jardim das Oliveiras, entre outros. O Secret\u00e1rio Municipal de Sa\u00fade, Evandro dos Santos, emitiu um alerta, destacando a import\u00e2ncia de manter a vigil\u00e2ncia, mesmo com os esfor\u00e7os para controlar a doen\u00e7a.<\/p>\n\n\n\n<p>A secretaria de sa\u00fade destacou os esfor\u00e7os da for\u00e7a-tarefa para notificar para enfrentar a situa\u00e7\u00e3o, foram equipadas cinco das vinte unidades de sa\u00fade da fam\u00edlia, com 36 equipes operando at\u00e9 as 22 horas, inclusive nos finais de semana, para realizar testes e adaptar o sistema de sa\u00fade \u00e0s demandas emergentes.<\/p>\n\n\n\n<p>Secom<\/p>\n","protected":false},"excerpt":{"rendered":"<p>Ser\u00e3o quatro ve\u00edculos respons\u00e1veis por realizar a pulveriza\u00e7\u00e3o na cidade Nesta quarta-feira, 3 de mar\u00e7o, o prefeito Lucas Antonietti esteve presente juntamente com o secret\u00e1rio Municipal de Sa\u00fade Evandro Silva e a empresa respons\u00e1vel pela realiza\u00e7\u00e3o da opera\u00e7\u00e3o de fumac\u00ea no munic\u00edpio durante 15 dias. O objetivo \u00e9 abranger toda a cidade neste per\u00edodo. \u201c\u00c9 [&hellip;]<\/p>\n","protected":false},"author":1,"featured_media":0,"comment_status":"open","ping_status":"open","sticky":false,"template":"","format":"standard","meta":{"footnotes":""},"categories":[1],"tags":[],"class_list":["post-7888","post","type-post","status-publish","format-standard","hentry","category-sem-categoria"],"_links":{"self":[{"href":"https:\/\/aguaslindasnoticias.com.br\/index.php\/wp-json\/wp\/v2\/posts\/7888","targetHints":{"allow":["GET"]}}],"collection":[{"href":"https:\/\/aguaslindasnoticias.com.br\/index.php\/wp-json\/wp\/v2\/posts"}],"about":[{"href":"https:\/\/aguaslindasnoticias.com.br\/index.php\/wp-json\/wp\/v2\/types\/post"}],"author":[{"embeddable":true,"href":"https:\/\/aguaslindasnoticias.com.br\/index.php\/wp-json\/wp\/v2\/users\/1"}],"replies":[{"embeddable":true,"href":"https:\/\/aguaslindasnoticias.com.br\/index.php\/wp-json\/wp\/v2\/comments?post=7888"}],"version-history":[{"count":1,"href":"https:\/\/aguaslindasnoticias.com.br\/index.php\/wp-json\/wp\/v2\/posts\/7888\/revisions"}],"predecessor-version":[{"id":7889,"href":"https:\/\/aguaslindasnoticias.com.br\/index.php\/wp-json\/wp\/v2\/posts\/7888\/revisions\/7889"}],"wp:attachment":[{"href":"https:\/\/aguaslindasnoticias.com.br\/index.php\/wp-json\/wp\/v2\/media?parent=7888"}],"wp:term":[{"taxonomy":"category","embeddable":true,"href":"https:\/\/aguaslindasnoticias.com.br\/index.php\/wp-json\/wp\/v2\/categories?post=7888"},{"taxonomy":"post_tag","embeddable":true,"href":"https:\/\/aguaslindasnoticias.com.br\/index.php\/wp-json\/wp\/v2\/tags?post=7888"}],"curies":[{"name":"wp","href":"https:\/\/api.w.org\/{rel}","templated":true}]}}