{"id":7884,"date":"2024-04-07T09:17:15","date_gmt":"2024-04-07T12:17:15","guid":{"rendered":"https:\/\/aguaslindasnoticias.com.br\/?p=7884"},"modified":"2024-05-15T20:12:27","modified_gmt":"2024-05-15T23:12:27","slug":"alvo-de-delacao-rui-costa-se-queixa-de-diretor-da-pf-no-governo-lula","status":"publish","type":"post","link":"https:\/\/aguaslindasnoticias.com.br\/index.php\/2024\/04\/07\/alvo-de-delacao-rui-costa-se-queixa-de-diretor-da-pf-no-governo-lula\/","title":{"rendered":"Alvo de dela\u00e7\u00e3o, Rui Costa se queixa de diretor da PF no governo Lula"},"content":{"rendered":"\n<h2 class=\"wp-block-heading\"><\/h2>\n\n\n\n<p>Foto: Vin\u00edcius Schimdt<\/p>\n\n\n\n<p class=\"has-medium-font-size\"><strong>Ministro da Casa Civil, Rui Costa teve o nome ligado a desvios milion\u00e1rios na compra de respiradores na Bahia durante a pandemia<\/strong><\/p>\n\n\n\n<p>Citado em uma dela\u00e7\u00e3o premiada que o ligou a desvios milion\u00e1rios na compra de respiradores durante a pandemia, como publicou o jornalista Aguirre Talento nesta quarta-feira (3\/4), o ministro da Casa Civil, Rui Costa, vem se queixando desde o in\u00edcio do governo do inqu\u00e9rito, aberto em 2020.<\/p>\n\n\n\n<p>Costa j\u00e1 manifestou a integrantes das gest\u00f5es Fl\u00e1vio Dino e Ricardo Lewandowski no Minist\u00e9rio da Justi\u00e7a descontentamento com as apura\u00e7\u00f5es em torno do caso, que remete \u00e0 \u00e9poca em que era governador da Bahia e presidia o Cons\u00f3rcio Nordeste.<\/p>\n\n\n\n<p>O chefe da Casa Civil de Lula se irritou especialmente com o diretor-geral da Pol\u00edcia Federal, Andrei Rodrigues, por considerar que ele n\u00e3o vinha tratando com a devida aten\u00e7\u00e3o o inqu\u00e9rito, que corre na Superintend\u00eancia da PF na Bahia, e que o ministro considera injusto contra si.<\/p>\n\n\n\n<p>A prop\u00f3sito: no contexto da briga da Ag\u00eancia Brasileira de Intelig\u00eancia (Abin), subordinada a Costa, com a PF, o ministro da Casa Civil tentou minar Andrei Rodrigues junto a Lula. Assessores do Pal\u00e1cio do Planalto perceberam o movimento como algo relacionado ao inqu\u00e9rito dos respiradores, e n\u00e3o, propriamente, com a briga entre Abin e PF no governo.<\/p>\n\n\n\n<p>A dela\u00e7\u00e3o premiada que cita Rui Costa foi fechada pela empres\u00e1ria Cristiana Prestes Taddeo, dona da Hempcare, que recebeu R$ 48 milh\u00f5es do adiantados pela importa\u00e7\u00e3o de 300 respiradores da China, mas n\u00e3o entregou nenhum deles. O acordo de Cristiana foi fechado com a PGR em 2022 e ela devolveu R$ 10 milh\u00f5es aos cofres p\u00fablicos.<\/p>\n\n\n\n<p>Em seus depoimentos, a empres\u00e1ria disse que a contrata\u00e7\u00e3o da Hempcare teve como intermedi\u00e1rio um empres\u00e1rio que se disse amigo de Rui Costa e da ent\u00e3o primeira-dama do estado, Aline Peixoto. O intermedi\u00e1rio teria cobrado comiss\u00f5es de R$ 11 milh\u00f5es na transa\u00e7\u00e3o.<\/p>\n\n\n\n<p>O advogado criminalista Leonardo Magalh\u00e3es Avelar, que defende a empres\u00e1ria Cristiana Taddeo, afirmou que n\u00e3o vai se pronunciar sobre o caso porque a investiga\u00e7\u00e3o tramita em segredo de Justi\u00e7a.<\/p>\n\n\n\n<p>Por meio de sua assessoria de imprensa, Rui Costa negou irregularidades no contrato. \u201cAp\u00f3s a n\u00e3o entrega dos respiradores, o ent\u00e3o governador Rui Costa determinou que a Secretaria de Seguran\u00e7a P\u00fablica da Bahia abrisse uma investiga\u00e7\u00e3o contra os autores do desvio dos recursos destinados a compra dos equipamentos. Os mesmos foram presos pela Pol\u00edcia Civil por ordem da Justi\u00e7a baiana semanas ap\u00f3s a den\u00fancia\u201d, disse a nota.<\/p>\n\n\n\n<p>O texto negou que Costa tenha tratado com intermedi\u00e1rios na negocia\u00e7\u00e3o pelos respiradores e alegou que, durante a pandemia, compras de equipamentos de sa\u00fade foram feitas com pagamento antecipado no mundo inteiro.<\/p>\n\n\n\n<p>\u201cO ex-governador Rui Costa deseja que a investiga\u00e7\u00e3o prossiga e que os respons\u00e1veis pelo desvio do dinheiro p\u00fablico sejam devidamente punidos e haja determina\u00e7\u00e3o judicial para ressarcimento do er\u00e1rio p\u00fablico\u201d, afirmou a assessoria do ministro.<\/p>\n\n\n\n<p>(Atualiza\u00e7\u00e3o, \u00e0s 12h52 de 3 de abril de 2023: A assessoria de imprensa da Casa Civil entrou em contato com a coluna e afirmou que o ministro nega que tenha cr\u00edticas ao trabalho do diretor da PF.)<\/p>\n\n\n\n<p>Metr\u00f3poles<\/p>\n","protected":false},"excerpt":{"rendered":"<p>Foto: Vin\u00edcius Schimdt Ministro da Casa Civil, Rui Costa teve o nome ligado a desvios milion\u00e1rios na compra de respiradores na Bahia durante a pandemia Citado em uma dela\u00e7\u00e3o premiada que o ligou a desvios milion\u00e1rios na compra de respiradores durante a pandemia, como publicou o jornalista Aguirre Talento nesta quarta-feira (3\/4), o ministro da [&hellip;]<\/p>\n","protected":false},"author":1,"featured_media":7937,"comment_status":"open","ping_status":"open","sticky":false,"template":"","format":"standard","meta":{"footnotes":""},"categories":[5],"tags":[158],"class_list":["post-7884","post","type-post","status-publish","format-standard","has-post-thumbnail","hentry","category-brasil","tag-rui-costa"],"_links":{"self":[{"href":"https:\/\/aguaslindasnoticias.com.br\/index.php\/wp-json\/wp\/v2\/posts\/7884","targetHints":{"allow":["GET"]}}],"collection":[{"href":"https:\/\/aguaslindasnoticias.com.br\/index.php\/wp-json\/wp\/v2\/posts"}],"about":[{"href":"https:\/\/aguaslindasnoticias.com.br\/index.php\/wp-json\/wp\/v2\/types\/post"}],"author":[{"embeddable":true,"href":"https:\/\/aguaslindasnoticias.com.br\/index.php\/wp-json\/wp\/v2\/users\/1"}],"replies":[{"embeddable":true,"href":"https:\/\/aguaslindasnoticias.com.br\/index.php\/wp-json\/wp\/v2\/comments?post=7884"}],"version-history":[{"count":3,"href":"https:\/\/aguaslindasnoticias.com.br\/index.php\/wp-json\/wp\/v2\/posts\/7884\/revisions"}],"predecessor-version":[{"id":7938,"href":"https:\/\/aguaslindasnoticias.com.br\/index.php\/wp-json\/wp\/v2\/posts\/7884\/revisions\/7938"}],"wp:featuredmedia":[{"embeddable":true,"href":"https:\/\/aguaslindasnoticias.com.br\/index.php\/wp-json\/wp\/v2\/media\/7937"}],"wp:attachment":[{"href":"https:\/\/aguaslindasnoticias.com.br\/index.php\/wp-json\/wp\/v2\/media?parent=7884"}],"wp:term":[{"taxonomy":"category","embeddable":true,"href":"https:\/\/aguaslindasnoticias.com.br\/index.php\/wp-json\/wp\/v2\/categories?post=7884"},{"taxonomy":"post_tag","embeddable":true,"href":"https:\/\/aguaslindasnoticias.com.br\/index.php\/wp-json\/wp\/v2\/tags?post=7884"}],"curies":[{"name":"wp","href":"https:\/\/api.w.org\/{rel}","templated":true}]}}