{"id":7881,"date":"2024-04-06T09:14:40","date_gmt":"2024-04-06T12:14:40","guid":{"rendered":"https:\/\/aguaslindasnoticias.com.br\/?p=7881"},"modified":"2024-05-15T20:14:47","modified_gmt":"2024-05-15T23:14:47","slug":"justica-determina-que-filho-de-lula-saia-de-casa-e-nao-se-aproxime-da-ex-mulher","status":"publish","type":"post","link":"https:\/\/aguaslindasnoticias.com.br\/index.php\/2024\/04\/06\/justica-determina-que-filho-de-lula-saia-de-casa-e-nao-se-aproxime-da-ex-mulher\/","title":{"rendered":"Justi\u00e7a determina que filho de Lula saia de casa e n\u00e3o se aproxime da ex-mulher"},"content":{"rendered":"\n<p>Foto: Poder 360<\/p>\n\n\n\n<h2 class=\"wp-block-heading\">M\u00e9dica Nat\u00e1lia Schincariol registrou boletim de ocorr\u00eancia contra Lu\u00eds Cl\u00e1udio Lula da Silva e afirmou ter sido v\u00edtima de viol\u00eancia dom\u00e9stica. Defesa dele nega as acusa\u00e7\u00f5es.<\/h2>\n\n\n\n<p>O Tribunal de Justi\u00e7a de S\u00e3o Paulo determinou que Lu\u00eds Cl\u00e1udio Lula da Silva, filho ca\u00e7ula do presidente Lula (PT), n\u00e3o se aproxime da m\u00e9dica Nat\u00e1lia Schincariol, ex-mulher dele. A decis\u00e3o tamb\u00e9m ordena que ele deixe o apartamento onde vive com ela.<\/p>\n\n\n\n<p>Na ter\u00e7a-feira (2), Nat\u00e1lia registrou um boletim de ocorr\u00eancia contra Lu\u00eds Cl\u00e1udio na Delegacia da Mulher de S\u00e3o Paulo, por viol\u00eancia dom\u00e9stica.<\/p>\n\n\n\n<p>Por meio de nota, a defesa de Lu\u00eds Cl\u00e1udio nega as acusa\u00e7\u00f5es e diz que \u201cas mentiras s\u00e3o enquadr\u00e1veis nos tipos dos delitos de cal\u00fania, inj\u00faria e difama\u00e7\u00e3o, al\u00e9m de responder por repara\u00e7\u00e3o por danos morais\u201d. Leia a nota na \u00edntegra mais abaixo.<\/p>\n\n\n\n<p>Ao registrar o boletim de ocorr\u00eancia, Nat\u00e1lia afirmou que foi agredida com uma cotovelada durante uma briga em janeiro deste ano. A m\u00e9dica tamb\u00e9m disse ser v\u00edtima de agress\u00e3o verbal, psicol\u00f3gica e moral.<\/p>\n\n\n\n<p>\u00c0 pol\u00edcia, Nat\u00e1lia relatou que precisou ficar afastada do trabalho durante um m\u00eas por causa do trauma causado pelas agress\u00f5es, al\u00e9m de ter sido hospitalizada com crises de ansiedade.<\/p>\n\n\n\n<p>A m\u00e9dica disse ainda que tem sido alvo de ofensas constantes, sendo chamada de \u201cvagabunda, gorda, feia e doente mental\u201d.<\/p>\n\n\n\n<p>Segundo Nat\u00e1lia, os dois vivem em uni\u00e3o est\u00e1vel h\u00e1 dois anos. Ela afirmou que n\u00e3o denunciou o ex-companheiro antes por ter sido intimidada por ele.<\/p>\n\n\n\n<p>\u201cMeu pai vai me proteger e vai sair perdendo, eu vou acabar com sua alma\u201d, teria dito Lu\u00eds Cl\u00e1udio a Nat\u00e1lia, segundo o boletim de ocorr\u00eancia. \u201cVou falar para todos que voc\u00ea \u00e9 uma insana, ningu\u00e9m ir\u00e1 acreditar em voc\u00ea.\u201d<\/p>\n\n\n\n<p>Em nota publicada nas redes sociais, os advogados de defesa da m\u00e9dica ressaltaram que, \u201ccomo in\u00fameras mulheres em todo o Brasil, [ela] enfrentou uma s\u00e9rie de adversidades que culminaram em agress\u00f5es das mais variadas, conforme registrado em boletim de ocorr\u00eancia. Al\u00e9m disso, apesar de a f\u00edsica ser a mais conhecida e disseminada nos ve\u00edculos de informa\u00e7\u00e3o, as viol\u00eancias psicol\u00f3gica e moral s\u00e3o t\u00e3o danosas quanto\u201d.<\/p>\n\n\n\n<p>Decis\u00e3o da Justi\u00e7a<br>Ap\u00f3s o registro do boletim de ocorr\u00eancia, um pedido de medida protetiva de urg\u00eancia foi enviado ao Tribunal de Justi\u00e7a de S\u00e3o Paulo .<\/p>\n\n\n\n<p>Na decis\u00e3o, o TJ-SP entendeu que o relato da v\u00edtima \u00e9 \u201ccoerente e veross\u00edmil\u201d, concedendo as seguintes medidas protetivas:<\/p>\n\n\n\n<p>\u2013 proibi\u00e7\u00e3o de que Lu\u00eds Cl\u00e1udio fique a menos de 200 metros de Nat\u00e1lia;<br>\u2013 proibi\u00e7\u00e3o de que Lu\u00eds Cl\u00e1udio frequente os locais de trabalho, estudo ou de culto religioso de Nat\u00e1lia;<br>\u2013 proibi\u00e7\u00e3o de que Lu\u00eds Cl\u00e1udio entre em contato com Nat\u00e1lia por qualquer meio, incluindo telefonemas, mensagens e redes sociais;<br>\u2013 Nota da defesa de Lu\u00eds Cl\u00e1udio Lula da Silva<br>\u201cNa condi\u00e7\u00e3o de Advogada de Lu\u00eds Cl\u00e1udio Lula da Silva, tomamos conhecimento das fantasiosas declara\u00e7\u00f5es que teriam sido proferidas pela m\u00e9dica, atribuindo ao nosso cliente inver\u00eddicas e fantasiosas agress\u00f5es, cujas mentiras s\u00e3o enquadr\u00e1veis nos tipos dos delitos de cal\u00fania, inj\u00faria e difama\u00e7\u00e3o, al\u00e9m de responder por repara\u00e7\u00e3o por danos morais, motivos pelos quais ser\u00e3o tomadas as medidas legais pertinentes.\u201d<\/p>\n\n\n\n<p>Nota da defesa de Nat\u00e1lia Schincariol<br>Em rela\u00e7\u00e3o aos recentes acontecimentos envolvendo Nat\u00e1lia Schincariol, gostar\u00edamos de esclarecer alguns pontos importantes. Nat\u00e1lia \u00e9 uma mulher corajosa, que teve a bravura de se posicionar contra qualquer forma de viol\u00eancia dom\u00e9stica.<\/p>\n\n\n\n<p>Como in\u00fameras mulheres em todo o Brasil, enfrentou uma s\u00e9rie de adversidades que culminaram em agress\u00f5es das mais variadas, conforme registrado em boletim de ocorr\u00eancia. Al\u00e9m disso, apesar de a f\u00edsica ser a mais conhecida e disseminada nos ve\u00edculos de informa\u00e7\u00e3o, as viol\u00eancias psicol\u00f3gica e moral s\u00e3o t\u00e3o danosas quanto.<\/p>\n\n\n\n<p>Na qualidade de defensora dos direitos das mulheres, demonstra resili\u00eancia e coragem ao se posicionar contra qualquer forma de viol\u00eancia. Sua decis\u00e3o de n\u00e3o sofrer em sil\u00eancio \u00e9 um testemunho de sua firmeza e determina\u00e7\u00e3o em buscar justi\u00e7a. Nat\u00e1lia Schincariol \u00e9 m\u00e9dica, faz trabalhos volunt\u00e1rios, inclusive com dependentes qu\u00edmicos, e n\u00e3o pretende obter qualquer vantagem financeira com tal exposi\u00e7\u00e3o, que foi realizada de forma alheia \u00e0 sua vontade.<\/p>\n\n\n\n<p>Informamos tamb\u00e9m que medidas protetivas foram deferidas em favor de Nat\u00e1lia, visando assegurar sua integridade e seguran\u00e7a f\u00edsica e psicol\u00f3gica.<\/p>\n\n\n\n<p>Confiamos plenamente nas institui\u00e7\u00f5es respons\u00e1veis pela condu\u00e7\u00e3o deste processo e colaboraremos integralmente para garantir que a verdade prevale\u00e7a e que a justi\u00e7a seja feita, inclusive com o cumprimento das medidas judicialmente impostas.afastamento de Lu\u00eds Cl\u00e1udio do local onde ele mora com Nat\u00e1lia, sendo permitida apenas a retirada de documentos pessoais e bens de uso pessoal.<\/p>\n\n\n\n<p>g1<\/p>\n","protected":false},"excerpt":{"rendered":"<p>Foto: Poder 360 M\u00e9dica Nat\u00e1lia Schincariol registrou boletim de ocorr\u00eancia contra Lu\u00eds Cl\u00e1udio Lula da Silva e afirmou ter sido v\u00edtima de viol\u00eancia dom\u00e9stica. Defesa dele nega as acusa\u00e7\u00f5es. O Tribunal de Justi\u00e7a de S\u00e3o Paulo determinou que Lu\u00eds Cl\u00e1udio Lula da Silva, filho ca\u00e7ula do presidente Lula (PT), n\u00e3o se aproxime da m\u00e9dica Nat\u00e1lia [&hellip;]<\/p>\n","protected":false},"author":1,"featured_media":7940,"comment_status":"open","ping_status":"open","sticky":false,"template":"","format":"standard","meta":{"footnotes":""},"categories":[5,33],"tags":[],"class_list":["post-7881","post","type-post","status-publish","format-standard","has-post-thumbnail","hentry","category-brasil","category-seguranca-publica"],"_links":{"self":[{"href":"https:\/\/aguaslindasnoticias.com.br\/index.php\/wp-json\/wp\/v2\/posts\/7881","targetHints":{"allow":["GET"]}}],"collection":[{"href":"https:\/\/aguaslindasnoticias.com.br\/index.php\/wp-json\/wp\/v2\/posts"}],"about":[{"href":"https:\/\/aguaslindasnoticias.com.br\/index.php\/wp-json\/wp\/v2\/types\/post"}],"author":[{"embeddable":true,"href":"https:\/\/aguaslindasnoticias.com.br\/index.php\/wp-json\/wp\/v2\/users\/1"}],"replies":[{"embeddable":true,"href":"https:\/\/aguaslindasnoticias.com.br\/index.php\/wp-json\/wp\/v2\/comments?post=7881"}],"version-history":[{"count":3,"href":"https:\/\/aguaslindasnoticias.com.br\/index.php\/wp-json\/wp\/v2\/posts\/7881\/revisions"}],"predecessor-version":[{"id":7941,"href":"https:\/\/aguaslindasnoticias.com.br\/index.php\/wp-json\/wp\/v2\/posts\/7881\/revisions\/7941"}],"wp:featuredmedia":[{"embeddable":true,"href":"https:\/\/aguaslindasnoticias.com.br\/index.php\/wp-json\/wp\/v2\/media\/7940"}],"wp:attachment":[{"href":"https:\/\/aguaslindasnoticias.com.br\/index.php\/wp-json\/wp\/v2\/media?parent=7881"}],"wp:term":[{"taxonomy":"category","embeddable":true,"href":"https:\/\/aguaslindasnoticias.com.br\/index.php\/wp-json\/wp\/v2\/categories?post=7881"},{"taxonomy":"post_tag","embeddable":true,"href":"https:\/\/aguaslindasnoticias.com.br\/index.php\/wp-json\/wp\/v2\/tags?post=7881"}],"curies":[{"name":"wp","href":"https:\/\/api.w.org\/{rel}","templated":true}]}}