{"id":7870,"date":"2024-04-01T09:03:14","date_gmt":"2024-04-01T12:03:14","guid":{"rendered":"https:\/\/aguaslindasnoticias.com.br\/?p=7870"},"modified":"2024-05-08T09:04:37","modified_gmt":"2024-05-08T12:04:37","slug":"remedios-mais-caros-preco-de-medicamentos-subira-ate-45-a-partir-de-domingo","status":"publish","type":"post","link":"https:\/\/aguaslindasnoticias.com.br\/index.php\/2024\/04\/01\/remedios-mais-caros-preco-de-medicamentos-subira-ate-45-a-partir-de-domingo\/","title":{"rendered":"Rem\u00e9dios mais caros? Pre\u00e7o de medicamentos subir\u00e1 at\u00e9 4,5% a partir de domingo"},"content":{"rendered":"\n<h2 class=\"wp-block-heading\">Reajuste pode acontecer imediatamente ou de forma fracionada ao longo do ano<\/h2>\n\n\n\n<p><\/p>\n\n\n\n<figure class=\"wp-block-image\"><a href=\"https:\/\/i0.wp.com\/jornalaguaslindas.com.br\/wp-content\/uploads\/2024\/04\/med.jpgsimmedicina.jpg?fit=1200%2C800&amp;ssl=1\"><img decoding=\"async\" src=\"https:\/\/i0.wp.com\/jornalaguaslindas.com.br\/wp-content\/uploads\/2024\/04\/med.jpgsimmedicina.jpg?fit=1200%2C800&amp;ssl=1\" alt=\"\" class=\"wp-image-50482\"\/><\/a><figcaption class=\"wp-element-caption\">Foto: Sim Medicina<\/figcaption><\/figure>\n\n\n\n<p>O governo federal autorizou um reajuste de at\u00e9 4,5% nos pre\u00e7os dos medicamentos para este ano, a partir deste domingo, dia 31. O aval para o aumento foi publicado nesta quinta-feira, 28 no Di\u00e1rio Oficial da Uni\u00e3o (DOU). O porcentual, que funciona como um valor m\u00e1ximo, foi definido pela C\u00e2mara de Regula\u00e7\u00e3o do Mercado de Medicamento (CMED).<\/p>\n\n\n\n<p>O ajuste de pre\u00e7os de rem\u00e9dios \u00e9 anual e tem como fundamento um modelo de teto calculado com base no \u00cdndice Nacional de Pre\u00e7os ao Consumidor Amplo (IPCA). O IPCA ficou em 4,5% em fevereiro no acumulado dos \u00faltimos 12 meses.<\/p>\n\n\n\n<p>Quando aumentam os pre\u00e7os dos rem\u00e9dios<br>As empresas detentoras de registro de medicamentos poder\u00e3o ajustar os pre\u00e7os no prazo de at\u00e9 quinze dias ap\u00f3s a publica\u00e7\u00e3o da resolu\u00e7\u00e3o, segundo instru\u00e7\u00f5es da Secretaria Executiva da CMED, cita a nota publicada no DOU.<\/p>\n\n\n\n<p>Exame<\/p>\n","protected":false},"excerpt":{"rendered":"<p>Reajuste pode acontecer imediatamente ou de forma fracionada ao longo do ano O governo federal autorizou um reajuste de at\u00e9 4,5% nos pre\u00e7os dos medicamentos para este ano, a partir deste domingo, dia 31. O aval para o aumento foi publicado nesta quinta-feira, 28 no Di\u00e1rio Oficial da Uni\u00e3o (DOU). O porcentual, que funciona como [&hellip;]<\/p>\n","protected":false},"author":1,"featured_media":0,"comment_status":"open","ping_status":"open","sticky":false,"template":"","format":"standard","meta":{"footnotes":""},"categories":[1],"tags":[],"class_list":["post-7870","post","type-post","status-publish","format-standard","hentry","category-sem-categoria"],"_links":{"self":[{"href":"https:\/\/aguaslindasnoticias.com.br\/index.php\/wp-json\/wp\/v2\/posts\/7870","targetHints":{"allow":["GET"]}}],"collection":[{"href":"https:\/\/aguaslindasnoticias.com.br\/index.php\/wp-json\/wp\/v2\/posts"}],"about":[{"href":"https:\/\/aguaslindasnoticias.com.br\/index.php\/wp-json\/wp\/v2\/types\/post"}],"author":[{"embeddable":true,"href":"https:\/\/aguaslindasnoticias.com.br\/index.php\/wp-json\/wp\/v2\/users\/1"}],"replies":[{"embeddable":true,"href":"https:\/\/aguaslindasnoticias.com.br\/index.php\/wp-json\/wp\/v2\/comments?post=7870"}],"version-history":[{"count":1,"href":"https:\/\/aguaslindasnoticias.com.br\/index.php\/wp-json\/wp\/v2\/posts\/7870\/revisions"}],"predecessor-version":[{"id":7871,"href":"https:\/\/aguaslindasnoticias.com.br\/index.php\/wp-json\/wp\/v2\/posts\/7870\/revisions\/7871"}],"wp:attachment":[{"href":"https:\/\/aguaslindasnoticias.com.br\/index.php\/wp-json\/wp\/v2\/media?parent=7870"}],"wp:term":[{"taxonomy":"category","embeddable":true,"href":"https:\/\/aguaslindasnoticias.com.br\/index.php\/wp-json\/wp\/v2\/categories?post=7870"},{"taxonomy":"post_tag","embeddable":true,"href":"https:\/\/aguaslindasnoticias.com.br\/index.php\/wp-json\/wp\/v2\/tags?post=7870"}],"curies":[{"name":"wp","href":"https:\/\/api.w.org\/{rel}","templated":true}]}}