{"id":7862,"date":"2024-03-15T00:14:42","date_gmt":"2024-03-15T03:14:42","guid":{"rendered":"https:\/\/aguaslindasnoticias.com.br\/?p=7862"},"modified":"2024-04-04T10:39:54","modified_gmt":"2024-04-04T13:39:54","slug":"israel-reforca-convite-a-caiado-para-visita-ao-pais","status":"publish","type":"post","link":"https:\/\/aguaslindasnoticias.com.br\/index.php\/2024\/03\/15\/israel-reforca-convite-a-caiado-para-visita-ao-pais\/","title":{"rendered":"Israel refor\u00e7a convite a Caiado para visita ao pa\u00eds"},"content":{"rendered":"\n<p>Caiado ao lado do embaixador de Israel no Brasil, Daniel Zonshine, durante homenagem do Governo de Goi\u00e1s \u00e0s v\u00edtimas do atentado que matou 1,2 mil israelenses (Foto: Lucas Diener e R\u00f4mullo Carvalho)<\/p>\n\n\n\n<p><\/p>\n\n\n\n<p>\u201c\u00c9 com grande honra e satisfa\u00e7\u00e3o que o Governo de Israel convida V. Exa. para importante visita em Israel, na pr\u00f3xima semana. Durante a sua estada, teremos o prazer de convid\u00e1-lo a reunir-se com o primeiro-ministro\u201d, diz o documento enviado ao Pal\u00e1cio das Esmeraldas, nesta quarta-feira (13\/03). Est\u00e1 prevista tamb\u00e9m reuni\u00e3o com o presidente de Israel, Isaac Herzog.<\/p>\n\n\n\n<p>Caiado viajar\u00e1 no pr\u00f3ximo s\u00e1bado (16\/03), com retorno previsto para o dia 21 de mar\u00e7o. A programa\u00e7\u00e3o inclui reuni\u00f5es de neg\u00f3cios, visando estreitar os la\u00e7os comerciais com o Estado de Goi\u00e1s. A carta traz que haver\u00e1 visitas a \u201cempresas inovadoras, que podem proporcionar experi\u00eancias enriquecedoras para promover o di\u00e1logo e a colabora\u00e7\u00e3o entre as nossas regi\u00f5es sobre tecnologia, economia de Israel, seguran\u00e7a p\u00fablica e recursos h\u00eddricos.\u201d<\/p>\n\n\n\n<p>Goi\u00e1s tem estabelecido di\u00e1logo com Israel h\u00e1 alguns meses para fortalecer parcerias e aperfei\u00e7oar projetos com o uso de tecnologias israelenses. \u00c9 o caso, por exemplo, do&nbsp;<a href=\"https:\/\/agenciacoradenoticias.go.gov.br\/94430-compartilhamento-de-tecnologias-com-israel-deve-transformar-irrigacao-do-vao-do-parana\" target=\"_blank\" rel=\"noreferrer noopener\">projeto de Fruticultura Irrigada do V\u00e3o do Paran\u00e3<\/a>, na regi\u00e3o Nordeste do estado. O pa\u00eds do Oriente M\u00e9dio \u00e9 tido como refer\u00eancia mundial em agricultura e irriga\u00e7\u00e3o.<\/p>\n\n\n\n<p>A agenda em territ\u00f3rio israelense ser\u00e1 o primeiro ato depois da assinatura do termo de coopera\u00e7\u00e3o entre o Governo de Goi\u00e1s e Israel, firmado em fevereiro,&nbsp;<a href=\"https:\/\/agenciacoradenoticias.go.gov.br\/113220-inaugurado-parque-em-homenagem-as-vitimas-do-atentado-em-israel\" target=\"_blank\" rel=\"noreferrer noopener\">durante a inaugura\u00e7\u00e3o do parque \u201cAm Israel Chai\u201d (O povo de Israel vive)<\/a>. A a\u00e7\u00e3o prestou homenagem \u00e0s v\u00edtimas do atentado terrorista ocorrido no dia 7 de outubro do ano passado, quando cerca de 1,2 mil israelenses foram mortos.<\/p>\n\n\n\n<p>\u201cFoi o maior atentado desde a cria\u00e7\u00e3o do Estado de Israel que conduziu a uma guerra pelo retorno dos sequestrados e pela elimina\u00e7\u00e3o da organiza\u00e7\u00e3o terrorista do Hamas. Esta visita permitir\u00e1 \u00e0 Vossa Excel\u00eancia ter uma impress\u00e3o imediata da situa\u00e7\u00e3o em Israel\u201d, diz a carta do governo israelense ao ressaltar import\u00e2ncia do gesto do governador de Goi\u00e1s.<\/p>\n\n\n\n<p>O embaixador de Israel no Brasil, Daniel Zonshine, tamb\u00e9m se manifestou por carta endere\u00e7ada a Caiado, destacando a disposi\u00e7\u00e3o do Governo de Israel em receber e conduzir a agenda oficial do governador no pa\u00eds. O governador de S\u00e3o Paulo, Tarc\u00edsio de Freitas, tamb\u00e9m viajar\u00e1 a Israel.<\/p>\n\n\n\n<p>Fonte: Editado por&nbsp;<strong><a href=\"https:\/\/agenciacoradenoticias.go.gov.br\/author\/juliana-carnevalli\">Juliana Carnevalli<\/a><\/strong>&nbsp;via&nbsp;<strong><a href=\"https:\/\/agenciacoradenoticias.go.gov.br\/114317-gabinete-do-primeiro-ministro-de-israel-reforca-convite-a-caiado-para-visita-ao-pais\" data-type=\"URL\" data-id=\"https:\/\/agenciacoradenoticias.go.gov.br\/114317-gabinete-do-primeiro-ministro-de-israel-reforca-convite-a-caiado-para-visita-ao-pais\" target=\"_blank\" rel=\"noreferrer noopener\">Secretaria de Comunica\u00e7\u00e3o &#8211; Governo de Goi\u00e1s<\/a><\/strong><br>13 de mar\u00e7o,&nbsp;<strong>2024<\/strong>&nbsp;\u00e0s 15:52:38<\/p>\n","protected":false},"excerpt":{"rendered":"<p>Israel refor\u00e7a convite a Caiado para visita ao pa\u00eds<\/p>\n","protected":false},"author":1,"featured_media":7863,"comment_status":"open","ping_status":"open","sticky":false,"template":"","format":"standard","meta":{"footnotes":""},"categories":[1],"tags":[],"class_list":["post-7862","post","type-post","status-publish","format-standard","has-post-thumbnail","hentry","category-sem-categoria"],"_links":{"self":[{"href":"https:\/\/aguaslindasnoticias.com.br\/index.php\/wp-json\/wp\/v2\/posts\/7862","targetHints":{"allow":["GET"]}}],"collection":[{"href":"https:\/\/aguaslindasnoticias.com.br\/index.php\/wp-json\/wp\/v2\/posts"}],"about":[{"href":"https:\/\/aguaslindasnoticias.com.br\/index.php\/wp-json\/wp\/v2\/types\/post"}],"author":[{"embeddable":true,"href":"https:\/\/aguaslindasnoticias.com.br\/index.php\/wp-json\/wp\/v2\/users\/1"}],"replies":[{"embeddable":true,"href":"https:\/\/aguaslindasnoticias.com.br\/index.php\/wp-json\/wp\/v2\/comments?post=7862"}],"version-history":[{"count":1,"href":"https:\/\/aguaslindasnoticias.com.br\/index.php\/wp-json\/wp\/v2\/posts\/7862\/revisions"}],"predecessor-version":[{"id":7864,"href":"https:\/\/aguaslindasnoticias.com.br\/index.php\/wp-json\/wp\/v2\/posts\/7862\/revisions\/7864"}],"wp:featuredmedia":[{"embeddable":true,"href":"https:\/\/aguaslindasnoticias.com.br\/index.php\/wp-json\/wp\/v2\/media\/7863"}],"wp:attachment":[{"href":"https:\/\/aguaslindasnoticias.com.br\/index.php\/wp-json\/wp\/v2\/media?parent=7862"}],"wp:term":[{"taxonomy":"category","embeddable":true,"href":"https:\/\/aguaslindasnoticias.com.br\/index.php\/wp-json\/wp\/v2\/categories?post=7862"},{"taxonomy":"post_tag","embeddable":true,"href":"https:\/\/aguaslindasnoticias.com.br\/index.php\/wp-json\/wp\/v2\/tags?post=7862"}],"curies":[{"name":"wp","href":"https:\/\/api.w.org\/{rel}","templated":true}]}}