{"id":6788,"date":"2023-11-24T21:03:03","date_gmt":"2023-11-25T00:03:03","guid":{"rendered":"https:\/\/aguaslindasnoticias.com.br\/?p=6788"},"modified":"2023-11-24T21:24:42","modified_gmt":"2023-11-25T00:24:42","slug":"aguas-lindas-tera-emissao-de-passe-facil-no-sabado-25","status":"publish","type":"post","link":"https:\/\/aguaslindasnoticias.com.br\/index.php\/2023\/11\/24\/aguas-lindas-tera-emissao-de-passe-facil-no-sabado-25\/","title":{"rendered":"\u00c1guas Lindas ter\u00e1 emiss\u00e3o de Passe F\u00e1cil no s\u00e1bado (25)"},"content":{"rendered":"\n<p>A a\u00e7\u00e3o Semob itinerante vai ocorrer no bairro de Bel\u00e9m a partir das 8h<\/p>\n\n\n\n<p>A popula\u00e7\u00e3o do bairro \u00c1guas Lindas, em Bel\u00e9m, ter\u00e1 acesso aos servi\u00e7os de emiss\u00e3o de cart\u00f5es Passe F\u00e1cil (meia-passagem, Senior, Especial) e credencial de vaga para estacionamento de idoso e PCD.<\/p>\n\n\n\n<p>Na manh\u00e3 deste s\u00e1bado, 25, de 8 \u00e0s 12 horas, a Prefeitura de Bel\u00e9m, por meio da Superintend\u00eancia Executiva de Mobilidade Urbana de Bel\u00e9m (Semob) realizar\u00e1 a a\u00e7\u00e3o Semob Itinerante, na Escola Municipal Parque Bolonha, no bairro de \u00c1guas Lindas, das 8h \u00e0s 12h.<\/p>\n\n\n\n<p>A mobilidade e os servi\u00e7os diretos ao cidad\u00e3o s\u00e3o priorizados pela Semob, nessa a\u00e7\u00e3o que visa aproximar os servi\u00e7os da autarquia das comunidades que carecem desse tipo de atendimento. Os servi\u00e7os s\u00e3o coordenados pela Coordenadoria de Atendimento ao Usu\u00e1rio da Semob (Coau) com a parceria do Sindicato das Empresas de Transporte Coletivo de Bel\u00e9m (Setransbel).<\/p>\n\n\n\n<p>\u201cA descentraliza\u00e7\u00e3o dos servi\u00e7os Passe F\u00e1cil atende principalmente aqueles usu\u00e1rios que, por algum motivo, n\u00e3o t\u00eam disponibilidade de deslocamento ao posto na Aldeia Cabana, facilitando o acesso e garantindo um direito garantido do cidad\u00e3o\u201d, pontuou a coordenadora da COAU, Patr\u00edcia Ellen da Concei\u00e7\u00e3o.<\/p>\n\n\n\n<h3 class=\"wp-block-heading\"><strong>Saiba quais os documentos necess\u00e1rios<\/strong><\/h3>\n\n\n\n<ul class=\"wp-block-list\">\n<li>Para solicitar a&nbsp;<strong>1\u00aa via da meia-passagem<\/strong>, o estudante tem que apresentar original e c\u00f3pia de documento de identifica\u00e7\u00e3o, como RG, CNH ou CTPS. Se for menor de 18 anos e n\u00e3o tiver o documento de identidade, pode apresentar a certid\u00e3o de nascimento. Tamb\u00e9m \u00e9 necess\u00e1rio original e c\u00f3pia do comprovante de resid\u00eancia e CPF e uma foto 3\u00d74.<\/li>\n\n\n\n<li>Para a&nbsp;<strong>2\u00aa via<\/strong>, al\u00e9m dos documentos citados acima, \u00e9 necess\u00e1rio acrescentar a declara\u00e7\u00e3o de matr\u00edcula da escola, com validade de 30 dias e o boletim de ocorr\u00eancia policial ou o cart\u00e3o danificado. Ressalta-se que \u00e9 obrigat\u00f3ria a presen\u00e7a do aluno para que seja realizada a biometria tanto para a 1\u00aa, quanto para a 2\u00aa via da meia-passagem.<\/li>\n\n\n\n<li><strong>Passe Especial<\/strong>: Para a 1\u00aa via do cart\u00e3o ser\u00e1 realizado apenas o agendamento da per\u00edcia. J\u00e1 para a 2\u00aa via, s\u00e3o necess\u00e1rios o original e c\u00f3pia de documento de identifica\u00e7\u00e3o, como RG, CNH ou CTPS. Se for menor de 18 anos e n\u00e3o tiver o documento de identidade, pode apresentar a certid\u00e3o de nascimento.<\/li>\n\n\n\n<li>Tamb\u00e9m \u00e9 necess\u00e1rio original e c\u00f3pia do laudo m\u00e9dico (contendo o CID da patologia, assinatura e carimbo m\u00e9dico), original e c\u00f3pia do comprovante de resid\u00eancia e CPF, duas fotos 3\u00d74, al\u00e9m do boletim de ocorr\u00eancia ou o cart\u00e3o danificado.<\/li>\n\n\n\n<li><strong>Passe S\u00eanior<\/strong>: Para as 1\u00aa e 2\u00aa vias do Passe S\u00eanior \u00e9 necess\u00e1rio apresentar original e c\u00f3pia de documento de identifica\u00e7\u00e3o, como RG, CNH ou CTPS, original e c\u00f3pia do comprovante de resid\u00eancia e CPF e uma foto 3\u00d74. Para a 2\u00aa via \u00e9 preciso acrescentar aos documentos o boletim de ocorr\u00eancia ou o cart\u00e3o danificado.<\/li>\n\n\n\n<li><strong>Credencial de estacionamento para idosos e PCDs<\/strong>: Quem estiver interessado na emiss\u00e3o de credencial de estacionamento para as vagas especiais deve apresentar original e c\u00f3pia de documento de identifica\u00e7\u00e3o, como RG, CNH ou CTPS, original e c\u00f3pia do comprovante de resid\u00eancia, do CPF e do CRLV do ve\u00edculo. Para pessoas com defici\u00eancia deve ser apresentado tamb\u00e9m o laudo m\u00e9dico.<\/li>\n\n\n\n<li>J\u00e1 para a 2\u00aa via, al\u00e9m dos documentos citados, \u00e9 necess\u00e1rio acrescentar o boletim de ocorr\u00eancia policial ou a credencial danificada.<\/li>\n<\/ul>\n","protected":false},"excerpt":{"rendered":"<p>A a\u00e7\u00e3o Semob itinerante vai ocorrer no bairro de Bel\u00e9m a partir das 8h A popula\u00e7\u00e3o do bairro \u00c1guas Lindas, em Bel\u00e9m, ter\u00e1 acesso aos servi\u00e7os de emiss\u00e3o de cart\u00f5es Passe F\u00e1cil (meia-passagem, Senior, Especial) e credencial de vaga para estacionamento de idoso e PCD. Na manh\u00e3 deste s\u00e1bado, 25, de 8 \u00e0s 12 horas, [&hellip;]<\/p>\n","protected":false},"author":1,"featured_media":6789,"comment_status":"open","ping_status":"open","sticky":false,"template":"","format":"standard","meta":{"footnotes":""},"categories":[2],"tags":[113],"class_list":["post-6788","post","type-post","status-publish","format-standard","has-post-thumbnail","hentry","category-aguaslindas","tag-semob"],"_links":{"self":[{"href":"https:\/\/aguaslindasnoticias.com.br\/index.php\/wp-json\/wp\/v2\/posts\/6788","targetHints":{"allow":["GET"]}}],"collection":[{"href":"https:\/\/aguaslindasnoticias.com.br\/index.php\/wp-json\/wp\/v2\/posts"}],"about":[{"href":"https:\/\/aguaslindasnoticias.com.br\/index.php\/wp-json\/wp\/v2\/types\/post"}],"author":[{"embeddable":true,"href":"https:\/\/aguaslindasnoticias.com.br\/index.php\/wp-json\/wp\/v2\/users\/1"}],"replies":[{"embeddable":true,"href":"https:\/\/aguaslindasnoticias.com.br\/index.php\/wp-json\/wp\/v2\/comments?post=6788"}],"version-history":[{"count":1,"href":"https:\/\/aguaslindasnoticias.com.br\/index.php\/wp-json\/wp\/v2\/posts\/6788\/revisions"}],"predecessor-version":[{"id":6790,"href":"https:\/\/aguaslindasnoticias.com.br\/index.php\/wp-json\/wp\/v2\/posts\/6788\/revisions\/6790"}],"wp:featuredmedia":[{"embeddable":true,"href":"https:\/\/aguaslindasnoticias.com.br\/index.php\/wp-json\/wp\/v2\/media\/6789"}],"wp:attachment":[{"href":"https:\/\/aguaslindasnoticias.com.br\/index.php\/wp-json\/wp\/v2\/media?parent=6788"}],"wp:term":[{"taxonomy":"category","embeddable":true,"href":"https:\/\/aguaslindasnoticias.com.br\/index.php\/wp-json\/wp\/v2\/categories?post=6788"},{"taxonomy":"post_tag","embeddable":true,"href":"https:\/\/aguaslindasnoticias.com.br\/index.php\/wp-json\/wp\/v2\/tags?post=6788"}],"curies":[{"name":"wp","href":"https:\/\/api.w.org\/{rel}","templated":true}]}}