{"id":6773,"date":"2023-11-15T05:49:32","date_gmt":"2023-11-15T08:49:32","guid":{"rendered":"https:\/\/aguaslindasnoticias.com.br\/?p=6773"},"modified":"2023-11-22T05:58:46","modified_gmt":"2023-11-22T08:58:46","slug":"eleicoes-na-argentina-milei-diz-que-massa-foi-muito-agressivo-no-debate-e-que-plateia-atrapalhou","status":"publish","type":"post","link":"https:\/\/aguaslindasnoticias.com.br\/index.php\/2023\/11\/15\/eleicoes-na-argentina-milei-diz-que-massa-foi-muito-agressivo-no-debate-e-que-plateia-atrapalhou\/","title":{"rendered":"Elei\u00e7\u00f5es na Argentina: Milei diz que Massa foi \u2018muito agressivo\u2019 no debate e que plateia atrapalhou"},"content":{"rendered":"\n<h2 class=\"wp-block-heading\">Deputado foi pressionado por perguntas duras do ministro, que buscou tirar o foco dos problemas do governo atual<\/h2>\n\n\n\n<figure class=\"wp-block-image\"><a href=\"https:\/\/i0.wp.com\/jornalaguaslindas.com.br\/wp-content\/uploads\/2023\/11\/downloadrepr.webp?fit=1024%2C681&amp;ssl=1\"><img decoding=\"async\" src=\"https:\/\/i0.wp.com\/jornalaguaslindas.com.br\/wp-content\/uploads\/2023\/11\/downloadrepr.webp?fit=1024%2C681&amp;ssl=1\" alt=\"\" class=\"wp-image-47899\"\/><\/a><figcaption class=\"wp-element-caption\">Foto Reprodu\u00e7\u00e3o<\/figcaption><\/figure>\n\n\n\n<p>O deputado Javier Milei, que disputa a Presid\u00eancia da Argentina, disse que o ministro Sergio Massa teve postura muito agressiva no debate deste domingo, 12, e que tosses na plateia tentaram atrapalh\u00e1-lo.<\/p>\n\n\n\n<p>\u201cMassa foi muito agressivo, disse frases muito ofensivas contra minha pessoa\u201d, disse, horas ap\u00f3s o programa, em entrevista \u00e1 R\u00e1dio Continental. Ele afirmou que o rival tentou mostr\u00e1-lo como algu\u00e9m desequilibrado e incapaz de governar.<\/p>\n\n\n\n<p>\u201cComo todo o aparato joga a favor de Massa, sua equipe tinha um conjunto de psic\u00f3logos que buscavam pontos para me agredir, e uma das coisas que conseguiram foi que o p\u00fablico trazido por cada um, em vez de ficar no lugar que o candidato estava, ficaram em diagonal\u201d, criticou.<\/p>\n\n\n\n<p>Durante o encontro, os dois trocaram ofensas. Ambos se chamaram de mentiroso v\u00e1rias vezes. Massa disse que Milei era um \u201cstandupero\u201d (humorista de com\u00e9dia stand-up), questionou a aptid\u00e3o mental dele e, em v\u00e1rios momentos, foi acusado pelo libert\u00e1rio de integrar um governo corrupto.<\/p>\n\n\n\n<p>Debate na Argentina: candidatos se enfrentaram na Universidade de Buenos Aires<\/p>\n\n\n\n<p>Milei reclamou ainda de um \u201ccoro de tosses\u201d na plateia, que ele acredita ter sido uma t\u00e1tica para tentar irrit\u00e1-lo. O candidato disse considerar que, apesar dos problemas, fez um bom debate e conseguiu melhorar seu desempenho conforme o programa avan\u00e7ava.<\/p>\n\n\n\n<p>Massa adotou a estrat\u00e9gia de pressionar o rival desde o in\u00edcio, com perguntas diretas sobre seus planos para a economia. Milei titubeou nas respostas, se enrolou com a cota de tempo e acabou deixando o ministro conduzir a conversa em boa parte do programa.<\/p>\n\n\n\n<p>A lei argentina pro\u00edbe a divulga\u00e7\u00e3o de pesquisas na semana antes da elei\u00e7\u00e3o, de modo que n\u00e3o haver\u00e1 estudos p\u00fablicos sobre os efeitos do debate na corrida eleitoral. Os \u00faltimos estudos apontaram empate t\u00e9cnico entre os dois, com ligeira vantagem para Milei.<\/p>\n\n\n\n<p>Os argentinos votam no segundo turno no pr\u00f3ximo domingo, dia 19, e a posse do novo presidente est\u00e1 marcada para o dia 10 de dezembro.<\/p>\n","protected":false},"excerpt":{"rendered":"<p>Deputado foi pressionado por perguntas duras do ministro, que buscou tirar o foco dos problemas do governo atual O deputado Javier Milei, que disputa a Presid\u00eancia da Argentina, disse que o ministro Sergio Massa teve postura muito agressiva no debate deste domingo, 12, e que tosses na plateia tentaram atrapalh\u00e1-lo. \u201cMassa foi muito agressivo, disse [&hellip;]<\/p>\n","protected":false},"author":1,"featured_media":0,"comment_status":"open","ping_status":"open","sticky":false,"template":"","format":"standard","meta":{"footnotes":""},"categories":[1],"tags":[],"class_list":["post-6773","post","type-post","status-publish","format-standard","hentry","category-sem-categoria"],"_links":{"self":[{"href":"https:\/\/aguaslindasnoticias.com.br\/index.php\/wp-json\/wp\/v2\/posts\/6773","targetHints":{"allow":["GET"]}}],"collection":[{"href":"https:\/\/aguaslindasnoticias.com.br\/index.php\/wp-json\/wp\/v2\/posts"}],"about":[{"href":"https:\/\/aguaslindasnoticias.com.br\/index.php\/wp-json\/wp\/v2\/types\/post"}],"author":[{"embeddable":true,"href":"https:\/\/aguaslindasnoticias.com.br\/index.php\/wp-json\/wp\/v2\/users\/1"}],"replies":[{"embeddable":true,"href":"https:\/\/aguaslindasnoticias.com.br\/index.php\/wp-json\/wp\/v2\/comments?post=6773"}],"version-history":[{"count":1,"href":"https:\/\/aguaslindasnoticias.com.br\/index.php\/wp-json\/wp\/v2\/posts\/6773\/revisions"}],"predecessor-version":[{"id":6774,"href":"https:\/\/aguaslindasnoticias.com.br\/index.php\/wp-json\/wp\/v2\/posts\/6773\/revisions\/6774"}],"wp:attachment":[{"href":"https:\/\/aguaslindasnoticias.com.br\/index.php\/wp-json\/wp\/v2\/media?parent=6773"}],"wp:term":[{"taxonomy":"category","embeddable":true,"href":"https:\/\/aguaslindasnoticias.com.br\/index.php\/wp-json\/wp\/v2\/categories?post=6773"},{"taxonomy":"post_tag","embeddable":true,"href":"https:\/\/aguaslindasnoticias.com.br\/index.php\/wp-json\/wp\/v2\/tags?post=6773"}],"curies":[{"name":"wp","href":"https:\/\/api.w.org\/{rel}","templated":true}]}}