{"id":6765,"date":"2023-11-17T03:16:48","date_gmt":"2023-11-17T06:16:48","guid":{"rendered":"https:\/\/aguaslindasnoticias.com.br\/?p=6765"},"modified":"2023-11-22T03:35:05","modified_gmt":"2023-11-22T06:35:05","slug":"economia-recua-em-setembro-e-fecha-o-3o-trimestre-com-queda-de-064-mostra-previa-do-pib","status":"publish","type":"post","link":"https:\/\/aguaslindasnoticias.com.br\/index.php\/2023\/11\/17\/economia-recua-em-setembro-e-fecha-o-3o-trimestre-com-queda-de-064-mostra-previa-do-pib\/","title":{"rendered":"Economia recua em setembro e fecha o 3\u00ba trimestre com queda de 0,64%, mostra pr\u00e9via do PIB"},"content":{"rendered":"\n<h2 class=\"wp-block-heading\">\u00cdndice de Atividade Econ\u00f4mica alcan\u00e7a os 146,42 pontos e confirma a desacelera\u00e7\u00e3o do crescimento da economia nacional, afirma BC<\/h2>\n\n\n\n<p><\/p>\n\n\n\n<figure class=\"wp-block-image\"><a href=\"https:\/\/i0.wp.com\/jornalaguaslindas.com.br\/wp-content\/uploads\/2023\/11\/1693937125322linkdln.jpg?fit=1165%2C720&amp;ssl=1\"><img decoding=\"async\" src=\"https:\/\/i0.wp.com\/jornalaguaslindas.com.br\/wp-content\/uploads\/2023\/11\/1693937125322linkdln.jpg?fit=1165%2C720&amp;ssl=1\" alt=\"\" class=\"wp-image-47950\"\/><\/a><figcaption class=\"wp-element-caption\">Foto: Linkedln<\/figcaption><\/figure>\n\n\n\n<p>Depois de encolher em agosto, a economia brasileira recuou 0,06% em setembro e encerrou o terceiro trimestre com queda de 0,64%, de acordo com dados publicados nesta quinta-feira (16) pelo BC (Banco Central).<\/p>\n\n\n\n<p>A varia\u00e7\u00e3o do IBC-Br (\u00cdndice de Atividade Econ\u00f4mica), conhecido por antecipar o resultado do PIB (Produto Interno Bruto) \u2014 soma de todos os bens e servi\u00e7os finais produzidos no pa\u00eds \u2014, confirma a desacelera\u00e7\u00e3o do crescimento da economia nacional.<\/p>\n\n\n\n<p>A alta faz o indicador figurar em 146,42 pontos na s\u00e9rie dessazonalizada (livre de influ\u00eancias) em setembro, ante os 146,51 pontos apurados no m\u00eas anterior. Com a oscila\u00e7\u00e3o, o IBC-Br figura no menor n\u00edvel desde maio (146,74 pontos), mas ainda acumula aumento de 2,77% neste ano e de 2,5% nos \u00faltimos 12 meses.<\/p>\n\n\n\n<p>Na compara\u00e7\u00e3o com o mesmo m\u00eas do ano passado, o resultado para setembro representa alta de 0,32%. J\u00e1 em rela\u00e7\u00e3o ao terceiro trimestre de 2022, o desempenho econ\u00f4mico \u00e9 0,78% melhor do que o do mesmo per\u00edodo deste ano.<\/p>\n\n\n\n<p>Os dados do IBC-Br s\u00e3o coletados de uma base similar \u00e0 do IBGE (Instituto Brasileiro de Geografia e Estat\u00edstica), \u00f3rg\u00e3o respons\u00e1vel pelo indicador oficial sobre o crescimento econ\u00f4mico. A evolu\u00e7\u00e3o oficial do desempenho da economia entre julho e setembro tem divulga\u00e7\u00e3o prevista para o dia 5 de dezembro. No segundo trimestre, quando a economia brasileira surpreendeu ao crescer 0,9% na compara\u00e7\u00e3o com os tr\u00eas meses anteriores, a pr\u00e9via do BC mostrava um avan\u00e7o de 0,43% da atividade econ\u00f4mica no mesmo per\u00edodo.<\/p>\n\n\n\n<p>Segundo as proje\u00e7\u00f5es mais recentes dos analistas financeiros, o Brasil vai fechar 2023 com um crescimento econ\u00f4mico de 2,89%, alta guiada pelo desempenho positivo do agroneg\u00f3cio nos primeiros meses do ano. Para o segundo semestre e o pr\u00f3ximo ano, as previs\u00f5es sinalizam uma desacelera\u00e7\u00e3o.<\/p>\n","protected":false},"excerpt":{"rendered":"<p>\u00cdndice de Atividade Econ\u00f4mica alcan\u00e7a os 146,42 pontos e confirma a desacelera\u00e7\u00e3o do crescimento da economia nacional, afirma BC Depois de encolher em agosto, a economia brasileira recuou 0,06% em setembro e encerrou o terceiro trimestre com queda de 0,64%, de acordo com dados publicados nesta quinta-feira (16) pelo BC (Banco Central). A varia\u00e7\u00e3o do [&hellip;]<\/p>\n","protected":false},"author":1,"featured_media":0,"comment_status":"open","ping_status":"open","sticky":false,"template":"","format":"standard","meta":{"footnotes":""},"categories":[1],"tags":[],"class_list":["post-6765","post","type-post","status-publish","format-standard","hentry","category-sem-categoria"],"_links":{"self":[{"href":"https:\/\/aguaslindasnoticias.com.br\/index.php\/wp-json\/wp\/v2\/posts\/6765","targetHints":{"allow":["GET"]}}],"collection":[{"href":"https:\/\/aguaslindasnoticias.com.br\/index.php\/wp-json\/wp\/v2\/posts"}],"about":[{"href":"https:\/\/aguaslindasnoticias.com.br\/index.php\/wp-json\/wp\/v2\/types\/post"}],"author":[{"embeddable":true,"href":"https:\/\/aguaslindasnoticias.com.br\/index.php\/wp-json\/wp\/v2\/users\/1"}],"replies":[{"embeddable":true,"href":"https:\/\/aguaslindasnoticias.com.br\/index.php\/wp-json\/wp\/v2\/comments?post=6765"}],"version-history":[{"count":1,"href":"https:\/\/aguaslindasnoticias.com.br\/index.php\/wp-json\/wp\/v2\/posts\/6765\/revisions"}],"predecessor-version":[{"id":6768,"href":"https:\/\/aguaslindasnoticias.com.br\/index.php\/wp-json\/wp\/v2\/posts\/6765\/revisions\/6768"}],"wp:attachment":[{"href":"https:\/\/aguaslindasnoticias.com.br\/index.php\/wp-json\/wp\/v2\/media?parent=6765"}],"wp:term":[{"taxonomy":"category","embeddable":true,"href":"https:\/\/aguaslindasnoticias.com.br\/index.php\/wp-json\/wp\/v2\/categories?post=6765"},{"taxonomy":"post_tag","embeddable":true,"href":"https:\/\/aguaslindasnoticias.com.br\/index.php\/wp-json\/wp\/v2\/tags?post=6765"}],"curies":[{"name":"wp","href":"https:\/\/api.w.org\/{rel}","templated":true}]}}