{"id":6762,"date":"2023-11-14T03:09:44","date_gmt":"2023-11-14T06:09:44","guid":{"rendered":"https:\/\/aguaslindasnoticias.com.br\/?p=6762"},"modified":"2023-11-22T03:14:05","modified_gmt":"2023-11-22T06:14:05","slug":"brasileiros-que-deixaram-gaza-chegam-a-brasilia","status":"publish","type":"post","link":"https:\/\/aguaslindasnoticias.com.br\/index.php\/2023\/11\/14\/brasileiros-que-deixaram-gaza-chegam-a-brasilia\/","title":{"rendered":"Brasileiros que deixaram Gaza chegam a Bras\u00edlia"},"content":{"rendered":"\n<h2 class=\"wp-block-heading\">Brasileiros e familiares que estavam Gaza pousaram em Bras\u00edlia na noite de 13 de novembro<\/h2>\n\n\n\n<figure class=\"wp-block-image\"><a href=\"https:\/\/i0.wp.com\/jornalaguaslindas.com.br\/wp-content\/uploads\/2023\/11\/65d21250-8298-11ee-b7d2-dd851f00eaebdivfab.jpg?fit=800%2C450&amp;ssl=1\"><img decoding=\"async\" src=\"https:\/\/i0.wp.com\/jornalaguaslindas.com.br\/wp-content\/uploads\/2023\/11\/65d21250-8298-11ee-b7d2-dd851f00eaebdivfab.jpg?fit=800%2C450&amp;ssl=1\" alt=\"\" class=\"wp-image-47889\"\/><\/a><figcaption class=\"wp-element-caption\">Foto: FAB<\/figcaption><\/figure>\n\n\n\n<p>Os brasileiros e familiares que deixaram a Faixa de Gaza na manh\u00e3 de domingo (12) chegaram na noite desta segunda-feira (13) ao Brasil.<\/p>\n\n\n\n<p>A aeronave da For\u00e7a A\u00e9rea Brasileira (FAB) que transportou o grupo de 32 pessoas pousou em Bras\u00edlia \u00e0s 23h24. Poucas horas antes, o avi\u00e3o havia feito uma r\u00e1pida parada t\u00e9cnica em Recife, de onde partiu para a capital \u00e0s 21h07.<\/p>\n\n\n\n<p>O presidente Luiz In\u00e1cio Lula da Silva (PT) recebeu o grupo na pista da Base A\u00e9rea de Bras\u00edlia.<\/p>\n\n\n\n<p>Os passageiros vindos de Gaza dormir\u00e3o nas acomoda\u00e7\u00f5es da Base A\u00e9rea de Bras\u00edlia e depois seguir\u00e3o para diferentes partes do Brasil. Na base, receber\u00e3o alimenta\u00e7\u00e3o e poder\u00e3o ter tamb\u00e9m atendimento no Hospital de For\u00e7a A\u00e9rea de Bras\u00edlia.<\/p>\n\n\n\n<p>Essa \u00e9 a primeira leva de brasileiros que solicitaram \u00e0s autoridades ajuda para deixar Gaza \u2014 territ\u00f3rio palestino invadido e bombardeado por Israel em retalia\u00e7\u00e3o aos ataques de 7 de outubro feitos pelo grupo militante Hamas.<\/p>\n\n\n\n<p>A inclus\u00e3o do Brasil na lista dos pa\u00edses autorizados a repatriar seus cidad\u00e3os foi confirmada pelo Itamaraty na quinta-feira (09).<\/p>\n\n\n\n<p>Por isso, a sa\u00edda dos brasileiros era esperada desde sexta (10), mas a fronteira fechou por problemas diplom\u00e1ticos entre Egito e Israel, segundo uma fonte ouvida pela BBC News Brasil.<\/p>\n\n\n\n<p>Na manh\u00e3 de domingo, eles finalmente conseguiram cruzar a fronteira para o Egito. Acompanhados por diplomatas brasileiros, eles seguiram viagem de \u00f4nibus para a capital, Cairo, onde foram recebidos por uma equipe da embaixada brasileira e pernoitaram. O voo com destino ao Brasil partiu do Egito na manh\u00e3 dessa segunda-feira.<\/p>\n\n\n\n<p>Na sexta-feira, o secret\u00e1rio nacional de Justi\u00e7a, Augusto de Arruda Botelho, detalhou o planejamento para a acolhida do grupo de brasileiros.<\/p>\n\n\n\n<p>\u201cAlguns brasileiros j\u00e1 t\u00eam destino certo porque t\u00eam familiares aqui, ent\u00e3o ser\u00e3o deslocados para esses locais. Uma parcela significativa, quase a metade do grupo, n\u00e3o tem onde ficar, mas o governo federal j\u00e1 disponibilizou, atrav\u00e9s do Minist\u00e9rio do Desenvolvimento Social, um local onde essas pessoas ficar\u00e3o acolhidas. Vai ser no interior de S\u00e3o Paulo\u201d, afirmou Botelho.<\/p>\n\n\n\n<p>O secret\u00e1rio n\u00e3o disse em qual cidade, mas afirmou que \u00e9 um local que tem experi\u00eancia na recep\u00e7\u00e3o de estrangeiros e refugiados.<\/p>\n\n\n\n<p>Segundo Botelho, assim que chegarem, os repatriados ser\u00e3o atendidos por equipes multidisciplinares abrangendo m\u00e9dicos, enfermeiros, assistentes sociais, profissionais da Pol\u00edcia Federal (para ajudar com a regulariza\u00e7\u00e3o de documentos) e de ag\u00eancias da ONU, com int\u00e9rpretes.<\/p>\n\n\n\n<p>O grupo de brasileiros e seus familiares dessa primeira lista estava dividido entre duas cidades palestinas antes de se deslocar para as proximidades da fronteira: 18 estavam na cidade fronteiri\u00e7a de Rafah, que liga a Faixa de Gaza ao Egito; e 16 em Khan Yunis, perto da mesma fronteira.<\/p>\n\n\n\n<p>De acordo com o Itamaraty, duas pessoas desistiram de ir para o Egito e ficaram em Gaza.<\/p>\n\n\n\n<p>O governo brasileiro disse que n\u00e3o daria informa\u00e7\u00f5es detalhadas sobre os \u201cmotivos pessoais\u201d das duas pessoas que desistiram, em respeito \u00e0 sua privacidade.<\/p>\n\n\n\n<p>O ministro das Rela\u00e7\u00f5es Exteriores, Mauro Vieira, disse que uma delas era menor de idade e a outra seria a respons\u00e1vel adulta da menor \u2014 m\u00e3e ou av\u00f3. Ambas desistiram de deixar Gaza antes de cruzar a fronteira, segundo o ministro.<\/p>\n\n\n\n<p>A retirada dos brasileiros ocorre ap\u00f3s semanas de incertezas, tratativas e crises diplom\u00e1ticas.<\/p>\n\n\n\n<p>O grupo ficou de fora das sete primeiras listas de estrangeiros autorizados a deixar o territ\u00f3rio palestino \u2014 at\u00e9 agora, centenas j\u00e1 cruzaram a fronteira, entre 300 a 600 por dia.<\/p>\n\n\n\n<p>A demora para a libera\u00e7\u00e3o dos brasileiros acabou estremecendo as rela\u00e7\u00f5es entre Brasil e Israel.<\/p>\n\n\n\n<p>A tens\u00e3o entre os dois pa\u00edses foi intensificada por outros epis\u00f3dios recentes, como o encontro entre o embaixador do pa\u00eds no Brasil, Daniel Zonshine, com parlamentares de oposi\u00e7\u00e3o e com o ex-presidente Jair Bolsonaro (PL); e as declara\u00e7\u00f5es de autoridades israelenses sobre uma opera\u00e7\u00e3o da Pol\u00edcia Federal que prendeu dois brasileiros suspeitos de fazerem parte do Hezbollah e planejarem uma s\u00e9rie de ataques no Brasil.<\/p>\n\n\n\n<p>Nas redes sociais, perfis bolsonaristas v\u00eam politizando a libera\u00e7\u00e3o dos brasileiros em Gaza, atribuindo o feito ao ex-presidente Bolsonaro, que afirmou ter pedido ao governo do primeiro-ministro israelense Benjamin Netanyahu a sa\u00edda deles.<\/p>\n\n\n\n<p>Em 7 de outubro, combatentes do Hamas fizeram um ataque surpresa contra Israel, matando 1,4 mil pessoas e fazendo outras 200 ref\u00e9ns, segundo autoridades israelenses.<\/p>\n\n\n\n<p>Israel lan\u00e7ou, em retalia\u00e7\u00e3o, uma campanha militar em Gaza que j\u00e1 matou mais de 11 mil pessoas, sendo mais de 4,5 mil crian\u00e7as, segundo o Minist\u00e9rio da Sa\u00fade controlado pelo Hamas.<\/p>\n\n\n\n<p>Desde ent\u00e3o, o governo brasileiro emitiu notas condenando os ataques e tentou viabilizar uma resolu\u00e7\u00e3o no Conselho de Seguran\u00e7a da Organiza\u00e7\u00e3o das Na\u00e7\u00f5es Unidas (ONU) que previa um cessar-fogo.<\/p>\n\n\n\n<p>A resolu\u00e7\u00e3o, no entanto, n\u00e3o foi aprovada.<\/p>\n","protected":false},"excerpt":{"rendered":"<p>Brasileiros e familiares que estavam Gaza pousaram em Bras\u00edlia na noite de 13 de novembro Os brasileiros e familiares que deixaram a Faixa de Gaza na manh\u00e3 de domingo (12) chegaram na noite desta segunda-feira (13) ao Brasil. A aeronave da For\u00e7a A\u00e9rea Brasileira (FAB) que transportou o grupo de 32 pessoas pousou em Bras\u00edlia [&hellip;]<\/p>\n","protected":false},"author":1,"featured_media":0,"comment_status":"open","ping_status":"open","sticky":false,"template":"","format":"standard","meta":{"footnotes":""},"categories":[1],"tags":[],"class_list":["post-6762","post","type-post","status-publish","format-standard","hentry","category-sem-categoria"],"_links":{"self":[{"href":"https:\/\/aguaslindasnoticias.com.br\/index.php\/wp-json\/wp\/v2\/posts\/6762","targetHints":{"allow":["GET"]}}],"collection":[{"href":"https:\/\/aguaslindasnoticias.com.br\/index.php\/wp-json\/wp\/v2\/posts"}],"about":[{"href":"https:\/\/aguaslindasnoticias.com.br\/index.php\/wp-json\/wp\/v2\/types\/post"}],"author":[{"embeddable":true,"href":"https:\/\/aguaslindasnoticias.com.br\/index.php\/wp-json\/wp\/v2\/users\/1"}],"replies":[{"embeddable":true,"href":"https:\/\/aguaslindasnoticias.com.br\/index.php\/wp-json\/wp\/v2\/comments?post=6762"}],"version-history":[{"count":1,"href":"https:\/\/aguaslindasnoticias.com.br\/index.php\/wp-json\/wp\/v2\/posts\/6762\/revisions"}],"predecessor-version":[{"id":6763,"href":"https:\/\/aguaslindasnoticias.com.br\/index.php\/wp-json\/wp\/v2\/posts\/6762\/revisions\/6763"}],"wp:attachment":[{"href":"https:\/\/aguaslindasnoticias.com.br\/index.php\/wp-json\/wp\/v2\/media?parent=6762"}],"wp:term":[{"taxonomy":"category","embeddable":true,"href":"https:\/\/aguaslindasnoticias.com.br\/index.php\/wp-json\/wp\/v2\/categories?post=6762"},{"taxonomy":"post_tag","embeddable":true,"href":"https:\/\/aguaslindasnoticias.com.br\/index.php\/wp-json\/wp\/v2\/tags?post=6762"}],"curies":[{"name":"wp","href":"https:\/\/api.w.org\/{rel}","templated":true}]}}