{"id":6759,"date":"2023-11-16T02:45:40","date_gmt":"2023-11-16T05:45:40","guid":{"rendered":"https:\/\/aguaslindasnoticias.com.br\/?p=6759"},"modified":"2023-11-22T02:57:34","modified_gmt":"2023-11-22T05:57:34","slug":"prefeitura-promove-semana-do-hip-hop-e-consciencia-negra","status":"publish","type":"post","link":"https:\/\/aguaslindasnoticias.com.br\/index.php\/2023\/11\/16\/prefeitura-promove-semana-do-hip-hop-e-consciencia-negra\/","title":{"rendered":"Prefeitura promove Semana do Hip Hop e Consci\u00eancia Negra"},"content":{"rendered":"\n<h2 class=\"wp-block-heading\">Por meio da Secretaria Municipal de Cultura a segunda semana do Hip Hop e a Consci\u00eancia Negra promete reunir ritmo, cultura e resist\u00eancia no munic\u00edpio<\/h2>\n\n\n\n<p><\/p>\n\n\n\n<figure class=\"wp-block-image\"><a href=\"https:\/\/i0.wp.com\/jornalaguaslindas.com.br\/wp-content\/uploads\/2023\/11\/WhatsApp-Image-2023-11-16-at-13.57.22beto.jpeg?fit=719%2C551&amp;ssl=1\"><img decoding=\"async\" src=\"https:\/\/i0.wp.com\/jornalaguaslindas.com.br\/wp-content\/uploads\/2023\/11\/WhatsApp-Image-2023-11-16-at-13.57.22beto.jpeg?fit=719%2C551&amp;ssl=1\" alt=\"\" class=\"wp-image-47975\"\/><\/a><figcaption class=\"wp-element-caption\">Foto Reprodu\u00e7\u00e3o<\/figcaption><\/figure>\n\n\n\n<p>No pr\u00f3ximo dia 26 de novembro, acontecer\u00e1 a segunda semana do Hip Hop e a Consci\u00eancia Negra em comemora\u00e7\u00e3o ao dia da Consci\u00eancia Negra, celebrado no dia 20 de novembro, na Pracinha da Cultura, localizada no setor 12, no munic\u00edpio de \u00c1guas Lindas de Goi\u00e1s. Promovido pela prefeitura municipal, por meio da Secretaria de Cultura, o evento \u00e9 totalmente gratuito.<\/p>\n\n\n\n<p>A Secretaria de Cultura realizou uma reuni\u00e3o com os agentes culturais do munic\u00edpio para tra\u00e7ar, de forma conjunta, as a\u00e7\u00f5es que ser\u00e3o desenvolvidas no evento. Por meio de um edital que encerrou no dia 14 de novembro, DJs, MCs, grafiteiros, trancistas, rimadores e dan\u00e7arinos de break puderam se inscrever em ampla concorr\u00eancia para participar das oficinas que ser\u00e3o ministradas nas escolas municipais. Os profissionais receber\u00e3o um cach\u00ea de acordo com a categoria, come\u00e7ando nesta segunda-feira, 20 de novembro, com oficinas nas escolas e encerrando no dia 26 na Pracinha da Cultura.<\/p>\n\n\n\n<p>O evento conta com o apoio da C\u00e2mara Municipal dos Vereadores, por meio de uma verba doada pelo vereador Andr\u00e9 Cavalcante no valor de 100.00 reais.<\/p>\n\n\n\n<p>O secret\u00e1rio de Cultura, Denildson de Oliveira, falou sobre a import\u00e2ncia das oficinas para a cidade.<\/p>\n\n\n\n<p>\u201cEssas oficinas fomentam as classes art\u00edsticas e a cultura negra tamb\u00e9m. A Secretaria tem a preocupa\u00e7\u00e3o de oferecer uma cota para os negros em nossos processos seletivos\u201d, disse.<\/p>\n\n\n\n<p>Ele ainda destacou a import\u00e2ncia da popula\u00e7\u00e3o ativa nos eventos e elogiou o p\u00fablico que sempre se faz presente. \u201c\u00c9 importante essa participa\u00e7\u00e3o porque fortalece os artistas, o setor cultural e, principalmente, a nossa pr\u00f3pria comunidade. Tudo o que estamos promovendo \u00e9 para a nossa popula\u00e7\u00e3o. Quando fizemos a Festa do Milho, contamos com artistas locais, e como foi um evento que atraiu muitas pessoas, pudemos ver artistas ganhando visibilidade no Instagram, em suas p\u00e1ginas, e crescendo em notoriedade, passando a participar de eventos maiores em Bras\u00edlia. Temos artistas nossos que j\u00e1 s\u00e3o reconhecidos nacionalmente. Ent\u00e3o, faz sentido a comunidade participar das nossas a\u00e7\u00f5es\u201d, disse.<\/p>\n\n\n\n<p>Denilson ressaltou que a cultura do munic\u00edpio deu um salto desde a gest\u00e3o do prefeito Lucas Antonietti. \u201cEssas a\u00e7\u00f5es que estamos promovendo t\u00eam surtido efeito para a popula\u00e7\u00e3o. As pessoas est\u00e3o comentando: \u2018\u00c1guas Lindas, agora tem cultura\u2019. Isso porque as pessoas reclamavam que n\u00e3o havia uma festa da cidade. Ent\u00e3o, o prefeito, juntamente com a Secretaria de Cultura e outras secretarias, trouxeram a Festa do Milho, o Hip Hop e diversos outros movimentos culturais para a cidade\u201d, disse.<\/p>\n\n\n\n<p>Com uma programa\u00e7\u00e3o diversificada a expectativa \u00e9 de que a segunda semana do Hip Hop e a Consci\u00eancia Negra que j\u00e1 est\u00e1 na sua segunda edi\u00e7\u00e3o, seja um marco cultural no munic\u00edpio.<\/p>\n\n\n\n<p>Secom<\/p>\n","protected":false},"excerpt":{"rendered":"<p>Por meio da Secretaria Municipal de Cultura a segunda semana do Hip Hop e a Consci\u00eancia Negra promete reunir ritmo, cultura e resist\u00eancia no munic\u00edpio No pr\u00f3ximo dia 26 de novembro, acontecer\u00e1 a segunda semana do Hip Hop e a Consci\u00eancia Negra em comemora\u00e7\u00e3o ao dia da Consci\u00eancia Negra, celebrado no dia 20 de novembro, [&hellip;]<\/p>\n","protected":false},"author":1,"featured_media":0,"comment_status":"open","ping_status":"open","sticky":false,"template":"","format":"standard","meta":{"footnotes":""},"categories":[1],"tags":[],"class_list":["post-6759","post","type-post","status-publish","format-standard","hentry","category-sem-categoria"],"_links":{"self":[{"href":"https:\/\/aguaslindasnoticias.com.br\/index.php\/wp-json\/wp\/v2\/posts\/6759","targetHints":{"allow":["GET"]}}],"collection":[{"href":"https:\/\/aguaslindasnoticias.com.br\/index.php\/wp-json\/wp\/v2\/posts"}],"about":[{"href":"https:\/\/aguaslindasnoticias.com.br\/index.php\/wp-json\/wp\/v2\/types\/post"}],"author":[{"embeddable":true,"href":"https:\/\/aguaslindasnoticias.com.br\/index.php\/wp-json\/wp\/v2\/users\/1"}],"replies":[{"embeddable":true,"href":"https:\/\/aguaslindasnoticias.com.br\/index.php\/wp-json\/wp\/v2\/comments?post=6759"}],"version-history":[{"count":1,"href":"https:\/\/aguaslindasnoticias.com.br\/index.php\/wp-json\/wp\/v2\/posts\/6759\/revisions"}],"predecessor-version":[{"id":6760,"href":"https:\/\/aguaslindasnoticias.com.br\/index.php\/wp-json\/wp\/v2\/posts\/6759\/revisions\/6760"}],"wp:attachment":[{"href":"https:\/\/aguaslindasnoticias.com.br\/index.php\/wp-json\/wp\/v2\/media?parent=6759"}],"wp:term":[{"taxonomy":"category","embeddable":true,"href":"https:\/\/aguaslindasnoticias.com.br\/index.php\/wp-json\/wp\/v2\/categories?post=6759"},{"taxonomy":"post_tag","embeddable":true,"href":"https:\/\/aguaslindasnoticias.com.br\/index.php\/wp-json\/wp\/v2\/tags?post=6759"}],"curies":[{"name":"wp","href":"https:\/\/api.w.org\/{rel}","templated":true}]}}