{"id":6755,"date":"2023-11-13T02:36:10","date_gmt":"2023-11-13T05:36:10","guid":{"rendered":"https:\/\/aguaslindasnoticias.com.br\/?p=6755"},"modified":"2023-11-22T02:43:48","modified_gmt":"2023-11-22T05:43:48","slug":"prefeitura-de-aguas-lindas-anuncia-decoracao-especial-para-o-natal-este-ano","status":"publish","type":"post","link":"https:\/\/aguaslindasnoticias.com.br\/index.php\/2023\/11\/13\/prefeitura-de-aguas-lindas-anuncia-decoracao-especial-para-o-natal-este-ano\/","title":{"rendered":"Prefeitura de \u00c1guas Lindas anuncia decora\u00e7\u00e3o especial para o Natal este ano"},"content":{"rendered":"\n<h2 class=\"wp-block-heading\">Incluindo pista de patina\u00e7\u00e3o no gelo<\/h2>\n\n\n\n<figure class=\"wp-block-image\"><a href=\"https:\/\/i0.wp.com\/jornalaguaslindas.com.br\/wp-content\/uploads\/2023\/11\/53314150705_ef86e206f0_cbeto-1.jpg?fit=799%2C533&amp;ssl=1\"><img decoding=\"async\" src=\"https:\/\/i0.wp.com\/jornalaguaslindas.com.br\/wp-content\/uploads\/2023\/11\/53314150705_ef86e206f0_cbeto-1.jpg?fit=799%2C533&amp;ssl=1\" alt=\"\" class=\"wp-image-47780\"\/><\/a><figcaption class=\"wp-element-caption\">Foto: Beto Castanheiro<\/figcaption><\/figure>\n\n\n\n<p>\u00c1guas Lindas ir\u00e1 receber uma grande festa de Natal este ano que promete superar todas as expectativas. A Prefeitura Municipal de \u00c1guas Lindas, por meio da Secretaria de Cultura e Turismo, Secretaria de Desenvolvimento Econ\u00f4mico e Secretaria de Economia, assinou nesta ter\u00e7a-feira, 7, uma ordem de servi\u00e7o para o in\u00edcio imediato da decora\u00e7\u00e3o de Natal na cidade.<\/p>\n\n\n\n<p>De acordo com a prefeito Lucas Antonietti, o Natal deste ano promete superar a festa do ano passado. Com um show de luzes, apresenta\u00e7\u00f5es, a Casa do Papai Noel, uma floresta encantada toda iluminada e um show de pr\u00eamios para a popula\u00e7\u00e3o, al\u00e9m da maior \u00e1rvore de Natal de Bras\u00edlia e regi\u00e3o, com 35 metros de altura. Al\u00e9m disso, este ano ter\u00e1 um diferencial que ser\u00e1 uma pista de gelo para os moradores.<\/p>\n\n\n\n<p>O an\u00fancio foi feito na Pra\u00e7a B\u00edblia, no Jardim Bras\u00edlia, onde a grande festa e decora\u00e7\u00e3o ficar\u00e3o concentradas. Estiveram presentes o prefeito Lucas Antonietti, o vice-prefeito Jorge Amaro, o secret\u00e1rio de cultura Denilson de Oliveira, vereadores e secret\u00e1rios do munic\u00edpio.<\/p>\n\n\n\n<p>De acordo com o secret\u00e1rio de cultura, o \u201cNatal Luz em \u00c1guas Lindas\u201d, que j\u00e1 vai para sua terceira edi\u00e7\u00e3o, visa fortalecer o sentimento natalino, levando para a popula\u00e7\u00e3o um ponto tur\u00edstico nas festas de fim de ano, al\u00e9m de fomentar a economia local com v\u00e1rias atividades e premia\u00e7\u00f5es.<\/p>\n\n\n\n<p>Na ocasi\u00e3o, o prefeito ressaltou que est\u00e1 muito feliz em poder proporcionar essa grande festa para a popula\u00e7\u00e3o.<\/p>\n\n\n\n<p>\u201c\u00c9 um momento muito importante em que a gente consegue trazer o esp\u00edrito natalino, superando todas as adversidades do ano, entregando de presente para a nossa cidade. Vamos assinar a ordem de servi\u00e7o para o in\u00edcio imediato dos enfeites de Natal\u201d, declarou.<\/p>\n\n\n\n<p>Pista de Patina\u00e7\u00e3o no Gelo<\/p>\n\n\n\n<p>O prefeito ainda anunciou que a grande novidade ser\u00e1 a pista de patina\u00e7\u00e3o no gelo, \u00e0 qual a popula\u00e7\u00e3o ter\u00e1 acesso de forma totalmente gratuita.<\/p>\n\n\n\n<p>\u201cN\u00f3s teremos uma pista de patina\u00e7\u00e3o no gelo, onde proporcionaremos muita divers\u00e3o de forma gratuita para a nossa popula\u00e7\u00e3o e os alunos da rede municipal.\u201d<\/p>\n\n\n\n<p>O secret\u00e1rio de cultura e Turismo, Denilson de Oliveira, declarou que a cada ano essa festa fica mais aguardada pela popula\u00e7\u00e3o local.<\/p>\n\n\n\n<p>\u201cA cada ano n\u00f3s temos novas surpresas. Ser\u00e3o 30 dias de muita festa, e nossa popula\u00e7\u00e3o aguarda ansiosamente por isso\u201d, disse.<\/p>\n\n\n\n<p>Secom<\/p>\n","protected":false},"excerpt":{"rendered":"<p>Incluindo pista de patina\u00e7\u00e3o no gelo \u00c1guas Lindas ir\u00e1 receber uma grande festa de Natal este ano que promete superar todas as expectativas. A Prefeitura Municipal de \u00c1guas Lindas, por meio da Secretaria de Cultura e Turismo, Secretaria de Desenvolvimento Econ\u00f4mico e Secretaria de Economia, assinou nesta ter\u00e7a-feira, 7, uma ordem de servi\u00e7o para o [&hellip;]<\/p>\n","protected":false},"author":1,"featured_media":0,"comment_status":"open","ping_status":"open","sticky":false,"template":"","format":"standard","meta":{"footnotes":""},"categories":[1],"tags":[16,12,19,22],"class_list":["post-6755","post","type-post","status-publish","format-standard","hentry","category-sem-categoria","tag-aguaslindas","tag-cultura","tag-goias","tag-prefeitura-municipal-de-aguas-lindas-de-goias"],"_links":{"self":[{"href":"https:\/\/aguaslindasnoticias.com.br\/index.php\/wp-json\/wp\/v2\/posts\/6755","targetHints":{"allow":["GET"]}}],"collection":[{"href":"https:\/\/aguaslindasnoticias.com.br\/index.php\/wp-json\/wp\/v2\/posts"}],"about":[{"href":"https:\/\/aguaslindasnoticias.com.br\/index.php\/wp-json\/wp\/v2\/types\/post"}],"author":[{"embeddable":true,"href":"https:\/\/aguaslindasnoticias.com.br\/index.php\/wp-json\/wp\/v2\/users\/1"}],"replies":[{"embeddable":true,"href":"https:\/\/aguaslindasnoticias.com.br\/index.php\/wp-json\/wp\/v2\/comments?post=6755"}],"version-history":[{"count":1,"href":"https:\/\/aguaslindasnoticias.com.br\/index.php\/wp-json\/wp\/v2\/posts\/6755\/revisions"}],"predecessor-version":[{"id":6758,"href":"https:\/\/aguaslindasnoticias.com.br\/index.php\/wp-json\/wp\/v2\/posts\/6755\/revisions\/6758"}],"wp:attachment":[{"href":"https:\/\/aguaslindasnoticias.com.br\/index.php\/wp-json\/wp\/v2\/media?parent=6755"}],"wp:term":[{"taxonomy":"category","embeddable":true,"href":"https:\/\/aguaslindasnoticias.com.br\/index.php\/wp-json\/wp\/v2\/categories?post=6755"},{"taxonomy":"post_tag","embeddable":true,"href":"https:\/\/aguaslindasnoticias.com.br\/index.php\/wp-json\/wp\/v2\/tags?post=6755"}],"curies":[{"name":"wp","href":"https:\/\/api.w.org\/{rel}","templated":true}]}}