{"id":6753,"date":"2023-11-04T01:09:27","date_gmt":"2023-11-04T04:09:27","guid":{"rendered":"https:\/\/aguaslindasnoticias.com.br\/?p=6753"},"modified":"2023-11-16T01:16:33","modified_gmt":"2023-11-16T04:16:33","slug":"copa-do-mundo-2030-edicao-centenaria-sera-em-tres-continentes","status":"publish","type":"post","link":"https:\/\/aguaslindasnoticias.com.br\/index.php\/2023\/11\/04\/copa-do-mundo-2030-edicao-centenaria-sera-em-tres-continentes\/","title":{"rendered":"Copa do Mundo 2030: edi\u00e7\u00e3o centen\u00e1ria ser\u00e1 em tr\u00eas continentes"},"content":{"rendered":"\n<h2 class=\"wp-block-heading\">Anfitri\u00e3 da primeira edi\u00e7\u00e3o em 1930, Am\u00e9rica do Sul receber\u00e1 tr\u00eas jogos de abertura no Uruguai, Argentina e Paraguai. Europa e \u00c1frica receber\u00e3o a maior parte do torneio na Espanha, Portugal e Marrocos<\/h2>\n\n\n\n<figure class=\"wp-block-image\"><a href=\"https:\/\/i0.wp.com\/jornalaguaslindas.com.br\/wp-content\/uploads\/2023\/10\/Monumental-River-2-1024x767conmebol.jpg?fit=1024%2C767&amp;ssl=1\"><img decoding=\"async\" src=\"https:\/\/i0.wp.com\/jornalaguaslindas.com.br\/wp-content\/uploads\/2023\/10\/Monumental-River-2-1024x767conmebol.jpg?fit=1024%2C767&amp;ssl=1\" alt=\"\" class=\"wp-image-46827\"\/><\/a><figcaption class=\"wp-element-caption\">Foto: Conmebol<\/figcaption><\/figure>\n\n\n\n<p>\u201cA Copa do Mundo se jogar\u00e1 aqui\u201d. Assim a Confedera\u00e7\u00e3o Sul-Americana de Futebol (Conmebol), anunciou que a Am\u00e9rica do Sul receber\u00e1 partidas da Copa do Mundo de 2030, na edi\u00e7\u00e3o centen\u00e1ria da competi\u00e7\u00e3o. Tudo come\u00e7ou com um post do presidente da entidade, Alejandro Dom\u00ednguez, minutos antes de confer\u00eancia de imprensa, confirmando que o Mundial come\u00e7a no continente.<\/p>\n\n\n\n<p>Pela forma inicial do discurso antes das perguntas, o executivo falou em uma parti\u00e7\u00e3o clara das sedes. \u201d Quero agradecer \u00e0 Fifa que junte tr\u00eas confedera\u00e7\u00f5es para celebrar esta festa em tr\u00eas continentes e seis pa\u00edses\u201d, disse. Assim, h\u00e1 a chance de que os pa\u00edses sul-americanos compartilhem sede com Espanha, Marrocos e Portugal, ainda que caiba \u00e0 Federa\u00e7\u00e3o Internacional de Futebol (Fifa) confirmar.<\/p>\n\n\n\n<p>O fator hist\u00f3rico foi o mais fundamental citado pelo presidente da entidade na abertura do evento. \u201cUma Copa do Mundo de 100 anos n\u00e3o poderia nem deveria estar fora da altura das circunst\u00e2ncias. Tem muitos motivos para celebrar, festejar, agradecer a quem aceitou essa proposta, esse projeto de tal forma que o centen\u00e1rio come\u00e7a aqui, no Est\u00e1dio Centen\u00e1rio. Teremos tr\u00eas inaugura\u00e7\u00f5es, na Argentina e tamb\u00e9m no Paraguai. A Fifa vai dar mais detalhes, mas, por si s\u00f3, \u00e9 um feito hist\u00f3rico\u201d, declara.<\/p>\n\n\n\n<p>Inicialmente, a candidatura local contava com o Chile, descartado posteriormente. Ainda assim, a edi\u00e7\u00e3o centen\u00e1ria da competi\u00e7\u00e3o poder\u00e1 ser jogada em tr\u00eas continentes, um feito in\u00e9dito. \u201cSer\u00e3o tr\u00eas jogos inaugurais, a Fifa dar\u00e1 mais detalhes, ela tem que fazer mais trabalho para ver os requisitos necess\u00e1rios das cidades que recebem jogos. Na realidade, se pensou inicialmente em Argentina e Uruguai. Depois, com a amplia\u00e7\u00e3o da Copa do Mundo, se inclu\u00edram Chile e Paraguai, mas (o primeiro) saiu por decis\u00e3o da Fifa, que define essa proposta. Cabe a n\u00f3s encontrar algo para este pa\u00eds. Acho que essa \u00e9 a not\u00edcia para o futebol sul-americano, que o Mundial vai ser jogado onde tudo come\u00e7ou\u201d, reitera.<\/p>\n\n\n\n<p>Apesar do sonho de sediar toda a edi\u00e7\u00e3o, a entidade deixou claro que o peso econ\u00f4mico n\u00e3o alcan\u00e7a para receber o torneio. \u201c\u00c9 sumamente importante cuidar da consci\u00eancia coletiva na Fifa no mundo do futebol para termos a oportunidades com as nossas condi\u00e7\u00f5es. Hoje temos hist\u00f3ria, mas as Copas do Mundo t\u00eam muito investimento. Juntos, conseguimos que o Mundial comece no Uruguai. Daqui, vamos \u00e0 Europa, onde vai se jogar as finais. Estamos buscando e trabalhando sobre esse formato, al\u00e9m de estarmos comprometidos com essa transpar\u00eancia. Em breve teremos mais detalhes\u201d, anuncia o presidente.<\/p>\n\n\n\n<p>\u201cN\u00e3o h\u00e1 nenhum est\u00e1dio mais importante e ic\u00f4nico do que o Centen\u00e1rio no mundo, vamos voltar a jogar na Argentina, que volta a ter uma Copa desde 1978, com outros detalhes que n\u00e3o valem a pena lembrar, e pela primeira vez na hist\u00f3ria, o Paraguai ser\u00e1 sede\u201d, disse os motivos de receber a competi\u00e7\u00e3o. Esta ser\u00e1 a sexta vez em que o Mundial vem \u00e0 Am\u00e9rica do Sul, depois de receber as edi\u00e7\u00f5es de 1930, 1950, 1962, 1978 e 2014.<\/p>\n\n\n\n<p>Alejandro Dom\u00ednguez diminuiu a chance de mais partidas nas fases agudas serem disputadas no territ\u00f3rio da Conmebol. Ainda n\u00e3o h\u00e1 a confirma\u00e7\u00e3o de quais duelos ser\u00e3o realizados no continente. \u201cDe momento, \u00e9 poss\u00edvel que n\u00e3o, mas as aberturas est\u00e3o confirmadas. Se fosse uma competi\u00e7\u00e3o que nossos governos tivessem que se comprometer para ser sedes, ser\u00edamos irrespons\u00e1veis e tem outros pa\u00edses com melhor condi\u00e7\u00e3o e menos prioridade. \u00c9 um tema que deve unir ao continente e em especial aos pa\u00edses envolvidos\u201d, ressalta.<\/p>\n\n\n\n<p>\u201cDevo reconhecer a abertura do presidente (da Fifa, Gianni) Infantino. Entendemos todos que, no momento em que o mundo se disputa tanto, o futebol n\u00e3o poderia ser mau exemplo. Sim, trabalhamos dialogando e, mesmo distantes, podemos fazer uma Copa do Mundo conjunta. Algo que resgatamos no futebol \u00e9 a solidariedade, \u00e9 um jogo de equipe. Conseguimos, mas n\u00e3o sozinhos. Nossos colegas entenderam a responsabilidade de relembrar os 100 anos do Mundial, com tudo o que isso significa\u201d, finalizou. Assim, a competi\u00e7\u00e3o bater\u00e1 o recorde de pa\u00edses-sede, ao ter mais de tr\u00eas na\u00e7\u00f5es, iniciando pela Copa na Am\u00e9rica do Norte, em 2026.<\/p>\n\n\n\n<p>O presidente da Associa\u00e7\u00e3o Uruguaia de Futebol (AUF), Ignacio Alonso, falou sobre a abertura do campeonato ser realizada em Montevid\u00e9u, palco da decis\u00e3o da primeira Copa do Mundo. \u201cO feito de alcan\u00e7ar isso \u00e9 uma conquista que transcende os limites do nosso esporte. O futebol tem a marca registrada dos nossos pa\u00edses e do continente. Sem d\u00favidas h\u00e1 responsabilidades pelas sedes. Gostaria de agradecer ao presidente da na\u00e7\u00e3o, Luis Lacalle Pou, por acreditar nisso. Vamos ter o melhor Mundial de todos os tempos, n\u00e3o tenho d\u00favida\u201d, garantiu.<\/p>\n","protected":false},"excerpt":{"rendered":"<p>Anfitri\u00e3 da primeira edi\u00e7\u00e3o em 1930, Am\u00e9rica do Sul receber\u00e1 tr\u00eas jogos de abertura no Uruguai, Argentina e Paraguai. Europa e \u00c1frica receber\u00e3o a maior parte do torneio na Espanha, Portugal e Marrocos \u201cA Copa do Mundo se jogar\u00e1 aqui\u201d. Assim a Confedera\u00e7\u00e3o Sul-Americana de Futebol (Conmebol), anunciou que a Am\u00e9rica do Sul receber\u00e1 partidas [&hellip;]<\/p>\n","protected":false},"author":1,"featured_media":0,"comment_status":"open","ping_status":"open","sticky":false,"template":"","format":"standard","meta":{"footnotes":""},"categories":[1],"tags":[],"class_list":["post-6753","post","type-post","status-publish","format-standard","hentry","category-sem-categoria"],"_links":{"self":[{"href":"https:\/\/aguaslindasnoticias.com.br\/index.php\/wp-json\/wp\/v2\/posts\/6753","targetHints":{"allow":["GET"]}}],"collection":[{"href":"https:\/\/aguaslindasnoticias.com.br\/index.php\/wp-json\/wp\/v2\/posts"}],"about":[{"href":"https:\/\/aguaslindasnoticias.com.br\/index.php\/wp-json\/wp\/v2\/types\/post"}],"author":[{"embeddable":true,"href":"https:\/\/aguaslindasnoticias.com.br\/index.php\/wp-json\/wp\/v2\/users\/1"}],"replies":[{"embeddable":true,"href":"https:\/\/aguaslindasnoticias.com.br\/index.php\/wp-json\/wp\/v2\/comments?post=6753"}],"version-history":[{"count":1,"href":"https:\/\/aguaslindasnoticias.com.br\/index.php\/wp-json\/wp\/v2\/posts\/6753\/revisions"}],"predecessor-version":[{"id":6754,"href":"https:\/\/aguaslindasnoticias.com.br\/index.php\/wp-json\/wp\/v2\/posts\/6753\/revisions\/6754"}],"wp:attachment":[{"href":"https:\/\/aguaslindasnoticias.com.br\/index.php\/wp-json\/wp\/v2\/media?parent=6753"}],"wp:term":[{"taxonomy":"category","embeddable":true,"href":"https:\/\/aguaslindasnoticias.com.br\/index.php\/wp-json\/wp\/v2\/categories?post=6753"},{"taxonomy":"post_tag","embeddable":true,"href":"https:\/\/aguaslindasnoticias.com.br\/index.php\/wp-json\/wp\/v2\/tags?post=6753"}],"curies":[{"name":"wp","href":"https:\/\/api.w.org\/{rel}","templated":true}]}}