{"id":6714,"date":"2023-11-03T22:03:44","date_gmt":"2023-11-04T01:03:44","guid":{"rendered":"https:\/\/aguaslindasnoticias.com.br\/?p=6714"},"modified":"2023-11-15T22:09:38","modified_gmt":"2023-11-16T01:09:38","slug":"todas-as-opcoes-estao-abertas-lider-do-hezbollah-desafia-israel-e-diz-que-pode-entrar-na-guerra","status":"publish","type":"post","link":"https:\/\/aguaslindasnoticias.com.br\/index.php\/2023\/11\/03\/todas-as-opcoes-estao-abertas-lider-do-hezbollah-desafia-israel-e-diz-que-pode-entrar-na-guerra\/","title":{"rendered":"Todas as op\u00e7\u00f5es est\u00e3o abertas\u2019: l\u00edder do Hezbollah desafia Israel e diz que pode entrar na guerra"},"content":{"rendered":"\n<h2 class=\"wp-block-heading\">\u2018O que est\u00e1 acontecendo na fronteira entre Israel e L\u00edbano n\u00e3o \u00e9 o fim\u2019, disse Sayyed Nasrallah, chefe do grupo terrorista<\/h2>\n\n\n\n<figure class=\"wp-block-image\"><a href=\"https:\/\/i0.wp.com\/jornalaguaslindas.com.br\/wp-content\/uploads\/2023\/11\/israel2radiopampa.jpg?fit=818%2C462&amp;ssl=1\"><img decoding=\"async\" src=\"https:\/\/i0.wp.com\/jornalaguaslindas.com.br\/wp-content\/uploads\/2023\/11\/israel2radiopampa.jpg?fit=818%2C462&amp;ssl=1\" alt=\"\" class=\"wp-image-47592\"\/><\/a><figcaption class=\"wp-element-caption\">Foto: R\u00e1dio Pampa<\/figcaption><\/figure>\n\n\n\n<p>O l\u00edder do grupo terrorista liban\u00eas Hezbollah, Sayyed Hassan Nasrallah, disse nesta sexta-feira (3), em seu primeiro pronunciamento ap\u00f3s o in\u00edcio do conflito entre Israel e os terroristas do Hamas, em 7 de outubro, que n\u00e3o descarta uma guerra contra o Ex\u00e9rcito israelense.<\/p>\n\n\n\n<p>\u201cTodas as op\u00e7\u00f5es est\u00e3o abertas\u201d, disse Nasrallah no pronunciamento, transmitido em v\u00eddeo para milhares de pessoas no bairro de Hadath, em Beirute, a capital do L\u00edbano.<\/p>\n\n\n\n<p>Durante a declara\u00e7\u00e3o, o l\u00edder terrorista elogiou a\u00e7\u00f5es militares do grupo na fronteira entre Israel e o L\u00edbano at\u00e9 agora e se vangloriou do fato de ter desviado os esfor\u00e7os das FDI (For\u00e7as de Defesa de Israel) da guerra contra o Hamas.<\/p>\n\n\n\n<p>\u201cAlguns afirmam que o Hezbollah est\u00e1 prestes a entrar na briga. Eu digo: Estamos envolvidos nessa batalha desde 8 de outubro\u201d, disse. \u201cAlguns gostariam que o Hezbollah se envolvesse em uma guerra total. Mas eu posso dizer que o que est\u00e1 acontecendo agora ao longo da fronteira entre Israel e o L\u00edbano \u00e9 significativo, e n\u00e3o \u00e9 o fim.\u201d<\/p>\n\n\n\n<p>\u201cO que fizemos desde 8 de outubro \u00e9 sem precedentes em termos de nossa estrat\u00e9gia de combate. Todos os dias temos como alvo soldados israelenses, tanques, drones e sensores, os olhos e ouvidos de Israel\u201d, afirmou.<\/p>\n\n\n\n<p>\u201cTemos estado envolvidos em uma verdadeira batalha. A quantidade de nossos m\u00e1rtires, 57, \u00e9 uma prova disso\u201d, disse Nasrallah, acrescentando que o n\u00famero inclui terroristas do Hezbollah, do Hamas e da Jihad Isl\u00e2mica Palestina localizados no L\u00edbano.<\/p>\n\n\n\n<p>\u201cNossas opera\u00e7\u00f5es na fronteira for\u00e7aram as FDI a desviar for\u00e7as, armas e equipamentos de Gaza e da Cisjord\u00e2nia para a frente libanesa. Um ter\u00e7o das FDI agora est\u00e1 em nossa fronteira\u201d, afirmou.<\/p>\n\n\n\n<p>Ele disse ainda que o fim do conflito depende do fim da \u201cagress\u00e3o de Israel e dos Estados Unidos em Gaza\u201d.<\/p>\n","protected":false},"excerpt":{"rendered":"<p>\u2018O que est\u00e1 acontecendo na fronteira entre Israel e L\u00edbano n\u00e3o \u00e9 o fim\u2019, disse Sayyed Nasrallah, chefe do grupo terrorista O l\u00edder do grupo terrorista liban\u00eas Hezbollah, Sayyed Hassan Nasrallah, disse nesta sexta-feira (3), em seu primeiro pronunciamento ap\u00f3s o in\u00edcio do conflito entre Israel e os terroristas do Hamas, em 7 de outubro, [&hellip;]<\/p>\n","protected":false},"author":1,"featured_media":0,"comment_status":"open","ping_status":"open","sticky":false,"template":"","format":"standard","meta":{"footnotes":""},"categories":[1],"tags":[],"class_list":["post-6714","post","type-post","status-publish","format-standard","hentry","category-sem-categoria"],"_links":{"self":[{"href":"https:\/\/aguaslindasnoticias.com.br\/index.php\/wp-json\/wp\/v2\/posts\/6714","targetHints":{"allow":["GET"]}}],"collection":[{"href":"https:\/\/aguaslindasnoticias.com.br\/index.php\/wp-json\/wp\/v2\/posts"}],"about":[{"href":"https:\/\/aguaslindasnoticias.com.br\/index.php\/wp-json\/wp\/v2\/types\/post"}],"author":[{"embeddable":true,"href":"https:\/\/aguaslindasnoticias.com.br\/index.php\/wp-json\/wp\/v2\/users\/1"}],"replies":[{"embeddable":true,"href":"https:\/\/aguaslindasnoticias.com.br\/index.php\/wp-json\/wp\/v2\/comments?post=6714"}],"version-history":[{"count":1,"href":"https:\/\/aguaslindasnoticias.com.br\/index.php\/wp-json\/wp\/v2\/posts\/6714\/revisions"}],"predecessor-version":[{"id":6715,"href":"https:\/\/aguaslindasnoticias.com.br\/index.php\/wp-json\/wp\/v2\/posts\/6714\/revisions\/6715"}],"wp:attachment":[{"href":"https:\/\/aguaslindasnoticias.com.br\/index.php\/wp-json\/wp\/v2\/media?parent=6714"}],"wp:term":[{"taxonomy":"category","embeddable":true,"href":"https:\/\/aguaslindasnoticias.com.br\/index.php\/wp-json\/wp\/v2\/categories?post=6714"},{"taxonomy":"post_tag","embeddable":true,"href":"https:\/\/aguaslindasnoticias.com.br\/index.php\/wp-json\/wp\/v2\/tags?post=6714"}],"curies":[{"name":"wp","href":"https:\/\/api.w.org\/{rel}","templated":true}]}}