{"id":6702,"date":"2023-11-07T20:37:19","date_gmt":"2023-11-07T23:37:19","guid":{"rendered":"https:\/\/aguaslindasnoticias.com.br\/?p=6702"},"modified":"2023-11-15T20:43:41","modified_gmt":"2023-11-15T23:43:41","slug":"o-vai-e-vem-de-lula-sobre-a-meta-fiscal","status":"publish","type":"post","link":"https:\/\/aguaslindasnoticias.com.br\/index.php\/2023\/11\/07\/o-vai-e-vem-de-lula-sobre-a-meta-fiscal\/","title":{"rendered":"O vai e vem de Lula sobre a meta fiscal"},"content":{"rendered":"\n<h2 class=\"wp-block-heading\">O presidente voltou a defender a estabilidade fiscal ap\u00f3s falar em gastan\u00e7a de obras<\/h2>\n\n\n\n<p><\/p>\n\n\n\n<figure class=\"wp-block-image\"><a href=\"https:\/\/i0.wp.com\/jornalaguaslindas.com.br\/wp-content\/uploads\/2023\/11\/Lula-com-ministros-de-infraestrutura-2metropoles.webp?fit=1280%2C854&amp;ssl=1\"><img decoding=\"async\" src=\"https:\/\/i0.wp.com\/jornalaguaslindas.com.br\/wp-content\/uploads\/2023\/11\/Lula-com-ministros-de-infraestrutura-2metropoles.webp?fit=1280%2C854&amp;ssl=1\" alt=\"\" class=\"wp-image-47716\"\/><\/a><figcaption class=\"wp-element-caption\">Foto: Metr\u00f3poles<\/figcaption><\/figure>\n\n\n\n<p>O presidente n\u00e3o quer desagradar ningu\u00e9m. O problema \u00e9 que essas falas contradit\u00f3rias sobre a meta fiscal mais prejudicam do que ajudam. Nesta ter\u00e7a-feira-feira (7), Lula pisou no freio e defendeu a e\u2026<\/p>\n\n\n\n<p>H\u00e1 4 dias, Lula disse a ministros numa reuni\u00e3o que \u201cdinheiro bom \u00e9 dinheiro transformado em obras\u201d. Ao mesmo tempo, o ministro da Fazenda n\u00e3o arreda o p\u00e9 e defende a meta de d\u00e9ficit fiscal zero para o\u2026<\/p>\n\n\n\n<p>Nos bastidores, o ministro admite que se v\u00ea isolado dentro do governo, mas ao mesmo tempo corre para tentar aprovar medidas no Congresso que aumentem a arrecada\u00e7\u00e3o at\u00e9 o dia 22 deste m\u00eas, quando est\u00e1 \u2026<\/p>\n\n\n\n<p>As bolsas europeias e os futuros americanos s\u00e3o negociados em baixa na manh\u00e3 desta ter\u00e7a-feira, 7. A ata da \u00faltima reuni\u00e3o do Copom foi publicada e traz novas pistas e alertas sobre os cortes de juros\u2026<\/p>\n\n\n\n<p>Veja<\/p>\n","protected":false},"excerpt":{"rendered":"<p>O presidente voltou a defender a estabilidade fiscal ap\u00f3s falar em gastan\u00e7a de obras O presidente n\u00e3o quer desagradar ningu\u00e9m. O problema \u00e9 que essas falas contradit\u00f3rias sobre a meta fiscal mais prejudicam do que ajudam. Nesta ter\u00e7a-feira-feira (7), Lula pisou no freio e defendeu a e\u2026 H\u00e1 4 dias, Lula disse a ministros numa [&hellip;]<\/p>\n","protected":false},"author":1,"featured_media":0,"comment_status":"open","ping_status":"open","sticky":false,"template":"","format":"standard","meta":{"footnotes":""},"categories":[1],"tags":[],"class_list":["post-6702","post","type-post","status-publish","format-standard","hentry","category-sem-categoria"],"_links":{"self":[{"href":"https:\/\/aguaslindasnoticias.com.br\/index.php\/wp-json\/wp\/v2\/posts\/6702","targetHints":{"allow":["GET"]}}],"collection":[{"href":"https:\/\/aguaslindasnoticias.com.br\/index.php\/wp-json\/wp\/v2\/posts"}],"about":[{"href":"https:\/\/aguaslindasnoticias.com.br\/index.php\/wp-json\/wp\/v2\/types\/post"}],"author":[{"embeddable":true,"href":"https:\/\/aguaslindasnoticias.com.br\/index.php\/wp-json\/wp\/v2\/users\/1"}],"replies":[{"embeddable":true,"href":"https:\/\/aguaslindasnoticias.com.br\/index.php\/wp-json\/wp\/v2\/comments?post=6702"}],"version-history":[{"count":1,"href":"https:\/\/aguaslindasnoticias.com.br\/index.php\/wp-json\/wp\/v2\/posts\/6702\/revisions"}],"predecessor-version":[{"id":6703,"href":"https:\/\/aguaslindasnoticias.com.br\/index.php\/wp-json\/wp\/v2\/posts\/6702\/revisions\/6703"}],"wp:attachment":[{"href":"https:\/\/aguaslindasnoticias.com.br\/index.php\/wp-json\/wp\/v2\/media?parent=6702"}],"wp:term":[{"taxonomy":"category","embeddable":true,"href":"https:\/\/aguaslindasnoticias.com.br\/index.php\/wp-json\/wp\/v2\/categories?post=6702"},{"taxonomy":"post_tag","embeddable":true,"href":"https:\/\/aguaslindasnoticias.com.br\/index.php\/wp-json\/wp\/v2\/tags?post=6702"}],"curies":[{"name":"wp","href":"https:\/\/api.w.org\/{rel}","templated":true}]}}