{"id":6665,"date":"2023-10-23T07:30:38","date_gmt":"2023-10-23T10:30:38","guid":{"rendered":"https:\/\/aguaslindasnoticias.com.br\/?p=6665"},"modified":"2023-10-23T07:30:52","modified_gmt":"2023-10-23T10:30:52","slug":"o-gato-palheiro-melanico-conhecido-como-gato-dos-pampas-foi-visto-no-parque-nacional-das-emas-na-regiao-sudoeste-de-goias","status":"publish","type":"post","link":"https:\/\/aguaslindasnoticias.com.br\/index.php\/2023\/10\/23\/o-gato-palheiro-melanico-conhecido-como-gato-dos-pampas-foi-visto-no-parque-nacional-das-emas-na-regiao-sudoeste-de-goias\/","title":{"rendered":"O gato-palheiro-mel\u00e2nico, conhecido como gato-dos-pampas, foi visto no Parque Nacional das Emas, na regi\u00e3o sudoeste de Goi\u00e1s"},"content":{"rendered":"\n<p><\/p>\n\n\n\n<p>Divulga\u00e7\u00e3o\/Kennedy de Andrade Borges<\/p>\n\n\n\n<p><strong>Goi\u00e2nia<\/strong>&nbsp;\u2013 O gato-palheiro-mel\u00e2nico, conhecido como gato-dos-pampas,&nbsp;<a href=\"https:\/\/www.metropoles.com\/brasil\/video-cachorro-vinagre-extincao\">foi visto no Parque Nacional das Emas<\/a>, a 25 km de Chapad\u00e3o do Ce\u00fa, na regi\u00e3o sudoeste de Goi\u00e1s.&nbsp;<a href=\"https:\/\/www.metropoles.com\/mundo\/pika-20-cm-extincao\">O animal faz parte da lista de esp\u00e9cies amea\u00e7adas<\/a>&nbsp;da Uni\u00e3o Internacional para a Conserva\u00e7\u00e3o da Natureza e dos Recursos Naturais (IUCN).<\/p>\n\n\n\n<p>A imagem foi feita quando o gato-palheiro-mel\u00e2nico capturava uma presa. O registro ocorreu em 27 de setembro deste ano, mas s\u00f3 foi divulgado nesta semana.<\/p>\n\n\n\n<p>Kennedy de Andrade Borges, bi\u00f3logo e analista ambiental do&nbsp;<a href=\"https:\/\/www.metropoles.com\/tag\/icmbio\">Instituto Chico Mendes de Conserva\u00e7\u00e3o da Biodiversidade (ICMBio)<\/a>, fez um registro do animal enquanto ele se preparava para capturar uma presa. \u201cEu estava a mais de 60 m de dist\u00e2ncia. Deitei-me no ch\u00e3o e fiz um pseudo-trip\u00e9 com o tronco e bra\u00e7os para conseguir essa imagem\u201d, detalhou.Play Video<\/p>\n\n\n\n<p>Segundo o bi\u00f3logo, o gato-palheiro-mel\u00e2nico faz parte de uma esp\u00e9cie furtiva, discreta e r\u00e1pida. Kennedy explicou que o termo \u201cmel\u00e2nico\u201d se refere \u00e0 colora\u00e7\u00e3o escura dos pelos do animal, que tem o costume de ca\u00e7ar nas estradas e em volta do terreno natural do Parque.<\/p>\n\n\n\n<p>Embora o registro tenha ocorrido na hora certa, Kennedy destacou que o animal \u00e9 muito dif\u00edcil de ser avistado devido \u00e0 r\u00e1pida movimenta\u00e7\u00e3o na vegeta\u00e7\u00e3o quando percebe algum movimento estranho.<\/p>\n\n\n\n<p>A m\u00e9dica veterin\u00e1ria Luana Borboleta informou que o animal \u00e9 um fel\u00eddeo um pouco maior que o gato dom\u00e9stico. A esp\u00e9cie pode ser encontrada na Argentina, no Brasil, Paraguai e Uruguai. De acordo com ela, o habitat do gato-palheiro-mel\u00e2nico tem sido considerado o maior em amea\u00e7a de desmatamento entre os pa\u00edses.<\/p>\n\n\n\n<p><\/p>\n\n\n\n<p>Fonte: <a href=\"https:\/\/www.metropoles.com\/brasil\/especie-rara-de-gato-e-vista-no-parque-das-emas-em-goias-conheca\" target=\"_blank\" rel=\"noreferrer noopener\">Metr\u00f3poles<\/a><\/p>\n","protected":false},"excerpt":{"rendered":"<p>Divulga\u00e7\u00e3o\/Kennedy de Andrade Borges Goi\u00e2nia&nbsp;\u2013 O gato-palheiro-mel\u00e2nico, conhecido como gato-dos-pampas,&nbsp;foi visto no Parque Nacional das Emas, a 25 km de Chapad\u00e3o do Ce\u00fa, na regi\u00e3o sudoeste de Goi\u00e1s.&nbsp;O animal faz parte da lista de esp\u00e9cies amea\u00e7adas&nbsp;da Uni\u00e3o Internacional para a Conserva\u00e7\u00e3o da Natureza e dos Recursos Naturais (IUCN). A imagem foi feita quando o gato-palheiro-mel\u00e2nico [&hellip;]<\/p>\n","protected":false},"author":1,"featured_media":0,"comment_status":"open","ping_status":"open","sticky":false,"template":"","format":"standard","meta":{"footnotes":""},"categories":[1],"tags":[],"class_list":["post-6665","post","type-post","status-publish","format-standard","hentry","category-sem-categoria"],"_links":{"self":[{"href":"https:\/\/aguaslindasnoticias.com.br\/index.php\/wp-json\/wp\/v2\/posts\/6665","targetHints":{"allow":["GET"]}}],"collection":[{"href":"https:\/\/aguaslindasnoticias.com.br\/index.php\/wp-json\/wp\/v2\/posts"}],"about":[{"href":"https:\/\/aguaslindasnoticias.com.br\/index.php\/wp-json\/wp\/v2\/types\/post"}],"author":[{"embeddable":true,"href":"https:\/\/aguaslindasnoticias.com.br\/index.php\/wp-json\/wp\/v2\/users\/1"}],"replies":[{"embeddable":true,"href":"https:\/\/aguaslindasnoticias.com.br\/index.php\/wp-json\/wp\/v2\/comments?post=6665"}],"version-history":[{"count":1,"href":"https:\/\/aguaslindasnoticias.com.br\/index.php\/wp-json\/wp\/v2\/posts\/6665\/revisions"}],"predecessor-version":[{"id":6668,"href":"https:\/\/aguaslindasnoticias.com.br\/index.php\/wp-json\/wp\/v2\/posts\/6665\/revisions\/6668"}],"wp:attachment":[{"href":"https:\/\/aguaslindasnoticias.com.br\/index.php\/wp-json\/wp\/v2\/media?parent=6665"}],"wp:term":[{"taxonomy":"category","embeddable":true,"href":"https:\/\/aguaslindasnoticias.com.br\/index.php\/wp-json\/wp\/v2\/categories?post=6665"},{"taxonomy":"post_tag","embeddable":true,"href":"https:\/\/aguaslindasnoticias.com.br\/index.php\/wp-json\/wp\/v2\/tags?post=6665"}],"curies":[{"name":"wp","href":"https:\/\/api.w.org\/{rel}","templated":true}]}}