{"id":6622,"date":"2023-10-06T18:48:59","date_gmt":"2023-10-06T21:48:59","guid":{"rendered":"https:\/\/aguaslindasnoticias.com.br\/?p=6622"},"modified":"2023-10-13T19:03:30","modified_gmt":"2023-10-13T22:03:30","slug":"policia-encontra-corpos-que-podem-ser-dos-assassinos-de-medicos-no-rj","status":"publish","type":"post","link":"https:\/\/aguaslindasnoticias.com.br\/index.php\/2023\/10\/06\/policia-encontra-corpos-que-podem-ser-dos-assassinos-de-medicos-no-rj\/","title":{"rendered":"Pol\u00edcia encontra corpos que podem ser dos assassinos de m\u00e9dicos no RJ"},"content":{"rendered":"\n<h5 class=\"wp-block-heading\">A PCRJ encontrou quatro corpos dentro de dois ve\u00edculos na Zona Oeste do Rio de Janeiro. A investiga\u00e7\u00e3o aponta que tratam-se dos respons\u00e1veis pelo assassinato de tr\u00eas m\u00e9dicos ortopedistas na orla da Barra da Tijuca<\/h5>\n\n\n\n<figure class=\"wp-block-image\"><img decoding=\"async\" src=\"https:\/\/hranews.com.br\/wp-content\/uploads\/2023\/10\/1_fdhjf-29926236.jpg\" alt=\"\" class=\"wp-image-4208\"\/><\/figure>\n\n\n\n<h6 class=\"wp-block-heading\">Os m\u00e9dicos tiraram uma selfie momentos antes dos assassinatos \u2013 (cr\u00e9dito: Reprodu\u00e7\u00e3o\/Redes sociais)<\/h6>\n\n\n\n<p>A Pol\u00edcia Civil do Rio de Janeiro encontrou quatro corpos dentro de dois carros na Gard\u00eania Azul, Zona Oeste do Rio de Janeiro, na noite desta quinta-feira (5\/10). A Delegacia de Homic\u00eddios acredita que eles s\u00e3o os traficantes respons\u00e1veis por executar tr\u00eas m\u00e9dicos ortopedistas na orla da Barra da Tijuca.<\/p>\n\n\n\n<p>Segundo informa\u00e7\u00f5es do g1, dois dos quatro corpos encontrados foram identificados como Philip Motta Pereira, conhecido como Lesk, e Ryan Nunes de Almeida.<\/p>\n\n\n\n<p>O Correio apurou que as mortes teriam ocorrido no interior do Complexo da Penha e os corpos foram levados para o centro do Rio. Os suspeitos teriam sido julgados pelo \u201ctribunal do crime\u201d por meio de uma \u201cconference call\u201d. Ou seja, de dentro da cadeia, os l\u00edderes do Comando Vermelho teriam autorizado as execu\u00e7\u00f5es dos autores das mortes dos m\u00e9dicos, de acordo com informa\u00e7\u00f5es obtidas pela reportagem. As identidades de dois deles ainda n\u00e3o foram reveladas.<\/p>\n\n\n\n<p>A principal linha de investiga\u00e7\u00e3o do assassinato dos m\u00e9dicos \u00e9 que eles tenham sido mortos por engano. Fontes consultadas pelo Correio relataram que o ortopedista Perseu Ribeiro teria sido confundido com Taillon de Alc\u00e2ntara Pereira Barbosa, filho do miliciano Dalmir Pereira Barbosa, que teria resid\u00eancia a menos de 1 quil\u00f4metro do local da chacina.<\/p>\n\n\n\n<p>Al\u00e9m de Persel, o m\u00e9dico Marcos de Andrade Corsato, de 62 anos, tamb\u00e9m morreu na hora. Uma terceira v\u00edtima, Diego Ralf Bonfim, de 35, foi socorrido ainda com vida e enviado ao hospital, mas n\u00e3o resistiu aos ferimentos. Ele \u00e9 irm\u00e3o da deputada federal S\u00e2mia Bonfim (PSOL-SP) e cunhado do tamb\u00e9m deputado federal Glauber Braga (PSOL-RJ).<\/p>\n\n\n\n<p>Um quarto m\u00e9dico foi atingido, mas sobreviveu e tem quadro est\u00e1vel. Daniel Sonnewend Proen\u00e7a est\u00e1 internado no Hospital Louren\u00e7o Jorge, localizado na Barra da Tijuca.<\/p>\n\n\n\n<p>Imagens de c\u00e2meras de seguran\u00e7a mostram o momento em que um ve\u00edculo para na via que passa em frente ao quiosque. Homens armados descem e atiram v\u00e1rias vezes contra as v\u00edtimas, que n\u00e3o tiveram chance de defesa. Toda a a\u00e7\u00e3o de execu\u00e7\u00e3o durou menos de um minuto. De acordo com testemunhas, ap\u00f3s o ataque, os criminosos ainda voltaram para conferir se os profissionais realmente estavam mortos.<\/p>\n\n\n\n<h3 class=\"wp-block-heading\">Quem s\u00e3o as v\u00edtimas<\/h3>\n\n\n\n<figure class=\"wp-block-image\"><img decoding=\"async\" src=\"https:\/\/hranews.com.br\/wp-content\/uploads\/2023\/10\/medicos_assassinados-29906836.jpg\" alt=\"\" class=\"wp-image-4209\"\/><\/figure>\n\n\n\n<h6 class=\"wp-block-heading\">Marcos de Andrade Corsato (\u00e0 esquerda), Perseu Ribeiro Almeida (centro) e Diego Ralf Bomfim foram os m\u00e9dicos assassinados no quiosque<br>(foto: Reprodu\u00e7\u00e3o\/Redes sociais)<\/h6>\n\n\n\n<p><strong>Marcos Corsato \u2014<\/strong>&nbsp;Com 62 anos, o m\u00e9dico tinha mestrado em ortopedia e traumatologia pela Faculdade de Medicina da Universidade de S\u00e3o Paulo. Era membro titular da Associa\u00e7\u00e3o Brasileira de Medicina e Cirurgia do Tornozelo<br>e P\u00e9. Atuava no Hospital das Cl\u00ednicas em S\u00e3o Paulo. Deixa mulher, filhos e uma neta.<\/p>\n\n\n\n<p><strong>Diego Ralf Bomfim \u2014<\/strong>&nbsp;Irm\u00e3o da deputada federal S\u00e2mia Bomfim, o m\u00e9dico, 35, era formado pela Faculdade de Medicina da Universidade Federal da Bahia. Ele tinha resid\u00eancia m\u00e9dica em medicina da fam\u00edlia pela Universidade de S\u00e3o Paulo e era especialista em reconstru\u00e7\u00e3o \u00f3ssea.<\/p>\n\n\n\n<p><strong>Perseu de Almeida \u2014<\/strong>&nbsp;Tinha 33 anos e era graduado em medicina pelo Instituto Mantenedor de Ensino Superior da Bahia. Era especialista em cirurgia do p\u00e9 e tornozelo pelo Instituto de Ortopedia e Traumatologia do Hospital das Cl\u00ednicas da Faculdade de Medicina da USP. Deixa mulher e dois filhos<\/p>\n","protected":false},"excerpt":{"rendered":"<p>A PCRJ encontrou quatro corpos dentro de dois ve\u00edculos na Zona Oeste do Rio de Janeiro. A investiga\u00e7\u00e3o aponta que tratam-se dos respons\u00e1veis pelo assassinato de tr\u00eas m\u00e9dicos ortopedistas na orla da Barra da Tijuca Os m\u00e9dicos tiraram uma selfie momentos antes dos assassinatos \u2013 (cr\u00e9dito: Reprodu\u00e7\u00e3o\/Redes sociais) A Pol\u00edcia Civil do Rio de Janeiro [&hellip;]<\/p>\n","protected":false},"author":1,"featured_media":6623,"comment_status":"open","ping_status":"closed","sticky":false,"template":"","format":"standard","meta":{"footnotes":""},"categories":[1],"tags":[],"class_list":["post-6622","post","type-post","status-publish","format-standard","has-post-thumbnail","hentry","category-sem-categoria"],"_links":{"self":[{"href":"https:\/\/aguaslindasnoticias.com.br\/index.php\/wp-json\/wp\/v2\/posts\/6622","targetHints":{"allow":["GET"]}}],"collection":[{"href":"https:\/\/aguaslindasnoticias.com.br\/index.php\/wp-json\/wp\/v2\/posts"}],"about":[{"href":"https:\/\/aguaslindasnoticias.com.br\/index.php\/wp-json\/wp\/v2\/types\/post"}],"author":[{"embeddable":true,"href":"https:\/\/aguaslindasnoticias.com.br\/index.php\/wp-json\/wp\/v2\/users\/1"}],"replies":[{"embeddable":true,"href":"https:\/\/aguaslindasnoticias.com.br\/index.php\/wp-json\/wp\/v2\/comments?post=6622"}],"version-history":[{"count":1,"href":"https:\/\/aguaslindasnoticias.com.br\/index.php\/wp-json\/wp\/v2\/posts\/6622\/revisions"}],"predecessor-version":[{"id":6624,"href":"https:\/\/aguaslindasnoticias.com.br\/index.php\/wp-json\/wp\/v2\/posts\/6622\/revisions\/6624"}],"wp:featuredmedia":[{"embeddable":true,"href":"https:\/\/aguaslindasnoticias.com.br\/index.php\/wp-json\/wp\/v2\/media\/6623"}],"wp:attachment":[{"href":"https:\/\/aguaslindasnoticias.com.br\/index.php\/wp-json\/wp\/v2\/media?parent=6622"}],"wp:term":[{"taxonomy":"category","embeddable":true,"href":"https:\/\/aguaslindasnoticias.com.br\/index.php\/wp-json\/wp\/v2\/categories?post=6622"},{"taxonomy":"post_tag","embeddable":true,"href":"https:\/\/aguaslindasnoticias.com.br\/index.php\/wp-json\/wp\/v2\/tags?post=6622"}],"curies":[{"name":"wp","href":"https:\/\/api.w.org\/{rel}","templated":true}]}}