{"id":6611,"date":"2023-10-02T12:08:57","date_gmt":"2023-10-02T15:08:57","guid":{"rendered":"https:\/\/aguaslindasnoticias.com.br\/?p=6611"},"modified":"2023-10-13T12:18:40","modified_gmt":"2023-10-13T15:18:40","slug":"diplomatas-da-uniao-europeia-se-reunem-em-kiev-para-reafirmar-apoio-a-ucrania","status":"publish","type":"post","link":"https:\/\/aguaslindasnoticias.com.br\/index.php\/2023\/10\/02\/diplomatas-da-uniao-europeia-se-reunem-em-kiev-para-reafirmar-apoio-a-ucrania\/","title":{"rendered":"Diplomatas da Uni\u00e3o Europeia se re\u00fanem em Kiev para reafirmar apoio \u00e0 Ucr\u00e2nia"},"content":{"rendered":"\n<h5 class=\"wp-block-heading\">Quatro estados-membros decidiram n\u00e3o enviar ministros ao encontro na capital ucraniana<\/h5>\n\n\n\n<figure class=\"wp-block-image\"><img decoding=\"async\" src=\"https:\/\/hranews.com.br\/wp-content\/uploads\/2023\/10\/2023-10-02T115321Z_1_LYNXNPEJ910H3_RTROPTP_3_UKRAINE-CRISIS-EU.webp\" alt=\"\" class=\"wp-image-4098\"\/><\/figure>\n\n\n\n<h6 class=\"wp-block-heading\">Chanceler ucraniano Dmytro Kuleba e o chefe de pol\u00edtica externa da UE, Josep Borrell, em Kiev<br>Reuters<\/h6>\n\n\n\n<p>Todos os 27 estados-membros da Uni\u00e3o Europeia (UE) enviaram funcion\u00e1rios para uma reuni\u00e3o importante em Kiev nesta segunda-feira (2), informou a UE \u00e0 CNN.<\/p>\n\n\n\n<p>No entanto, apenas 23 pa\u00edses enviaram os seus ministros dos Neg\u00f3cios Estrangeiros. Quatro pa\u00edses enviaram outros funcion\u00e1rios governamentais.<\/p>\n\n\n\n<p>O chefe da pol\u00edtica externa da UE, Josep Borrell, afirmou anteriormente que os ministros dos Neg\u00f3cios Estrangeiros de todos os 27 estados-membros estariam presentes.<\/p>\n\n\n\n<p>O bloco reuniu-se na capital ucraniana para reafirmar o seu apoio a Kiev no meio da invas\u00e3o russa.<\/p>\n\n\n\n<p>Os ministros dos Neg\u00f3cios Estrangeiros dos seguintes pa\u00edses est\u00e3o em Kiev: \u00c1ustria, B\u00e9lgica, Bulg\u00e1ria, Cro\u00e1cia, Chipre, Rep\u00fablica Tcheca, Dinamarca, Est\u00f4nia, Finl\u00e2ndia, Fran\u00e7a, Alemanha, Gr\u00e9cia, Irlanda, It\u00e1lia, Litu\u00e2nia, Luxemburgo, Malta, Pa\u00edses Baixos, Portugal, Rom\u00eania, Eslov\u00e1quia, Eslov\u00eania e Espanha.<\/p>\n\n\n\n<p>Os secret\u00e1rios de Estado da Let\u00f4nia e da Su\u00e9cia est\u00e3o na capital ucraniana. O vice-ministro da Pol\u00f4nia e o vice-secret\u00e1rio de Estado da Hungria est\u00e3o em Kiev.<\/p>\n","protected":false},"excerpt":{"rendered":"<p>Quatro estados-membros decidiram n\u00e3o enviar ministros ao encontro na capital ucraniana Chanceler ucraniano Dmytro Kuleba e o chefe de pol\u00edtica externa da UE, Josep Borrell, em KievReuters Todos os 27 estados-membros da Uni\u00e3o Europeia (UE) enviaram funcion\u00e1rios para uma reuni\u00e3o importante em Kiev nesta segunda-feira (2), informou a UE \u00e0 CNN. No entanto, apenas 23 [&hellip;]<\/p>\n","protected":false},"author":1,"featured_media":0,"comment_status":"open","ping_status":"open","sticky":false,"template":"","format":"standard","meta":{"footnotes":""},"categories":[1],"tags":[],"class_list":["post-6611","post","type-post","status-publish","format-standard","hentry","category-sem-categoria"],"_links":{"self":[{"href":"https:\/\/aguaslindasnoticias.com.br\/index.php\/wp-json\/wp\/v2\/posts\/6611","targetHints":{"allow":["GET"]}}],"collection":[{"href":"https:\/\/aguaslindasnoticias.com.br\/index.php\/wp-json\/wp\/v2\/posts"}],"about":[{"href":"https:\/\/aguaslindasnoticias.com.br\/index.php\/wp-json\/wp\/v2\/types\/post"}],"author":[{"embeddable":true,"href":"https:\/\/aguaslindasnoticias.com.br\/index.php\/wp-json\/wp\/v2\/users\/1"}],"replies":[{"embeddable":true,"href":"https:\/\/aguaslindasnoticias.com.br\/index.php\/wp-json\/wp\/v2\/comments?post=6611"}],"version-history":[{"count":1,"href":"https:\/\/aguaslindasnoticias.com.br\/index.php\/wp-json\/wp\/v2\/posts\/6611\/revisions"}],"predecessor-version":[{"id":6613,"href":"https:\/\/aguaslindasnoticias.com.br\/index.php\/wp-json\/wp\/v2\/posts\/6611\/revisions\/6613"}],"wp:attachment":[{"href":"https:\/\/aguaslindasnoticias.com.br\/index.php\/wp-json\/wp\/v2\/media?parent=6611"}],"wp:term":[{"taxonomy":"category","embeddable":true,"href":"https:\/\/aguaslindasnoticias.com.br\/index.php\/wp-json\/wp\/v2\/categories?post=6611"},{"taxonomy":"post_tag","embeddable":true,"href":"https:\/\/aguaslindasnoticias.com.br\/index.php\/wp-json\/wp\/v2\/tags?post=6611"}],"curies":[{"name":"wp","href":"https:\/\/api.w.org\/{rel}","templated":true}]}}